{"id":41137,"date":"2026-03-03T12:37:47","date_gmt":"2026-03-03T11:37:47","guid":{"rendered":"https:\/\/confederaciopenyes.cat\/la-pb-santa-eularia-des-riu-celebra-su-nueva-oficializacion\/"},"modified":"2026-03-03T12:42:36","modified_gmt":"2026-03-03T11:42:36","slug":"la-pb-santa-eularia-des-riu-celebra-su-nueva-oficializacion","status":"publish","type":"post","link":"https:\/\/confederaciopenyes.cat\/es\/la-pb-santa-eularia-des-riu-celebra-su-nueva-oficializacion\/","title":{"rendered":"La PB Santa Eul\u00e0ria des Riu celebra su nueva oficializaci\u00f3n"},"content":{"rendered":"\n<p>La localidad de Santa Eul\u00e0ria des Riu, en la isla de Ibiza, vuelve a contar con una pe\u00f1a barcelonista oficial. Se trata de la <strong>Pe\u00f1a Blaugrana de Santa Eul\u00e0ria des Riu<\/strong>, perteneciente a la<strong><a href=\"https:\/\/x.com\/fpenyesfcbib\" target=\"_blank\" rel=\"noreferrer noopener\"> Federaci\u00f3 de Penyes de les Illes Balears<\/a><\/strong>, que organiz\u00f3 una celebraci\u00f3n especial para conmemorar esta nueva<strong> oficializaci\u00f3n tras unos a\u00f1os de inactividad<\/strong>. El acto, celebrado en el restaurante Can Cosmi, reuni\u00f3 a numerosos miembros de la pe\u00f1a, encabezados por el presidente de la entidad, <strong>Pere Juan Rubiales<\/strong>. Tambi\u00e9n asistieron <strong>\u00d3scar Escoda<\/strong>, presidente de la Federaci\u00f3 de Penyes de les Illes Balears, y <strong>Joan Josep Estella<\/strong>, exjugador del FC Barcelona.   <\/p>\n\n<p>La celebraci\u00f3n transcurri\u00f3 en un <strong>ambiente muy festivo y lleno de pasi\u00f3n barcelonista<\/strong>, demostrando que el esp\u00edritu cul\u00e9 se mantiene totalmente vivo en la isla de Ibiza. De este modo, la PB Santa Eul\u00e0ria des Riu, que fue<strong> fundada en 1992<\/strong>, vuelve a contar con un espacio estable de encuentro para sus actos y actividades. Actualmente, <strong>cuenta con unos 350 pe\u00f1istas<\/strong>, destacando la creciente presencia de j\u00f3venes y ni\u00f1os. Tras conmemorar esta reoficializaci\u00f3n, <strong>la entidad barcelonista ya piensa en la organizaci\u00f3n de nuevas actividades y viajes para sus miembros<\/strong>.   <\/p>\n\n<p><\/p>\n","protected":false},"excerpt":{"rendered":"<p>La localidad de Santa Eul\u00e0ria des Riu, en la isla de Ibiza, vuelve a contar con una pe\u00f1a barcelonista oficial. Se trata de la Pe\u00f1a Blaugrana de Santa Eul\u00e0ria des Riu, perteneciente a la Federaci\u00f3 de Penyes de les Illes Balears, que organiz\u00f3 una celebraci\u00f3n especial para conmemorar esta nueva oficializaci\u00f3n tras unos a\u00f1os de &#8230; <a title=\"La PB Santa Eul\u00e0ria des Riu celebra su nueva oficializaci\u00f3n\" class=\"read-more\" href=\"https:\/\/confederaciopenyes.cat\/es\/la-pb-santa-eularia-des-riu-celebra-su-nueva-oficializacion\/\" aria-label=\"Leer m\u00e1s sobre La PB Santa Eul\u00e0ria des Riu celebra su nueva oficializaci\u00f3n\">Leer m\u00e1s<\/a><\/p>\n","protected":false},"author":4,"featured_media":41133,"comment_status":"closed","ping_status":"open","sticky":false,"template":"","format":"standard","meta":{"_acf_changed":false,"footnotes":""},"categories":[1],"tags":[2594,3440,2595,4222,2555],"class_list":["post-41137","post","type-post","status-publish","format-standard","has-post-thumbnail","hentry","category-noticias-es","tag-confederacio-mundial-de-penyes-es-3","tag-federacio-illes-balears-es","tag-noticias-es-2","tag-pb-santa-eularia-des-riu-es","tag-penas-es"],"acf":[],"yoast_head":"<!-- This site is optimized with the Yoast SEO Premium plugin v26.7 (Yoast SEO v27.5) - https:\/\/yoast.com\/product\/yoast-seo-premium-wordpress\/ -->\n<title>La PB Santa Eul\u00e0ria des Riu celebra su nueva oficializaci\u00f3n - Confederaci\u00f3 Mundial de Penyes del FC Barcelona<\/title>\n<meta name=\"description\" content=\"La PB Santa Eul\u00e0ria des Riu conmemor\u00f3 su nueva oficializaci\u00f3n con la presencia de sus pe\u00f1istas y en un gran ambiente barcelonista\" \/>\n<meta name=\"robots\" content=\"index, follow, max-snippet:-1, max-image-preview:large, max-video-preview:-1\" \/>\n<link rel=\"canonical\" href=\"https:\/\/confederaciopenyes.cat\/es\/la-pb-santa-eularia-des-riu-celebra-su-nueva-oficializacion\/\" \/>\n<meta property=\"og:locale\" content=\"es_ES\" \/>\n<meta property=\"og:type\" content=\"article\" \/>\n<meta property=\"og:title\" content=\"La PB Santa Eul\u00e0ria des Riu celebra su nueva oficializaci\u00f3n\" \/>\n<meta property=\"og:description\" content=\"La PB Santa Eul\u00e0ria des Riu conmemor\u00f3 su nueva oficializaci\u00f3n con la presencia de sus pe\u00f1istas y en un gran ambiente barcelonista\" \/>\n<meta property=\"og:url\" content=\"https:\/\/confederaciopenyes.cat\/es\/la-pb-santa-eularia-des-riu-celebra-su-nueva-oficializacion\/\" \/>\n<meta property=\"og:site_name\" content=\"Confederaci\u00f3 Mundial de Penyes del FC Barcelona\" \/>\n<meta property=\"article:publisher\" content=\"https:\/\/www.facebook.com\/ConfederacioMundialPenyesFCB\" \/>\n<meta property=\"article:published_time\" content=\"2026-03-03T11:37:47+00:00\" \/>\n<meta property=\"article:modified_time\" content=\"2026-03-03T11:42:36+00:00\" \/>\n<meta property=\"og:image\" content=\"https:\/\/confederaciopenyes.cat\/wp-content\/uploads\/2026\/03\/PHOTO-2026-02-21-14-04-29-e1771781532652.jpg\" \/>\n\t<meta property=\"og:image:width\" content=\"936\" \/>\n\t<meta property=\"og:image:height\" content=\"451\" \/>\n\t<meta property=\"og:image:type\" content=\"image\/jpeg\" \/>\n<meta name=\"author\" content=\"Confederaci\u00f3 Mundial de Penyes del FC Barcelona\" \/>\n<meta name=\"twitter:card\" content=\"summary_large_image\" \/>\n<meta name=\"twitter:creator\" content=\"@ConfePenyesFCB\" \/>\n<meta name=\"twitter:site\" content=\"@ConfePenyesFCB\" \/>\n<meta name=\"twitter:label1\" content=\"Escrito por\" \/>\n\t<meta name=\"twitter:data1\" content=\"Confederaci\u00f3 Mundial de Penyes del FC Barcelona\" \/>\n\t<meta name=\"twitter:label2\" content=\"Tiempo de lectura\" \/>\n\t<meta name=\"twitter:data2\" content=\"2 minutos\" \/>\n<script type=\"application\/ld+json\" class=\"yoast-schema-graph\">{\"@context\":\"https:\\\/\\\/schema.org\",\"@graph\":[{\"@type\":\"Article\",\"@id\":\"https:\\\/\\\/confederaciopenyes.cat\\\/es\\\/la-pb-santa-eularia-des-riu-celebra-su-nueva-oficializacion\\\/#article\",\"isPartOf\":{\"@id\":\"https:\\\/\\\/confederaciopenyes.cat\\\/es\\\/la-pb-santa-eularia-des-riu-celebra-su-nueva-oficializacion\\\/\"},\"author\":{\"name\":\"Confederaci\u00f3 Mundial de Penyes del FC Barcelona\",\"@id\":\"https:\\\/\\\/confederaciopenyes.cat\\\/es\\\/#\\\/schema\\\/person\\\/337072f6daef87a85aa59aa1f134387c\"},\"headline\":\"La PB Santa Eul\u00e0ria des Riu celebra su nueva oficializaci\u00f3n\",\"datePublished\":\"2026-03-03T11:37:47+00:00\",\"dateModified\":\"2026-03-03T11:42:36+00:00\",\"mainEntityOfPage\":{\"@id\":\"https:\\\/\\\/confederaciopenyes.cat\\\/es\\\/la-pb-santa-eularia-des-riu-celebra-su-nueva-oficializacion\\\/\"},\"wordCount\":220,\"publisher\":{\"@id\":\"https:\\\/\\\/confederaciopenyes.cat\\\/es\\\/#organization\"},\"image\":{\"@id\":\"https:\\\/\\\/confederaciopenyes.cat\\\/es\\\/la-pb-santa-eularia-des-riu-celebra-su-nueva-oficializacion\\\/#primaryimage\"},\"thumbnailUrl\":\"https:\\\/\\\/confederaciopenyes.cat\\\/wp-content\\\/uploads\\\/2026\\\/03\\\/PHOTO-2026-02-21-14-04-29-e1771781532652.jpg\",\"keywords\":[\"confederaci\u00f3 mundial de penyes\",\"federaci\u00f3 Illes Balears\",\"noticias\",\"PB Santa Eul\u00e0ria des Riu\",\"pe\u00f1as\"],\"articleSection\":[\"Noticias\"],\"inLanguage\":\"es\"},{\"@type\":\"WebPage\",\"@id\":\"https:\\\/\\\/confederaciopenyes.cat\\\/es\\\/la-pb-santa-eularia-des-riu-celebra-su-nueva-oficializacion\\\/\",\"url\":\"https:\\\/\\\/confederaciopenyes.cat\\\/es\\\/la-pb-santa-eularia-des-riu-celebra-su-nueva-oficializacion\\\/\",\"name\":\"La PB Santa Eul\u00e0ria des Riu celebra su nueva oficializaci\u00f3n - Confederaci\u00f3 Mundial de Penyes del FC Barcelona\",\"isPartOf\":{\"@id\":\"https:\\\/\\\/confederaciopenyes.cat\\\/es\\\/#website\"},\"primaryImageOfPage\":{\"@id\":\"https:\\\/\\\/confederaciopenyes.cat\\\/es\\\/la-pb-santa-eularia-des-riu-celebra-su-nueva-oficializacion\\\/#primaryimage\"},\"image\":{\"@id\":\"https:\\\/\\\/confederaciopenyes.cat\\\/es\\\/la-pb-santa-eularia-des-riu-celebra-su-nueva-oficializacion\\\/#primaryimage\"},\"thumbnailUrl\":\"https:\\\/\\\/confederaciopenyes.cat\\\/wp-content\\\/uploads\\\/2026\\\/03\\\/PHOTO-2026-02-21-14-04-29-e1771781532652.jpg\",\"datePublished\":\"2026-03-03T11:37:47+00:00\",\"dateModified\":\"2026-03-03T11:42:36+00:00\",\"description\":\"La PB Santa Eul\u00e0ria des Riu conmemor\u00f3 su nueva oficializaci\u00f3n con la presencia de sus pe\u00f1istas y en un gran ambiente barcelonista\",\"breadcrumb\":{\"@id\":\"https:\\\/\\\/confederaciopenyes.cat\\\/es\\\/la-pb-santa-eularia-des-riu-celebra-su-nueva-oficializacion\\\/#breadcrumb\"},\"inLanguage\":\"es\",\"potentialAction\":[{\"@type\":\"ReadAction\",\"target\":[\"https:\\\/\\\/confederaciopenyes.cat\\\/es\\\/la-pb-santa-eularia-des-riu-celebra-su-nueva-oficializacion\\\/\"]}]},{\"@type\":\"ImageObject\",\"inLanguage\":\"es\",\"@id\":\"https:\\\/\\\/confederaciopenyes.cat\\\/es\\\/la-pb-santa-eularia-des-riu-celebra-su-nueva-oficializacion\\\/#primaryimage\",\"url\":\"https:\\\/\\\/confederaciopenyes.cat\\\/wp-content\\\/uploads\\\/2026\\\/03\\\/PHOTO-2026-02-21-14-04-29-e1771781532652.jpg\",\"contentUrl\":\"https:\\\/\\\/confederaciopenyes.cat\\\/wp-content\\\/uploads\\\/2026\\\/03\\\/PHOTO-2026-02-21-14-04-29-e1771781532652.jpg\",\"width\":936,\"height\":451},{\"@type\":\"BreadcrumbList\",\"@id\":\"https:\\\/\\\/confederaciopenyes.cat\\\/es\\\/la-pb-santa-eularia-des-riu-celebra-su-nueva-oficializacion\\\/#breadcrumb\",\"itemListElement\":[{\"@type\":\"ListItem\",\"position\":1,\"name\":\"Inici\",\"item\":\"https:\\\/\\\/confederaciopenyes.cat\\\/es\\\/\"},{\"@type\":\"ListItem\",\"position\":2,\"name\":\"La PB Santa Eul\u00e0ria des Riu celebra su nueva oficializaci\u00f3n\"}]},{\"@type\":\"WebSite\",\"@id\":\"https:\\\/\\\/confederaciopenyes.cat\\\/es\\\/#website\",\"url\":\"https:\\\/\\\/confederaciopenyes.cat\\\/es\\\/\",\"name\":\"Confederaci\u00f3 Mundial de Penyes del FC Barcelona\",\"description\":\"C.M. Penyes FC Barcelona\",\"publisher\":{\"@id\":\"https:\\\/\\\/confederaciopenyes.cat\\\/es\\\/#organization\"},\"potentialAction\":[{\"@type\":\"SearchAction\",\"target\":{\"@type\":\"EntryPoint\",\"urlTemplate\":\"https:\\\/\\\/confederaciopenyes.cat\\\/es\\\/?s={search_term_string}\"},\"query-input\":{\"@type\":\"PropertyValueSpecification\",\"valueRequired\":true,\"valueName\":\"search_term_string\"}}],\"inLanguage\":\"es\"},{\"@type\":\"Organization\",\"@id\":\"https:\\\/\\\/confederaciopenyes.cat\\\/es\\\/#organization\",\"name\":\"Confederaci\u00f3 Mundial de Penyes del FC Barcelona\",\"url\":\"https:\\\/\\\/confederaciopenyes.cat\\\/es\\\/\",\"logo\":{\"@type\":\"ImageObject\",\"inLanguage\":\"es\",\"@id\":\"https:\\\/\\\/confederaciopenyes.cat\\\/es\\\/#\\\/schema\\\/logo\\\/image\\\/\",\"url\":\"https:\\\/\\\/confederaciopenyes.cat\\\/wp-content\\\/uploads\\\/2022\\\/07\\\/cropped-logo_horizontal.png\",\"contentUrl\":\"https:\\\/\\\/confederaciopenyes.cat\\\/wp-content\\\/uploads\\\/2022\\\/07\\\/cropped-logo_horizontal.png\",\"width\":1320,\"height\":309,\"caption\":\"Confederaci\u00f3 Mundial de Penyes del FC Barcelona\"},\"image\":{\"@id\":\"https:\\\/\\\/confederaciopenyes.cat\\\/es\\\/#\\\/schema\\\/logo\\\/image\\\/\"},\"sameAs\":[\"https:\\\/\\\/www.facebook.com\\\/ConfederacioMundialPenyesFCB\",\"https:\\\/\\\/x.com\\\/ConfePenyesFCB\",\"https:\\\/\\\/www.instagram.com\\\/confepenyesfcb\\\/\"]},{\"@type\":\"Person\",\"@id\":\"https:\\\/\\\/confederaciopenyes.cat\\\/es\\\/#\\\/schema\\\/person\\\/337072f6daef87a85aa59aa1f134387c\",\"name\":\"Confederaci\u00f3 Mundial de Penyes del FC Barcelona\",\"image\":{\"@type\":\"ImageObject\",\"inLanguage\":\"es\",\"@id\":\"https:\\\/\\\/secure.gravatar.com\\\/avatar\\\/98c60c7405ff843b10aec55db652bd3f5cb4320ef331ae76c156819a62194328?s=96&d=mm&r=g\",\"url\":\"https:\\\/\\\/secure.gravatar.com\\\/avatar\\\/98c60c7405ff843b10aec55db652bd3f5cb4320ef331ae76c156819a62194328?s=96&d=mm&r=g\",\"contentUrl\":\"https:\\\/\\\/secure.gravatar.com\\\/avatar\\\/98c60c7405ff843b10aec55db652bd3f5cb4320ef331ae76c156819a62194328?s=96&d=mm&r=g\",\"caption\":\"Confederaci\u00f3 Mundial de Penyes del FC Barcelona\"},\"url\":\"https:\\\/\\\/confederaciopenyes.cat\\\/es\\\/author\\\/comunicacioconfederaciopenyes-cat\\\/\"}]}<\/script>\n<!-- \/ Yoast SEO Premium plugin. -->","yoast_head_json":{"title":"La PB Santa Eul\u00e0ria des Riu celebra su nueva oficializaci\u00f3n - Confederaci\u00f3 Mundial de Penyes del FC Barcelona","description":"La PB Santa Eul\u00e0ria des Riu conmemor\u00f3 su nueva oficializaci\u00f3n con la presencia de sus pe\u00f1istas y en un gran ambiente barcelonista","robots":{"index":"index","follow":"follow","max-snippet":"max-snippet:-1","max-image-preview":"max-image-preview:large","max-video-preview":"max-video-preview:-1"},"canonical":"https:\/\/confederaciopenyes.cat\/es\/la-pb-santa-eularia-des-riu-celebra-su-nueva-oficializacion\/","og_locale":"es_ES","og_type":"article","og_title":"La PB Santa Eul\u00e0ria des Riu celebra su nueva oficializaci\u00f3n","og_description":"La PB Santa Eul\u00e0ria des Riu conmemor\u00f3 su nueva oficializaci\u00f3n con la presencia de sus pe\u00f1istas y en un gran ambiente barcelonista","og_url":"https:\/\/confederaciopenyes.cat\/es\/la-pb-santa-eularia-des-riu-celebra-su-nueva-oficializacion\/","og_site_name":"Confederaci\u00f3 Mundial de Penyes del FC Barcelona","article_publisher":"https:\/\/www.facebook.com\/ConfederacioMundialPenyesFCB","article_published_time":"2026-03-03T11:37:47+00:00","article_modified_time":"2026-03-03T11:42:36+00:00","og_image":[{"width":936,"height":451,"url":"https:\/\/confederaciopenyes.cat\/wp-content\/uploads\/2026\/03\/PHOTO-2026-02-21-14-04-29-e1771781532652.jpg","type":"image\/jpeg"}],"author":"Confederaci\u00f3 Mundial de Penyes del FC Barcelona","twitter_card":"summary_large_image","twitter_creator":"@ConfePenyesFCB","twitter_site":"@ConfePenyesFCB","twitter_misc":{"Escrito por":"Confederaci\u00f3 Mundial de Penyes del FC Barcelona","Tiempo de lectura":"2 minutos"},"schema":{"@context":"https:\/\/schema.org","@graph":[{"@type":"Article","@id":"https:\/\/confederaciopenyes.cat\/es\/la-pb-santa-eularia-des-riu-celebra-su-nueva-oficializacion\/#article","isPartOf":{"@id":"https:\/\/confederaciopenyes.cat\/es\/la-pb-santa-eularia-des-riu-celebra-su-nueva-oficializacion\/"},"author":{"name":"Confederaci\u00f3 Mundial de Penyes del FC Barcelona","@id":"https:\/\/confederaciopenyes.cat\/es\/#\/schema\/person\/337072f6daef87a85aa59aa1f134387c"},"headline":"La PB Santa Eul\u00e0ria des Riu celebra su nueva oficializaci\u00f3n","datePublished":"2026-03-03T11:37:47+00:00","dateModified":"2026-03-03T11:42:36+00:00","mainEntityOfPage":{"@id":"https:\/\/confederaciopenyes.cat\/es\/la-pb-santa-eularia-des-riu-celebra-su-nueva-oficializacion\/"},"wordCount":220,"publisher":{"@id":"https:\/\/confederaciopenyes.cat\/es\/#organization"},"image":{"@id":"https:\/\/confederaciopenyes.cat\/es\/la-pb-santa-eularia-des-riu-celebra-su-nueva-oficializacion\/#primaryimage"},"thumbnailUrl":"https:\/\/confederaciopenyes.cat\/wp-content\/uploads\/2026\/03\/PHOTO-2026-02-21-14-04-29-e1771781532652.jpg","keywords":["confederaci\u00f3 mundial de penyes","federaci\u00f3 Illes Balears","noticias","PB Santa Eul\u00e0ria des Riu","pe\u00f1as"],"articleSection":["Noticias"],"inLanguage":"es"},{"@type":"WebPage","@id":"https:\/\/confederaciopenyes.cat\/es\/la-pb-santa-eularia-des-riu-celebra-su-nueva-oficializacion\/","url":"https:\/\/confederaciopenyes.cat\/es\/la-pb-santa-eularia-des-riu-celebra-su-nueva-oficializacion\/","name":"La PB Santa Eul\u00e0ria des Riu celebra su nueva oficializaci\u00f3n - Confederaci\u00f3 Mundial de Penyes del FC Barcelona","isPartOf":{"@id":"https:\/\/confederaciopenyes.cat\/es\/#website"},"primaryImageOfPage":{"@id":"https:\/\/confederaciopenyes.cat\/es\/la-pb-santa-eularia-des-riu-celebra-su-nueva-oficializacion\/#primaryimage"},"image":{"@id":"https:\/\/confederaciopenyes.cat\/es\/la-pb-santa-eularia-des-riu-celebra-su-nueva-oficializacion\/#primaryimage"},"thumbnailUrl":"https:\/\/confederaciopenyes.cat\/wp-content\/uploads\/2026\/03\/PHOTO-2026-02-21-14-04-29-e1771781532652.jpg","datePublished":"2026-03-03T11:37:47+00:00","dateModified":"2026-03-03T11:42:36+00:00","description":"La PB Santa Eul\u00e0ria des Riu conmemor\u00f3 su nueva oficializaci\u00f3n con la presencia de sus pe\u00f1istas y en un gran ambiente barcelonista","breadcrumb":{"@id":"https:\/\/confederaciopenyes.cat\/es\/la-pb-santa-eularia-des-riu-celebra-su-nueva-oficializacion\/#breadcrumb"},"inLanguage":"es","potentialAction":[{"@type":"ReadAction","target":["https:\/\/confederaciopenyes.cat\/es\/la-pb-santa-eularia-des-riu-celebra-su-nueva-oficializacion\/"]}]},{"@type":"ImageObject","inLanguage":"es","@id":"https:\/\/confederaciopenyes.cat\/es\/la-pb-santa-eularia-des-riu-celebra-su-nueva-oficializacion\/#primaryimage","url":"https:\/\/confederaciopenyes.cat\/wp-content\/uploads\/2026\/03\/PHOTO-2026-02-21-14-04-29-e1771781532652.jpg","contentUrl":"https:\/\/confederaciopenyes.cat\/wp-content\/uploads\/2026\/03\/PHOTO-2026-02-21-14-04-29-e1771781532652.jpg","width":936,"height":451},{"@type":"BreadcrumbList","@id":"https:\/\/confederaciopenyes.cat\/es\/la-pb-santa-eularia-des-riu-celebra-su-nueva-oficializacion\/#breadcrumb","itemListElement":[{"@type":"ListItem","position":1,"name":"Inici","item":"https:\/\/confederaciopenyes.cat\/es\/"},{"@type":"ListItem","position":2,"name":"La PB Santa Eul\u00e0ria des Riu celebra su nueva oficializaci\u00f3n"}]},{"@type":"WebSite","@id":"https:\/\/confederaciopenyes.cat\/es\/#website","url":"https:\/\/confederaciopenyes.cat\/es\/","name":"Confederaci\u00f3 Mundial de Penyes del FC Barcelona","description":"C.M. Penyes FC Barcelona","publisher":{"@id":"https:\/\/confederaciopenyes.cat\/es\/#organization"},"potentialAction":[{"@type":"SearchAction","target":{"@type":"EntryPoint","urlTemplate":"https:\/\/confederaciopenyes.cat\/es\/?s={search_term_string}"},"query-input":{"@type":"PropertyValueSpecification","valueRequired":true,"valueName":"search_term_string"}}],"inLanguage":"es"},{"@type":"Organization","@id":"https:\/\/confederaciopenyes.cat\/es\/#organization","name":"Confederaci\u00f3 Mundial de Penyes del FC Barcelona","url":"https:\/\/confederaciopenyes.cat\/es\/","logo":{"@type":"ImageObject","inLanguage":"es","@id":"https:\/\/confederaciopenyes.cat\/es\/#\/schema\/logo\/image\/","url":"https:\/\/confederaciopenyes.cat\/wp-content\/uploads\/2022\/07\/cropped-logo_horizontal.png","contentUrl":"https:\/\/confederaciopenyes.cat\/wp-content\/uploads\/2022\/07\/cropped-logo_horizontal.png","width":1320,"height":309,"caption":"Confederaci\u00f3 Mundial de Penyes del FC Barcelona"},"image":{"@id":"https:\/\/confederaciopenyes.cat\/es\/#\/schema\/logo\/image\/"},"sameAs":["https:\/\/www.facebook.com\/ConfederacioMundialPenyesFCB","https:\/\/x.com\/ConfePenyesFCB","https:\/\/www.instagram.com\/confepenyesfcb\/"]},{"@type":"Person","@id":"https:\/\/confederaciopenyes.cat\/es\/#\/schema\/person\/337072f6daef87a85aa59aa1f134387c","name":"Confederaci\u00f3 Mundial de Penyes del FC Barcelona","image":{"@type":"ImageObject","inLanguage":"es","@id":"https:\/\/secure.gravatar.com\/avatar\/98c60c7405ff843b10aec55db652bd3f5cb4320ef331ae76c156819a62194328?s=96&d=mm&r=g","url":"https:\/\/secure.gravatar.com\/avatar\/98c60c7405ff843b10aec55db652bd3f5cb4320ef331ae76c156819a62194328?s=96&d=mm&r=g","contentUrl":"https:\/\/secure.gravatar.com\/avatar\/98c60c7405ff843b10aec55db652bd3f5cb4320ef331ae76c156819a62194328?s=96&d=mm&r=g","caption":"Confederaci\u00f3 Mundial de Penyes del FC Barcelona"},"url":"https:\/\/confederaciopenyes.cat\/es\/author\/comunicacioconfederaciopenyes-cat\/"}]}},"_links":{"self":[{"href":"https:\/\/confederaciopenyes.cat\/es\/wp-json\/wp\/v2\/posts\/41137","targetHints":{"allow":["GET"]}}],"collection":[{"href":"https:\/\/confederaciopenyes.cat\/es\/wp-json\/wp\/v2\/posts"}],"about":[{"href":"https:\/\/confederaciopenyes.cat\/es\/wp-json\/wp\/v2\/types\/post"}],"author":[{"embeddable":true,"href":"https:\/\/confederaciopenyes.cat\/es\/wp-json\/wp\/v2\/users\/4"}],"replies":[{"embeddable":true,"href":"https:\/\/confederaciopenyes.cat\/es\/wp-json\/wp\/v2\/comments?post=41137"}],"version-history":[{"count":2,"href":"https:\/\/confederaciopenyes.cat\/es\/wp-json\/wp\/v2\/posts\/41137\/revisions"}],"predecessor-version":[{"id":41139,"href":"https:\/\/confederaciopenyes.cat\/es\/wp-json\/wp\/v2\/posts\/41137\/revisions\/41139"}],"wp:featuredmedia":[{"embeddable":true,"href":"https:\/\/confederaciopenyes.cat\/es\/wp-json\/wp\/v2\/media\/41133"}],"wp:attachment":[{"href":"https:\/\/confederaciopenyes.cat\/es\/wp-json\/wp\/v2\/media?parent=41137"}],"wp:term":[{"taxonomy":"category","embeddable":true,"href":"https:\/\/confederaciopenyes.cat\/es\/wp-json\/wp\/v2\/categories?post=41137"},{"taxonomy":"post_tag","embeddable":true,"href":"https:\/\/confederaciopenyes.cat\/es\/wp-json\/wp\/v2\/tags?post=41137"}],"curies":[{"name":"wp","href":"https:\/\/api.w.org\/{rel}","templated":true}]}}