{"id":4120,"date":"2022-09-29T11:33:02","date_gmt":"2022-09-29T09:33:02","guid":{"rendered":"https:\/\/confederaciopenyes.cat\/?p=4120"},"modified":"2022-09-29T12:26:27","modified_gmt":"2022-09-29T10:26:27","slug":"31a-trobada-valles-jornada-repleta-de-actividades","status":"publish","type":"post","link":"https:\/\/confederaciopenyes.cat\/es\/31a-trobada-valles-jornada-repleta-de-actividades\/","title":{"rendered":"La 31\u00aa Trobada de Penyes del Vall\u00e8s vivi\u00f3 una jornada repleta de actividades\u00a0"},"content":{"rendered":"\n<p><strong>Un centenar de pe\u00f1istas<\/strong> en representaci\u00f3n de una veintena de pe\u00f1as barcelonistas se congregaron el pasado s\u00e1bado en la localidad de <strong>Llinars del Vall\u00e8s<\/strong> con motivo de la <strong>31\u00aa Trobada de Penyes Barcelonistes del Vall\u00e8s<\/strong>. El evento, que tambi\u00e9n conmemor\u00f3 el <strong>25\u00ba aniversario<\/strong> de la pe\u00f1a local, la <strong>Penya Barcelonista de Llinars del Vall\u00e8s<\/strong>, incluy\u00f3 una gran variedad de actividades y demostr\u00f3 el fuerte sentimiento culer presente en el territorio que abarca la <strong><a href=\"https:\/\/twitter.com\/FcbValles\" target=\"_blank\" rel=\"noreferrer noopener\">Federaci\u00f3 de Penyes del Vall\u00e8s<\/a><\/strong>.&nbsp;<\/p>\n\n\n\n<h6 class=\"wp-block-heading\"><strong>Actividades para todas las edades<\/strong>&nbsp;<\/h6>\n\n\n\n<p>Las celebraciones ya empezaron el jueves con la conferencia <strong>\u00abBar\u00e7a i Catalunya. Els or\u00edgens de la simbiosi\u00bb<\/strong> albergada por la PB Llinars del Vall\u00e8s, que supuso la <strong><a href=\"https:\/\/confederaciopenyes.cat\/es\/las-conferencias-barca-i-catalunya-alcanzan-las-100-representaciones\/\" target=\"_blank\" rel=\"noreferrer noopener\">representaci\u00f3n n\u00famero 100<\/a> de este ciclo impulsado por la Confederaci\u00f3 Mundial de Penyes<\/strong>.&nbsp;&nbsp;<\/p>\n\n\n\n<p>El s\u00e1bado, tras la bienvenida oficial, el nutrido programa de la Trobada incluy\u00f3 actividades como el <strong>torneo de eSports<\/strong> para los m\u00e1s j\u00f3venes y el siempre emocionante <strong>torneo de futbol\u00edn<\/strong>. Tambi\u00e9n hubo espacio para una mesa redonda dedicada a las secciones del FC Barcelona, en la que participaron, entre otros,<strong> Milan Kalina<\/strong>, exjugador de balonmano, y<strong> Flor de Luna Pina<\/strong>, exjugadora de f\u00fatbol femenino.&nbsp;<\/p>\n\n\n\n<p>Al mediod\u00eda, despu\u00e9s de los <strong>bailes de \u201cgegants\u201d y \u201ccapgrossos\u201d<\/strong>, tuvo lugar la comida de fraternidad con todos los asistentes a la Trobada de Penyes del Vall\u00e8s. Entre ellos, destac\u00f3 la presencia de <strong>Antoni Guil<\/strong>, presidente de la Confederaci\u00f3 Mundial de Penyes; <strong>Joan Gim\u00e9nez<\/strong>, miembro del Consell de Penyes; <strong>Josep Calvera<\/strong>, presidente de la PB Llinars del Vall\u00e8s; y <strong>Mart\u00ed Pujol<\/strong>, alcalde de la localidad vallesana.&nbsp;<\/p>\n\n\n\n<figure class=\"wp-block-gallery has-nested-images columns-default is-cropped wp-block-gallery-1 is-layout-flex wp-block-gallery-is-layout-flex\">\n<figure class=\"wp-block-image size-large is-style-default\"><img decoding=\"async\" width=\"1024\" height=\"682\" data-id=\"4153\" data-src=\"https:\/\/confederaciopenyes.cat\/wp-content\/uploads\/2022\/09\/lfs_59690_52382331186_o-1-1024x682.jpg\" alt=\"\" class=\"wp-image-4153 lazyload\" data-srcset=\"https:\/\/confederaciopenyes.cat\/wp-content\/uploads\/2022\/09\/lfs_59690_52382331186_o-1-1024x682.jpg 1024w, https:\/\/confederaciopenyes.cat\/wp-content\/uploads\/2022\/09\/lfs_59690_52382331186_o-1-300x200.jpg 300w, https:\/\/confederaciopenyes.cat\/wp-content\/uploads\/2022\/09\/lfs_59690_52382331186_o-1-768x512.jpg 768w, https:\/\/confederaciopenyes.cat\/wp-content\/uploads\/2022\/09\/lfs_59690_52382331186_o-1-1536x1024.jpg 1536w, https:\/\/confederaciopenyes.cat\/wp-content\/uploads\/2022\/09\/lfs_59690_52382331186_o-1.jpg 2000w\" data-sizes=\"(max-width: 1024px) 100vw, 1024px\" src=\"data:image\/svg+xml;base64,PHN2ZyB3aWR0aD0iMSIgaGVpZ2h0PSIxIiB4bWxucz0iaHR0cDovL3d3dy53My5vcmcvMjAwMC9zdmciPjwvc3ZnPg==\" style=\"--smush-placeholder-width: 1024px; --smush-placeholder-aspect-ratio: 1024\/682;\" \/><\/figure>\n\n\n\n<figure class=\"wp-block-image size-large\"><a href=\"https:\/\/confederaciopenyes.cat\/wp-content\/uploads\/2022\/09\/Trobada-Valles-2-1.jpg\"><img decoding=\"async\" width=\"1024\" height=\"682\" data-id=\"4123\" data-src=\"https:\/\/confederaciopenyes.cat\/wp-content\/uploads\/2022\/09\/Trobada-Valles-2-1-1024x682.jpg\" alt=\"\" class=\"wp-image-4123 lazyload\" data-srcset=\"https:\/\/confederaciopenyes.cat\/wp-content\/uploads\/2022\/09\/Trobada-Valles-2-1-1024x682.jpg 1024w, https:\/\/confederaciopenyes.cat\/wp-content\/uploads\/2022\/09\/Trobada-Valles-2-1-300x200.jpg 300w, https:\/\/confederaciopenyes.cat\/wp-content\/uploads\/2022\/09\/Trobada-Valles-2-1-768x512.jpg 768w, https:\/\/confederaciopenyes.cat\/wp-content\/uploads\/2022\/09\/Trobada-Valles-2-1-1536x1024.jpg 1536w, https:\/\/confederaciopenyes.cat\/wp-content\/uploads\/2022\/09\/Trobada-Valles-2-1.jpg 2000w\" data-sizes=\"(max-width: 1024px) 100vw, 1024px\" src=\"data:image\/svg+xml;base64,PHN2ZyB3aWR0aD0iMSIgaGVpZ2h0PSIxIiB4bWxucz0iaHR0cDovL3d3dy53My5vcmcvMjAwMC9zdmciPjwvc3ZnPg==\" style=\"--smush-placeholder-width: 1024px; --smush-placeholder-aspect-ratio: 1024\/682;\" \/><\/a><\/figure>\n\n\n\n<figure class=\"wp-block-image size-large\"><a href=\"https:\/\/confederaciopenyes.cat\/wp-content\/uploads\/2022\/09\/Trobada-Valles-4-1.jpg\"><img decoding=\"async\" width=\"1024\" height=\"622\" data-id=\"4122\" data-src=\"https:\/\/confederaciopenyes.cat\/wp-content\/uploads\/2022\/09\/Trobada-Valles-4-1-1024x622.jpg\" alt=\"\" class=\"wp-image-4122 lazyload\" data-srcset=\"https:\/\/confederaciopenyes.cat\/wp-content\/uploads\/2022\/09\/Trobada-Valles-4-1-1024x622.jpg 1024w, https:\/\/confederaciopenyes.cat\/wp-content\/uploads\/2022\/09\/Trobada-Valles-4-1-300x182.jpg 300w, https:\/\/confederaciopenyes.cat\/wp-content\/uploads\/2022\/09\/Trobada-Valles-4-1-768x467.jpg 768w, https:\/\/confederaciopenyes.cat\/wp-content\/uploads\/2022\/09\/Trobada-Valles-4-1-1536x934.jpg 1536w, https:\/\/confederaciopenyes.cat\/wp-content\/uploads\/2022\/09\/Trobada-Valles-4-1.jpg 1652w\" data-sizes=\"(max-width: 1024px) 100vw, 1024px\" src=\"data:image\/svg+xml;base64,PHN2ZyB3aWR0aD0iMSIgaGVpZ2h0PSIxIiB4bWxucz0iaHR0cDovL3d3dy53My5vcmcvMjAwMC9zdmciPjwvc3ZnPg==\" style=\"--smush-placeholder-width: 1024px; --smush-placeholder-aspect-ratio: 1024\/622;\" \/><\/a><\/figure>\n\n\n\n<figure class=\"wp-block-image size-large\"><a href=\"https:\/\/confederaciopenyes.cat\/wp-content\/uploads\/2022\/09\/WhatsApp-Image-2022-09-27-at-10.04.39-2-1-1.jpeg\"><img decoding=\"async\" width=\"733\" height=\"550\" data-id=\"4152\" data-src=\"https:\/\/confederaciopenyes.cat\/wp-content\/uploads\/2022\/09\/WhatsApp-Image-2022-09-27-at-10.04.39-2-1-1-edited.jpeg\" alt=\"\" class=\"wp-image-4152 lazyload\" data-srcset=\"https:\/\/confederaciopenyes.cat\/wp-content\/uploads\/2022\/09\/WhatsApp-Image-2022-09-27-at-10.04.39-2-1-1-edited.jpeg 733w, https:\/\/confederaciopenyes.cat\/wp-content\/uploads\/2022\/09\/WhatsApp-Image-2022-09-27-at-10.04.39-2-1-1-edited-300x225.jpeg 300w\" data-sizes=\"(max-width: 733px) 100vw, 733px\" src=\"data:image\/svg+xml;base64,PHN2ZyB3aWR0aD0iMSIgaGVpZ2h0PSIxIiB4bWxucz0iaHR0cDovL3d3dy53My5vcmcvMjAwMC9zdmciPjwvc3ZnPg==\" style=\"--smush-placeholder-width: 733px; --smush-placeholder-aspect-ratio: 733\/550;\" \/><\/a><\/figure>\n\n\n\n<figure class=\"wp-block-image size-large is-style-default\"><img decoding=\"async\" width=\"1024\" height=\"768\" data-id=\"4150\" data-src=\"https:\/\/confederaciopenyes.cat\/wp-content\/uploads\/2022\/09\/lfs_59635_52382331771_o-1-1024x768.jpg\" alt=\"\" class=\"wp-image-4150 lazyload\" data-srcset=\"https:\/\/confederaciopenyes.cat\/wp-content\/uploads\/2022\/09\/lfs_59635_52382331771_o-1-1024x768.jpg 1024w, https:\/\/confederaciopenyes.cat\/wp-content\/uploads\/2022\/09\/lfs_59635_52382331771_o-1-300x225.jpg 300w, https:\/\/confederaciopenyes.cat\/wp-content\/uploads\/2022\/09\/lfs_59635_52382331771_o-1-768x576.jpg 768w, https:\/\/confederaciopenyes.cat\/wp-content\/uploads\/2022\/09\/lfs_59635_52382331771_o-1-1536x1152.jpg 1536w, https:\/\/confederaciopenyes.cat\/wp-content\/uploads\/2022\/09\/lfs_59635_52382331771_o-1.jpg 2000w\" data-sizes=\"(max-width: 1024px) 100vw, 1024px\" src=\"data:image\/svg+xml;base64,PHN2ZyB3aWR0aD0iMSIgaGVpZ2h0PSIxIiB4bWxucz0iaHR0cDovL3d3dy53My5vcmcvMjAwMC9zdmciPjwvc3ZnPg==\" style=\"--smush-placeholder-width: 1024px; --smush-placeholder-aspect-ratio: 1024\/768;\" \/><\/figure>\n\n\n\n<figure class=\"wp-block-image size-large is-style-default\"><img decoding=\"async\" width=\"1024\" height=\"682\" data-id=\"4151\" data-src=\"https:\/\/confederaciopenyes.cat\/wp-content\/uploads\/2022\/09\/lfs_59646_52382331836_o-1-1024x682.jpg\" alt=\"\" class=\"wp-image-4151 lazyload\" data-srcset=\"https:\/\/confederaciopenyes.cat\/wp-content\/uploads\/2022\/09\/lfs_59646_52382331836_o-1-1024x682.jpg 1024w, https:\/\/confederaciopenyes.cat\/wp-content\/uploads\/2022\/09\/lfs_59646_52382331836_o-1-300x200.jpg 300w, https:\/\/confederaciopenyes.cat\/wp-content\/uploads\/2022\/09\/lfs_59646_52382331836_o-1-768x512.jpg 768w, https:\/\/confederaciopenyes.cat\/wp-content\/uploads\/2022\/09\/lfs_59646_52382331836_o-1-1536x1024.jpg 1536w, https:\/\/confederaciopenyes.cat\/wp-content\/uploads\/2022\/09\/lfs_59646_52382331836_o-1.jpg 2000w\" data-sizes=\"(max-width: 1024px) 100vw, 1024px\" src=\"data:image\/svg+xml;base64,PHN2ZyB3aWR0aD0iMSIgaGVpZ2h0PSIxIiB4bWxucz0iaHR0cDovL3d3dy53My5vcmcvMjAwMC9zdmciPjwvc3ZnPg==\" style=\"--smush-placeholder-width: 1024px; --smush-placeholder-aspect-ratio: 1024\/682;\" \/><\/figure>\n\n\n\n<figure class=\"wp-block-image size-large is-style-default\"><img decoding=\"async\" width=\"1024\" height=\"682\" data-id=\"4147\" data-src=\"https:\/\/confederaciopenyes.cat\/wp-content\/uploads\/2022\/09\/lfs_59580_52382644739_o-1-1024x682.jpg\" alt=\"\" class=\"wp-image-4147 lazyload\" data-srcset=\"https:\/\/confederaciopenyes.cat\/wp-content\/uploads\/2022\/09\/lfs_59580_52382644739_o-1-1024x682.jpg 1024w, https:\/\/confederaciopenyes.cat\/wp-content\/uploads\/2022\/09\/lfs_59580_52382644739_o-1-300x200.jpg 300w, https:\/\/confederaciopenyes.cat\/wp-content\/uploads\/2022\/09\/lfs_59580_52382644739_o-1-768x512.jpg 768w, https:\/\/confederaciopenyes.cat\/wp-content\/uploads\/2022\/09\/lfs_59580_52382644739_o-1-1536x1024.jpg 1536w, https:\/\/confederaciopenyes.cat\/wp-content\/uploads\/2022\/09\/lfs_59580_52382644739_o-1.jpg 2000w\" data-sizes=\"(max-width: 1024px) 100vw, 1024px\" src=\"data:image\/svg+xml;base64,PHN2ZyB3aWR0aD0iMSIgaGVpZ2h0PSIxIiB4bWxucz0iaHR0cDovL3d3dy53My5vcmcvMjAwMC9zdmciPjwvc3ZnPg==\" style=\"--smush-placeholder-width: 1024px; --smush-placeholder-aspect-ratio: 1024\/682;\" \/><\/figure>\n\n\n\n<figure class=\"wp-block-image size-large is-style-default\"><img decoding=\"async\" width=\"1024\" height=\"768\" data-id=\"4146\" data-src=\"https:\/\/confederaciopenyes.cat\/wp-content\/uploads\/2022\/09\/lfs_59654_52382331871_o-1-1024x768.jpg\" alt=\"\" class=\"wp-image-4146 lazyload\" data-srcset=\"https:\/\/confederaciopenyes.cat\/wp-content\/uploads\/2022\/09\/lfs_59654_52382331871_o-1-1024x768.jpg 1024w, https:\/\/confederaciopenyes.cat\/wp-content\/uploads\/2022\/09\/lfs_59654_52382331871_o-1-300x225.jpg 300w, https:\/\/confederaciopenyes.cat\/wp-content\/uploads\/2022\/09\/lfs_59654_52382331871_o-1-768x576.jpg 768w, https:\/\/confederaciopenyes.cat\/wp-content\/uploads\/2022\/09\/lfs_59654_52382331871_o-1-1536x1152.jpg 1536w, https:\/\/confederaciopenyes.cat\/wp-content\/uploads\/2022\/09\/lfs_59654_52382331871_o-1.jpg 2000w\" data-sizes=\"(max-width: 1024px) 100vw, 1024px\" src=\"data:image\/svg+xml;base64,PHN2ZyB3aWR0aD0iMSIgaGVpZ2h0PSIxIiB4bWxucz0iaHR0cDovL3d3dy53My5vcmcvMjAwMC9zdmciPjwvc3ZnPg==\" style=\"--smush-placeholder-width: 1024px; --smush-placeholder-aspect-ratio: 1024\/768;\" \/><\/figure>\n\n\n\n<figure class=\"wp-block-image size-large is-style-default\"><img decoding=\"async\" width=\"1024\" height=\"682\" data-id=\"4149\" data-src=\"https:\/\/confederaciopenyes.cat\/wp-content\/uploads\/2022\/09\/lfs_59740_52382330956_o-1-1024x682.jpg\" alt=\"\" class=\"wp-image-4149 lazyload\" data-srcset=\"https:\/\/confederaciopenyes.cat\/wp-content\/uploads\/2022\/09\/lfs_59740_52382330956_o-1-1024x682.jpg 1024w, https:\/\/confederaciopenyes.cat\/wp-content\/uploads\/2022\/09\/lfs_59740_52382330956_o-1-300x200.jpg 300w, https:\/\/confederaciopenyes.cat\/wp-content\/uploads\/2022\/09\/lfs_59740_52382330956_o-1-768x512.jpg 768w, https:\/\/confederaciopenyes.cat\/wp-content\/uploads\/2022\/09\/lfs_59740_52382330956_o-1-1536x1024.jpg 1536w, https:\/\/confederaciopenyes.cat\/wp-content\/uploads\/2022\/09\/lfs_59740_52382330956_o-1.jpg 2000w\" data-sizes=\"(max-width: 1024px) 100vw, 1024px\" src=\"data:image\/svg+xml;base64,PHN2ZyB3aWR0aD0iMSIgaGVpZ2h0PSIxIiB4bWxucz0iaHR0cDovL3d3dy53My5vcmcvMjAwMC9zdmciPjwvc3ZnPg==\" style=\"--smush-placeholder-width: 1024px; --smush-placeholder-aspect-ratio: 1024\/682;\" \/><\/figure>\n<\/figure>\n","protected":false},"excerpt":{"rendered":"<p>Un centenar de pe\u00f1istas en representaci\u00f3n de una veintena de pe\u00f1as barcelonistas se congregaron el pasado s\u00e1bado en la localidad de Llinars del Vall\u00e8s con motivo de la 31\u00aa Trobada de Penyes Barcelonistes del Vall\u00e8s. El evento, que tambi\u00e9n conmemor\u00f3 el 25\u00ba aniversario de la pe\u00f1a local, la Penya Barcelonista de Llinars del Vall\u00e8s, incluy\u00f3 &#8230; <a title=\"La 31\u00aa Trobada de Penyes del Vall\u00e8s vivi\u00f3 una jornada repleta de actividades\u00a0\" class=\"read-more\" href=\"https:\/\/confederaciopenyes.cat\/es\/31a-trobada-valles-jornada-repleta-de-actividades\/\" aria-label=\"Leer m\u00e1s sobre La 31\u00aa Trobada de Penyes del Vall\u00e8s vivi\u00f3 una jornada repleta de actividades\u00a0\">Leer m\u00e1s<\/a><\/p>\n","protected":false},"author":4,"featured_media":4110,"comment_status":"closed","ping_status":"open","sticky":false,"template":"","format":"standard","meta":{"_acf_changed":false,"footnotes":""},"categories":[1],"tags":[140,114,116],"class_list":["post-4120","post","type-post","status-publish","format-standard","has-post-thumbnail","hentry","category-noticias-es","tag-confederacion-mundial-de-penas","tag-noticias","tag-penas"],"acf":[],"yoast_head":"<!-- This site is optimized with the Yoast SEO Premium plugin v27.5 (Yoast SEO v27.5) - https:\/\/yoast.com\/product\/yoast-seo-premium-wordpress\/ -->\n<title>La 31\u00aa Trobada de Penyes del Vall\u00e8s, llena de actividades - C.M.P.<\/title>\n<meta name=\"description\" content=\"La 31\u00aa Trobada de Penyes del Vall\u00e8s conmemor\u00f3 tambi\u00e9n el 25\u00ba aniversario de la PB Llinars del Vall\u00e8s e incluy\u00f3 actividades de todo tipo.\" \/>\n<meta name=\"robots\" content=\"index, follow, max-snippet:-1, max-image-preview:large, max-video-preview:-1\" \/>\n<link rel=\"canonical\" href=\"https:\/\/confederaciopenyes.cat\/es\/31a-trobada-valles-jornada-repleta-de-actividades\/\" \/>\n<meta property=\"og:locale\" content=\"es_ES\" \/>\n<meta property=\"og:type\" content=\"article\" \/>\n<meta property=\"og:title\" content=\"La 31\u00aa Trobada de Penyes del Vall\u00e8s vivi\u00f3 una jornada repleta de actividades\u00a0\" \/>\n<meta property=\"og:description\" content=\"La 31\u00aa Trobada de Penyes del Vall\u00e8s conmemor\u00f3 tambi\u00e9n el 25\u00ba aniversario de la PB Llinars del Vall\u00e8s e incluy\u00f3 actividades de todo tipo.\" \/>\n<meta property=\"og:url\" content=\"https:\/\/confederaciopenyes.cat\/es\/31a-trobada-valles-jornada-repleta-de-actividades\/\" \/>\n<meta property=\"og:site_name\" content=\"Confederaci\u00f3 Mundial de Penyes del FC Barcelona\" \/>\n<meta property=\"article:publisher\" content=\"https:\/\/www.facebook.com\/ConfederacioMundialPenyesFCB\" \/>\n<meta property=\"article:published_time\" content=\"2022-09-29T09:33:02+00:00\" \/>\n<meta property=\"article:modified_time\" content=\"2022-09-29T10:26:27+00:00\" \/>\n<meta property=\"og:image\" content=\"https:\/\/confederaciopenyes.cat\/wp-content\/uploads\/2022\/09\/Trobada-Valles-1.jpg\" \/>\n\t<meta property=\"og:image:width\" content=\"1826\" \/>\n\t<meta property=\"og:image:height\" content=\"855\" \/>\n\t<meta property=\"og:image:type\" content=\"image\/jpeg\" \/>\n<meta name=\"author\" content=\"Confederaci\u00f3 Mundial de Penyes del FC Barcelona\" \/>\n<meta name=\"twitter:card\" content=\"summary_large_image\" \/>\n<meta name=\"twitter:creator\" content=\"@ConfePenyesFCB\" \/>\n<meta name=\"twitter:site\" content=\"@ConfePenyesFCB\" \/>\n<meta name=\"twitter:label1\" content=\"Escrito por\" \/>\n\t<meta name=\"twitter:data1\" content=\"Confederaci\u00f3 Mundial de Penyes del FC Barcelona\" \/>\n\t<meta name=\"twitter:label2\" content=\"Tiempo de lectura\" \/>\n\t<meta name=\"twitter:data2\" content=\"3 minutos\" \/>\n<script type=\"application\/ld+json\" class=\"yoast-schema-graph\">{\"@context\":\"https:\\\/\\\/schema.org\",\"@graph\":[{\"@type\":\"Article\",\"@id\":\"https:\\\/\\\/confederaciopenyes.cat\\\/es\\\/31a-trobada-valles-jornada-repleta-de-actividades\\\/#article\",\"isPartOf\":{\"@id\":\"https:\\\/\\\/confederaciopenyes.cat\\\/es\\\/31a-trobada-valles-jornada-repleta-de-actividades\\\/\"},\"author\":{\"name\":\"Confederaci\u00f3 Mundial de Penyes del FC Barcelona\",\"@id\":\"https:\\\/\\\/confederaciopenyes.cat\\\/es\\\/#\\\/schema\\\/person\\\/337072f6daef87a85aa59aa1f134387c\"},\"headline\":\"La 31\u00aa Trobada de Penyes del Vall\u00e8s vivi\u00f3 una jornada repleta de actividades\u00a0\",\"datePublished\":\"2022-09-29T09:33:02+00:00\",\"dateModified\":\"2022-09-29T10:26:27+00:00\",\"mainEntityOfPage\":{\"@id\":\"https:\\\/\\\/confederaciopenyes.cat\\\/es\\\/31a-trobada-valles-jornada-repleta-de-actividades\\\/\"},\"wordCount\":295,\"publisher\":{\"@id\":\"https:\\\/\\\/confederaciopenyes.cat\\\/es\\\/#organization\"},\"image\":{\"@id\":\"https:\\\/\\\/confederaciopenyes.cat\\\/es\\\/31a-trobada-valles-jornada-repleta-de-actividades\\\/#primaryimage\"},\"thumbnailUrl\":\"https:\\\/\\\/confederaciopenyes.cat\\\/wp-content\\\/uploads\\\/2022\\\/09\\\/Trobada-Valles-1.jpg\",\"keywords\":[\"confederaci\u00f3n mundial de pe\u00f1as\",\"noticias\",\"pe\u00f1as\"],\"articleSection\":[\"Noticias\"],\"inLanguage\":\"es\"},{\"@type\":\"WebPage\",\"@id\":\"https:\\\/\\\/confederaciopenyes.cat\\\/es\\\/31a-trobada-valles-jornada-repleta-de-actividades\\\/\",\"url\":\"https:\\\/\\\/confederaciopenyes.cat\\\/es\\\/31a-trobada-valles-jornada-repleta-de-actividades\\\/\",\"name\":\"La 31\u00aa Trobada de Penyes del Vall\u00e8s, llena de actividades - C.M.P.\",\"isPartOf\":{\"@id\":\"https:\\\/\\\/confederaciopenyes.cat\\\/es\\\/#website\"},\"primaryImageOfPage\":{\"@id\":\"https:\\\/\\\/confederaciopenyes.cat\\\/es\\\/31a-trobada-valles-jornada-repleta-de-actividades\\\/#primaryimage\"},\"image\":{\"@id\":\"https:\\\/\\\/confederaciopenyes.cat\\\/es\\\/31a-trobada-valles-jornada-repleta-de-actividades\\\/#primaryimage\"},\"thumbnailUrl\":\"https:\\\/\\\/confederaciopenyes.cat\\\/wp-content\\\/uploads\\\/2022\\\/09\\\/Trobada-Valles-1.jpg\",\"datePublished\":\"2022-09-29T09:33:02+00:00\",\"dateModified\":\"2022-09-29T10:26:27+00:00\",\"description\":\"La 31\u00aa Trobada de Penyes del Vall\u00e8s conmemor\u00f3 tambi\u00e9n el 25\u00ba aniversario de la PB Llinars del Vall\u00e8s e incluy\u00f3 actividades de todo tipo.\",\"breadcrumb\":{\"@id\":\"https:\\\/\\\/confederaciopenyes.cat\\\/es\\\/31a-trobada-valles-jornada-repleta-de-actividades\\\/#breadcrumb\"},\"inLanguage\":\"es\",\"potentialAction\":[{\"@type\":\"ReadAction\",\"target\":[\"https:\\\/\\\/confederaciopenyes.cat\\\/es\\\/31a-trobada-valles-jornada-repleta-de-actividades\\\/\"]}]},{\"@type\":\"ImageObject\",\"inLanguage\":\"es\",\"@id\":\"https:\\\/\\\/confederaciopenyes.cat\\\/es\\\/31a-trobada-valles-jornada-repleta-de-actividades\\\/#primaryimage\",\"url\":\"https:\\\/\\\/confederaciopenyes.cat\\\/wp-content\\\/uploads\\\/2022\\\/09\\\/Trobada-Valles-1.jpg\",\"contentUrl\":\"https:\\\/\\\/confederaciopenyes.cat\\\/wp-content\\\/uploads\\\/2022\\\/09\\\/Trobada-Valles-1.jpg\",\"width\":1826,\"height\":855},{\"@type\":\"BreadcrumbList\",\"@id\":\"https:\\\/\\\/confederaciopenyes.cat\\\/es\\\/31a-trobada-valles-jornada-repleta-de-actividades\\\/#breadcrumb\",\"itemListElement\":[{\"@type\":\"ListItem\",\"position\":1,\"name\":\"Inici\",\"item\":\"https:\\\/\\\/confederaciopenyes.cat\\\/es\\\/\"},{\"@type\":\"ListItem\",\"position\":2,\"name\":\"La 31\u00aa Trobada de Penyes del Vall\u00e8s vivi\u00f3 una jornada repleta de actividades\u00a0\"}]},{\"@type\":\"WebSite\",\"@id\":\"https:\\\/\\\/confederaciopenyes.cat\\\/es\\\/#website\",\"url\":\"https:\\\/\\\/confederaciopenyes.cat\\\/es\\\/\",\"name\":\"Confederaci\u00f3 Mundial de Penyes del FC Barcelona\",\"description\":\"C.M. Penyes FC Barcelona\",\"publisher\":{\"@id\":\"https:\\\/\\\/confederaciopenyes.cat\\\/es\\\/#organization\"},\"potentialAction\":[{\"@type\":\"SearchAction\",\"target\":{\"@type\":\"EntryPoint\",\"urlTemplate\":\"https:\\\/\\\/confederaciopenyes.cat\\\/es\\\/?s={search_term_string}\"},\"query-input\":{\"@type\":\"PropertyValueSpecification\",\"valueRequired\":true,\"valueName\":\"search_term_string\"}}],\"inLanguage\":\"es\"},{\"@type\":\"Organization\",\"@id\":\"https:\\\/\\\/confederaciopenyes.cat\\\/es\\\/#organization\",\"name\":\"Confederaci\u00f3 Mundial de Penyes del FC Barcelona\",\"url\":\"https:\\\/\\\/confederaciopenyes.cat\\\/es\\\/\",\"logo\":{\"@type\":\"ImageObject\",\"inLanguage\":\"es\",\"@id\":\"https:\\\/\\\/confederaciopenyes.cat\\\/es\\\/#\\\/schema\\\/logo\\\/image\\\/\",\"url\":\"https:\\\/\\\/confederaciopenyes.cat\\\/wp-content\\\/uploads\\\/2022\\\/07\\\/cropped-logo_horizontal.png\",\"contentUrl\":\"https:\\\/\\\/confederaciopenyes.cat\\\/wp-content\\\/uploads\\\/2022\\\/07\\\/cropped-logo_horizontal.png\",\"width\":1320,\"height\":309,\"caption\":\"Confederaci\u00f3 Mundial de Penyes del FC Barcelona\"},\"image\":{\"@id\":\"https:\\\/\\\/confederaciopenyes.cat\\\/es\\\/#\\\/schema\\\/logo\\\/image\\\/\"},\"sameAs\":[\"https:\\\/\\\/www.facebook.com\\\/ConfederacioMundialPenyesFCB\",\"https:\\\/\\\/x.com\\\/ConfePenyesFCB\",\"https:\\\/\\\/www.instagram.com\\\/confepenyesfcb\\\/\"]},{\"@type\":\"Person\",\"@id\":\"https:\\\/\\\/confederaciopenyes.cat\\\/es\\\/#\\\/schema\\\/person\\\/337072f6daef87a85aa59aa1f134387c\",\"name\":\"Confederaci\u00f3 Mundial de Penyes del FC Barcelona\",\"image\":{\"@type\":\"ImageObject\",\"inLanguage\":\"es\",\"@id\":\"https:\\\/\\\/secure.gravatar.com\\\/avatar\\\/98c60c7405ff843b10aec55db652bd3f5cb4320ef331ae76c156819a62194328?s=96&d=mm&r=g\",\"url\":\"https:\\\/\\\/secure.gravatar.com\\\/avatar\\\/98c60c7405ff843b10aec55db652bd3f5cb4320ef331ae76c156819a62194328?s=96&d=mm&r=g\",\"contentUrl\":\"https:\\\/\\\/secure.gravatar.com\\\/avatar\\\/98c60c7405ff843b10aec55db652bd3f5cb4320ef331ae76c156819a62194328?s=96&d=mm&r=g\",\"caption\":\"Confederaci\u00f3 Mundial de Penyes del FC Barcelona\"},\"url\":\"https:\\\/\\\/confederaciopenyes.cat\\\/es\\\/author\\\/comunicacioconfederaciopenyes-cat\\\/\"}]}<\/script>\n<!-- \/ Yoast SEO Premium plugin. -->","yoast_head_json":{"title":"La 31\u00aa Trobada de Penyes del Vall\u00e8s, llena de actividades - C.M.P.","description":"La 31\u00aa Trobada de Penyes del Vall\u00e8s conmemor\u00f3 tambi\u00e9n el 25\u00ba aniversario de la PB Llinars del Vall\u00e8s e incluy\u00f3 actividades de todo tipo.","robots":{"index":"index","follow":"follow","max-snippet":"max-snippet:-1","max-image-preview":"max-image-preview:large","max-video-preview":"max-video-preview:-1"},"canonical":"https:\/\/confederaciopenyes.cat\/es\/31a-trobada-valles-jornada-repleta-de-actividades\/","og_locale":"es_ES","og_type":"article","og_title":"La 31\u00aa Trobada de Penyes del Vall\u00e8s vivi\u00f3 una jornada repleta de actividades\u00a0","og_description":"La 31\u00aa Trobada de Penyes del Vall\u00e8s conmemor\u00f3 tambi\u00e9n el 25\u00ba aniversario de la PB Llinars del Vall\u00e8s e incluy\u00f3 actividades de todo tipo.","og_url":"https:\/\/confederaciopenyes.cat\/es\/31a-trobada-valles-jornada-repleta-de-actividades\/","og_site_name":"Confederaci\u00f3 Mundial de Penyes del FC Barcelona","article_publisher":"https:\/\/www.facebook.com\/ConfederacioMundialPenyesFCB","article_published_time":"2022-09-29T09:33:02+00:00","article_modified_time":"2022-09-29T10:26:27+00:00","og_image":[{"width":1826,"height":855,"url":"https:\/\/confederaciopenyes.cat\/wp-content\/uploads\/2022\/09\/Trobada-Valles-1.jpg","type":"image\/jpeg"}],"author":"Confederaci\u00f3 Mundial de Penyes del FC Barcelona","twitter_card":"summary_large_image","twitter_creator":"@ConfePenyesFCB","twitter_site":"@ConfePenyesFCB","twitter_misc":{"Escrito por":"Confederaci\u00f3 Mundial de Penyes del FC Barcelona","Tiempo de lectura":"3 minutos"},"schema":{"@context":"https:\/\/schema.org","@graph":[{"@type":"Article","@id":"https:\/\/confederaciopenyes.cat\/es\/31a-trobada-valles-jornada-repleta-de-actividades\/#article","isPartOf":{"@id":"https:\/\/confederaciopenyes.cat\/es\/31a-trobada-valles-jornada-repleta-de-actividades\/"},"author":{"name":"Confederaci\u00f3 Mundial de Penyes del FC Barcelona","@id":"https:\/\/confederaciopenyes.cat\/es\/#\/schema\/person\/337072f6daef87a85aa59aa1f134387c"},"headline":"La 31\u00aa Trobada de Penyes del Vall\u00e8s vivi\u00f3 una jornada repleta de actividades\u00a0","datePublished":"2022-09-29T09:33:02+00:00","dateModified":"2022-09-29T10:26:27+00:00","mainEntityOfPage":{"@id":"https:\/\/confederaciopenyes.cat\/es\/31a-trobada-valles-jornada-repleta-de-actividades\/"},"wordCount":295,"publisher":{"@id":"https:\/\/confederaciopenyes.cat\/es\/#organization"},"image":{"@id":"https:\/\/confederaciopenyes.cat\/es\/31a-trobada-valles-jornada-repleta-de-actividades\/#primaryimage"},"thumbnailUrl":"https:\/\/confederaciopenyes.cat\/wp-content\/uploads\/2022\/09\/Trobada-Valles-1.jpg","keywords":["confederaci\u00f3n mundial de pe\u00f1as","noticias","pe\u00f1as"],"articleSection":["Noticias"],"inLanguage":"es"},{"@type":"WebPage","@id":"https:\/\/confederaciopenyes.cat\/es\/31a-trobada-valles-jornada-repleta-de-actividades\/","url":"https:\/\/confederaciopenyes.cat\/es\/31a-trobada-valles-jornada-repleta-de-actividades\/","name":"La 31\u00aa Trobada de Penyes del Vall\u00e8s, llena de actividades - C.M.P.","isPartOf":{"@id":"https:\/\/confederaciopenyes.cat\/es\/#website"},"primaryImageOfPage":{"@id":"https:\/\/confederaciopenyes.cat\/es\/31a-trobada-valles-jornada-repleta-de-actividades\/#primaryimage"},"image":{"@id":"https:\/\/confederaciopenyes.cat\/es\/31a-trobada-valles-jornada-repleta-de-actividades\/#primaryimage"},"thumbnailUrl":"https:\/\/confederaciopenyes.cat\/wp-content\/uploads\/2022\/09\/Trobada-Valles-1.jpg","datePublished":"2022-09-29T09:33:02+00:00","dateModified":"2022-09-29T10:26:27+00:00","description":"La 31\u00aa Trobada de Penyes del Vall\u00e8s conmemor\u00f3 tambi\u00e9n el 25\u00ba aniversario de la PB Llinars del Vall\u00e8s e incluy\u00f3 actividades de todo tipo.","breadcrumb":{"@id":"https:\/\/confederaciopenyes.cat\/es\/31a-trobada-valles-jornada-repleta-de-actividades\/#breadcrumb"},"inLanguage":"es","potentialAction":[{"@type":"ReadAction","target":["https:\/\/confederaciopenyes.cat\/es\/31a-trobada-valles-jornada-repleta-de-actividades\/"]}]},{"@type":"ImageObject","inLanguage":"es","@id":"https:\/\/confederaciopenyes.cat\/es\/31a-trobada-valles-jornada-repleta-de-actividades\/#primaryimage","url":"https:\/\/confederaciopenyes.cat\/wp-content\/uploads\/2022\/09\/Trobada-Valles-1.jpg","contentUrl":"https:\/\/confederaciopenyes.cat\/wp-content\/uploads\/2022\/09\/Trobada-Valles-1.jpg","width":1826,"height":855},{"@type":"BreadcrumbList","@id":"https:\/\/confederaciopenyes.cat\/es\/31a-trobada-valles-jornada-repleta-de-actividades\/#breadcrumb","itemListElement":[{"@type":"ListItem","position":1,"name":"Inici","item":"https:\/\/confederaciopenyes.cat\/es\/"},{"@type":"ListItem","position":2,"name":"La 31\u00aa Trobada de Penyes del Vall\u00e8s vivi\u00f3 una jornada repleta de actividades\u00a0"}]},{"@type":"WebSite","@id":"https:\/\/confederaciopenyes.cat\/es\/#website","url":"https:\/\/confederaciopenyes.cat\/es\/","name":"Confederaci\u00f3 Mundial de Penyes del FC Barcelona","description":"C.M. Penyes FC Barcelona","publisher":{"@id":"https:\/\/confederaciopenyes.cat\/es\/#organization"},"potentialAction":[{"@type":"SearchAction","target":{"@type":"EntryPoint","urlTemplate":"https:\/\/confederaciopenyes.cat\/es\/?s={search_term_string}"},"query-input":{"@type":"PropertyValueSpecification","valueRequired":true,"valueName":"search_term_string"}}],"inLanguage":"es"},{"@type":"Organization","@id":"https:\/\/confederaciopenyes.cat\/es\/#organization","name":"Confederaci\u00f3 Mundial de Penyes del FC Barcelona","url":"https:\/\/confederaciopenyes.cat\/es\/","logo":{"@type":"ImageObject","inLanguage":"es","@id":"https:\/\/confederaciopenyes.cat\/es\/#\/schema\/logo\/image\/","url":"https:\/\/confederaciopenyes.cat\/wp-content\/uploads\/2022\/07\/cropped-logo_horizontal.png","contentUrl":"https:\/\/confederaciopenyes.cat\/wp-content\/uploads\/2022\/07\/cropped-logo_horizontal.png","width":1320,"height":309,"caption":"Confederaci\u00f3 Mundial de Penyes del FC Barcelona"},"image":{"@id":"https:\/\/confederaciopenyes.cat\/es\/#\/schema\/logo\/image\/"},"sameAs":["https:\/\/www.facebook.com\/ConfederacioMundialPenyesFCB","https:\/\/x.com\/ConfePenyesFCB","https:\/\/www.instagram.com\/confepenyesfcb\/"]},{"@type":"Person","@id":"https:\/\/confederaciopenyes.cat\/es\/#\/schema\/person\/337072f6daef87a85aa59aa1f134387c","name":"Confederaci\u00f3 Mundial de Penyes del FC Barcelona","image":{"@type":"ImageObject","inLanguage":"es","@id":"https:\/\/secure.gravatar.com\/avatar\/98c60c7405ff843b10aec55db652bd3f5cb4320ef331ae76c156819a62194328?s=96&d=mm&r=g","url":"https:\/\/secure.gravatar.com\/avatar\/98c60c7405ff843b10aec55db652bd3f5cb4320ef331ae76c156819a62194328?s=96&d=mm&r=g","contentUrl":"https:\/\/secure.gravatar.com\/avatar\/98c60c7405ff843b10aec55db652bd3f5cb4320ef331ae76c156819a62194328?s=96&d=mm&r=g","caption":"Confederaci\u00f3 Mundial de Penyes del FC Barcelona"},"url":"https:\/\/confederaciopenyes.cat\/es\/author\/comunicacioconfederaciopenyes-cat\/"}]}},"_links":{"self":[{"href":"https:\/\/confederaciopenyes.cat\/es\/wp-json\/wp\/v2\/posts\/4120","targetHints":{"allow":["GET"]}}],"collection":[{"href":"https:\/\/confederaciopenyes.cat\/es\/wp-json\/wp\/v2\/posts"}],"about":[{"href":"https:\/\/confederaciopenyes.cat\/es\/wp-json\/wp\/v2\/types\/post"}],"author":[{"embeddable":true,"href":"https:\/\/confederaciopenyes.cat\/es\/wp-json\/wp\/v2\/users\/4"}],"replies":[{"embeddable":true,"href":"https:\/\/confederaciopenyes.cat\/es\/wp-json\/wp\/v2\/comments?post=4120"}],"version-history":[{"count":6,"href":"https:\/\/confederaciopenyes.cat\/es\/wp-json\/wp\/v2\/posts\/4120\/revisions"}],"predecessor-version":[{"id":4154,"href":"https:\/\/confederaciopenyes.cat\/es\/wp-json\/wp\/v2\/posts\/4120\/revisions\/4154"}],"wp:featuredmedia":[{"embeddable":true,"href":"https:\/\/confederaciopenyes.cat\/es\/wp-json\/wp\/v2\/media\/4110"}],"wp:attachment":[{"href":"https:\/\/confederaciopenyes.cat\/es\/wp-json\/wp\/v2\/media?parent=4120"}],"wp:term":[{"taxonomy":"category","embeddable":true,"href":"https:\/\/confederaciopenyes.cat\/es\/wp-json\/wp\/v2\/categories?post=4120"},{"taxonomy":"post_tag","embeddable":true,"href":"https:\/\/confederaciopenyes.cat\/es\/wp-json\/wp\/v2\/tags?post=4120"}],"curies":[{"name":"wp","href":"https:\/\/api.w.org\/{rel}","templated":true}]}}