{"id":41900,"date":"2026-03-26T11:49:15","date_gmt":"2026-03-26T10:49:15","guid":{"rendered":"https:\/\/confederaciopenyes.cat\/la-pb-abidjan-organiza-un-encuentro-con-sus-penistas-2\/"},"modified":"2026-03-26T12:16:58","modified_gmt":"2026-03-26T11:16:58","slug":"nuevo-encuentro-pb-abidjan-con-sus-penistas","status":"publish","type":"post","link":"https:\/\/confederaciopenyes.cat\/es\/nuevo-encuentro-pb-abidjan-con-sus-penistas\/","title":{"rendered":"Nuevo encuentro de\u00a0la PB\u00a0Abidjan\u00a0con sus pe\u00f1istas\u00a0"},"content":{"rendered":"\n<p>La <strong><a href=\"https:\/\/www.facebook.com\/BlaugranaABJ\/\" target=\"_blank\" rel=\"noreferrer noopener\">Penya Blaugrana de Abidjan <\/a><\/strong>(Federaci\u00f3n Mundo) organiz\u00f3 recientemente un <strong>encuentro especial con sus pe\u00f1istas<\/strong>, en la que aflor\u00f3 el fuerte sentimiento de comuni\u00f3n y fraternidad que se vive en esta entidad barcelonista de <strong>Costa de Marfil<\/strong>. Los miembros de la pe\u00f1a se reunieron para, en primer lugar, <strong>seguir conjuntamente el partido entre el Bar\u00e7a y el Sevilla<\/strong>, donde pudieron celebrar la brillante victoria conseguida por el equipo. A continuaci\u00f3n, los pe\u00f1istas compartieron <strong>la ruptura del ayuno con motivo del Ramad\u00e1n<\/strong>, una ceremonia que cont\u00f3 con la <strong>presencia tanto de miembros musulmanes como cristianos<\/strong>, que quisieron sumarse a este momento tan especial.<\/p>\n\n\n\n<p>Esta atm\u00f3sfera de respeto y unidad entre todos simboliza a la perfecci\u00f3n los <strong>valores que fomenta la PB Abidjan dentro de su comunidad a trav\u00e9s de la pasi\u00f3n por el Bar\u00e7a<\/strong>: convivencia, tolerancia y solidaridad. A principios del mes de marzo, la pe\u00f1a marfile\u00f1a celebr\u00f3 el <strong>9\u00ba aniversario de su creaci\u00f3n<\/strong>, un recorrido en el que ha construido una familia barcelonista que va m\u00e1s all\u00e1 de la pasi\u00f3n por el f\u00fatbol. Por todo ello, la PB Abidjan se ha convertido en una <strong>aut\u00e9ntica embajadora de los valores azulgranas en Costa de Marfil<\/strong>.  <\/p>\n\n\n\n<figure class=\"wp-block-gallery has-nested-images columns-3 is-cropped wp-block-gallery-1 is-layout-flex wp-block-gallery-is-layout-flex\">\n<figure class=\"wp-block-image size-large\"><a href=\"https:\/\/confederaciopenyes.cat\/wp-content\/uploads\/2026\/03\/652583547_909807701792885_2688124223093251176_n.jpg\" target=\"_blank\"><img decoding=\"async\" width=\"960\" height=\"720\" data-id=\"41871\" data-src=\"https:\/\/confederaciopenyes.cat\/wp-content\/uploads\/2026\/03\/652583547_909807701792885_2688124223093251176_n-edited.jpg\" alt=\"\" class=\"wp-image-41871 lazyload\" data-srcset=\"https:\/\/confederaciopenyes.cat\/wp-content\/uploads\/2026\/03\/652583547_909807701792885_2688124223093251176_n-edited.jpg 960w, https:\/\/confederaciopenyes.cat\/wp-content\/uploads\/2026\/03\/652583547_909807701792885_2688124223093251176_n-edited-300x225.jpg 300w, https:\/\/confederaciopenyes.cat\/wp-content\/uploads\/2026\/03\/652583547_909807701792885_2688124223093251176_n-edited-768x576.jpg 768w\" data-sizes=\"(max-width: 960px) 100vw, 960px\" src=\"data:image\/svg+xml;base64,PHN2ZyB3aWR0aD0iMSIgaGVpZ2h0PSIxIiB4bWxucz0iaHR0cDovL3d3dy53My5vcmcvMjAwMC9zdmciPjwvc3ZnPg==\" style=\"--smush-placeholder-width: 960px; --smush-placeholder-aspect-ratio: 960\/720;\" \/><\/a><\/figure>\n\n\n\n<figure class=\"wp-block-image size-large\"><a href=\"https:\/\/confederaciopenyes.cat\/wp-content\/uploads\/2026\/03\/652673162_909808641792791_2891702753590443953_n.jpg\" target=\"_blank\"><img decoding=\"async\" width=\"1024\" height=\"770\" data-id=\"41865\" data-src=\"https:\/\/confederaciopenyes.cat\/wp-content\/uploads\/2026\/03\/652673162_909808641792791_2891702753590443953_n-1024x770.jpg\" alt=\"\" class=\"wp-image-41865 lazyload\" data-srcset=\"https:\/\/confederaciopenyes.cat\/wp-content\/uploads\/2026\/03\/652673162_909808641792791_2891702753590443953_n-1024x770.jpg 1024w, https:\/\/confederaciopenyes.cat\/wp-content\/uploads\/2026\/03\/652673162_909808641792791_2891702753590443953_n-300x226.jpg 300w, https:\/\/confederaciopenyes.cat\/wp-content\/uploads\/2026\/03\/652673162_909808641792791_2891702753590443953_n-768x578.jpg 768w, https:\/\/confederaciopenyes.cat\/wp-content\/uploads\/2026\/03\/652673162_909808641792791_2891702753590443953_n.jpg 1280w\" data-sizes=\"(max-width: 1024px) 100vw, 1024px\" src=\"data:image\/svg+xml;base64,PHN2ZyB3aWR0aD0iMSIgaGVpZ2h0PSIxIiB4bWxucz0iaHR0cDovL3d3dy53My5vcmcvMjAwMC9zdmciPjwvc3ZnPg==\" style=\"--smush-placeholder-width: 1024px; --smush-placeholder-aspect-ratio: 1024\/770;\" \/><\/a><\/figure>\n\n\n\n<figure class=\"wp-block-image size-large\"><a href=\"https:\/\/confederaciopenyes.cat\/wp-content\/uploads\/2026\/03\/651051340_909808788459443_8039558174618522844_n.jpg\" target=\"_blank\"><img decoding=\"async\" width=\"963\" height=\"722\" data-id=\"41877\" data-src=\"https:\/\/confederaciopenyes.cat\/wp-content\/uploads\/2026\/03\/651051340_909808788459443_8039558174618522844_n-edited.jpg\" alt=\"\" class=\"wp-image-41877 lazyload\" data-srcset=\"https:\/\/confederaciopenyes.cat\/wp-content\/uploads\/2026\/03\/651051340_909808788459443_8039558174618522844_n-edited.jpg 963w, https:\/\/confederaciopenyes.cat\/wp-content\/uploads\/2026\/03\/651051340_909808788459443_8039558174618522844_n-edited-300x225.jpg 300w, https:\/\/confederaciopenyes.cat\/wp-content\/uploads\/2026\/03\/651051340_909808788459443_8039558174618522844_n-edited-768x576.jpg 768w\" data-sizes=\"(max-width: 963px) 100vw, 963px\" src=\"data:image\/svg+xml;base64,PHN2ZyB3aWR0aD0iMSIgaGVpZ2h0PSIxIiB4bWxucz0iaHR0cDovL3d3dy53My5vcmcvMjAwMC9zdmciPjwvc3ZnPg==\" style=\"--smush-placeholder-width: 963px; --smush-placeholder-aspect-ratio: 963\/722;\" \/><\/a><\/figure>\n\n\n\n<figure class=\"wp-block-image size-full\"><a href=\"https:\/\/confederaciopenyes.cat\/wp-content\/uploads\/2026\/03\/WhatsApp-Image-2026-03-17-at-11.15.25.jpeg\" target=\"_blank\"><img decoding=\"async\" width=\"768\" height=\"576\" data-id=\"41874\" data-src=\"https:\/\/confederaciopenyes.cat\/wp-content\/uploads\/2026\/03\/WhatsApp-Image-2026-03-17-at-11.15.25-edited.jpeg\" alt=\"\" class=\"wp-image-41874 lazyload\" data-srcset=\"https:\/\/confederaciopenyes.cat\/wp-content\/uploads\/2026\/03\/WhatsApp-Image-2026-03-17-at-11.15.25-edited.jpeg 768w, https:\/\/confederaciopenyes.cat\/wp-content\/uploads\/2026\/03\/WhatsApp-Image-2026-03-17-at-11.15.25-edited-300x225.jpeg 300w\" data-sizes=\"(max-width: 768px) 100vw, 768px\" src=\"data:image\/svg+xml;base64,PHN2ZyB3aWR0aD0iMSIgaGVpZ2h0PSIxIiB4bWxucz0iaHR0cDovL3d3dy53My5vcmcvMjAwMC9zdmciPjwvc3ZnPg==\" style=\"--smush-placeholder-width: 768px; --smush-placeholder-aspect-ratio: 768\/576;\" \/><\/a><\/figure>\n\n\n\n<figure class=\"wp-block-image size-large\"><a href=\"https:\/\/confederaciopenyes.cat\/wp-content\/uploads\/2026\/03\/651248751_909807611792894_6787687342818759606_n-edited.jpg\" target=\"_blank\"><img decoding=\"async\" width=\"960\" height=\"640\" data-id=\"41847\" data-src=\"https:\/\/confederaciopenyes.cat\/wp-content\/uploads\/2026\/03\/651248751_909807611792894_6787687342818759606_n-edited.jpg\" alt=\"\" class=\"wp-image-41847 lazyload\" data-srcset=\"https:\/\/confederaciopenyes.cat\/wp-content\/uploads\/2026\/03\/651248751_909807611792894_6787687342818759606_n-edited.jpg 960w, https:\/\/confederaciopenyes.cat\/wp-content\/uploads\/2026\/03\/651248751_909807611792894_6787687342818759606_n-edited-300x200.jpg 300w, https:\/\/confederaciopenyes.cat\/wp-content\/uploads\/2026\/03\/651248751_909807611792894_6787687342818759606_n-edited-768x512.jpg 768w\" data-sizes=\"(max-width: 960px) 100vw, 960px\" src=\"data:image\/svg+xml;base64,PHN2ZyB3aWR0aD0iMSIgaGVpZ2h0PSIxIiB4bWxucz0iaHR0cDovL3d3dy53My5vcmcvMjAwMC9zdmciPjwvc3ZnPg==\" style=\"--smush-placeholder-width: 960px; --smush-placeholder-aspect-ratio: 960\/640;\" \/><\/a><\/figure>\n\n\n\n<figure class=\"wp-block-image size-large\"><a href=\"https:\/\/confederaciopenyes.cat\/wp-content\/uploads\/2026\/03\/653802753_909807575126231_2464953423375795034_n.jpg\" target=\"_blank\"><img decoding=\"async\" width=\"1024\" height=\"768\" data-id=\"41820\" data-src=\"https:\/\/confederaciopenyes.cat\/wp-content\/uploads\/2026\/03\/653802753_909807575126231_2464953423375795034_n-1024x768.jpg\" alt=\"\" class=\"wp-image-41820 lazyload\" data-srcset=\"https:\/\/confederaciopenyes.cat\/wp-content\/uploads\/2026\/03\/653802753_909807575126231_2464953423375795034_n-1024x768.jpg 1024w, https:\/\/confederaciopenyes.cat\/wp-content\/uploads\/2026\/03\/653802753_909807575126231_2464953423375795034_n-300x225.jpg 300w, https:\/\/confederaciopenyes.cat\/wp-content\/uploads\/2026\/03\/653802753_909807575126231_2464953423375795034_n-768x576.jpg 768w, https:\/\/confederaciopenyes.cat\/wp-content\/uploads\/2026\/03\/653802753_909807575126231_2464953423375795034_n.jpg 1280w\" data-sizes=\"(max-width: 1024px) 100vw, 1024px\" src=\"data:image\/svg+xml;base64,PHN2ZyB3aWR0aD0iMSIgaGVpZ2h0PSIxIiB4bWxucz0iaHR0cDovL3d3dy53My5vcmcvMjAwMC9zdmciPjwvc3ZnPg==\" style=\"--smush-placeholder-width: 1024px; --smush-placeholder-aspect-ratio: 1024\/768;\" \/><\/a><\/figure>\n\n\n\n<figure class=\"wp-block-image size-large\"><a href=\"<!--[CDATA[https:\/\/confederaciopenyes.cat\/wp-content\/uploads\/2026\/03\/651281555_909807518459570_7930968276565387185_n-edited.jpg]]--&gt;\" target=\"_blank\"><img decoding=\"async\" width=\"960\" height=\"640\" data-id=\"41844\" data-src=\"https:\/\/confederaciopenyes.cat\/wp-content\/uploads\/2026\/03\/651281555_909807518459570_7930968276565387185_n-edited.jpg\" alt=\"\" class=\"wp-image-41844 lazyload\" data-srcset=\"https:\/\/confederaciopenyes.cat\/wp-content\/uploads\/2026\/03\/651281555_909807518459570_7930968276565387185_n-edited.jpg 960w, https:\/\/confederaciopenyes.cat\/wp-content\/uploads\/2026\/03\/651281555_909807518459570_7930968276565387185_n-edited-300x200.jpg 300w, https:\/\/confederaciopenyes.cat\/wp-content\/uploads\/2026\/03\/651281555_909807518459570_7930968276565387185_n-edited-768x512.jpg 768w\" data-sizes=\"(max-width: 960px) 100vw, 960px\" src=\"data:image\/svg+xml;base64,PHN2ZyB3aWR0aD0iMSIgaGVpZ2h0PSIxIiB4bWxucz0iaHR0cDovL3d3dy53My5vcmcvMjAwMC9zdmciPjwvc3ZnPg==\" style=\"--smush-placeholder-width: 960px; --smush-placeholder-aspect-ratio: 960\/640;\" \/><\/a><\/figure>\n\n\n\n<figure class=\"wp-block-image size-large\"><a href=\"<!--[CDATA[https:\/\/confederaciopenyes.cat\/wp-content\/uploads\/2026\/03\/651288290_909808595126129_8473638114007732924_n.jpg]]--&gt;\" target=\"_blank\"><img decoding=\"async\" width=\"1024\" height=\"770\" data-id=\"41832\" data-src=\"https:\/\/confederaciopenyes.cat\/wp-content\/uploads\/2026\/03\/651288290_909808595126129_8473638114007732924_n-1024x770.jpg\" alt=\"\" class=\"wp-image-41832 lazyload\" data-srcset=\"https:\/\/confederaciopenyes.cat\/wp-content\/uploads\/2026\/03\/651288290_909808595126129_8473638114007732924_n-1024x770.jpg 1024w, https:\/\/confederaciopenyes.cat\/wp-content\/uploads\/2026\/03\/651288290_909808595126129_8473638114007732924_n-300x226.jpg 300w, https:\/\/confederaciopenyes.cat\/wp-content\/uploads\/2026\/03\/651288290_909808595126129_8473638114007732924_n-768x578.jpg 768w, https:\/\/confederaciopenyes.cat\/wp-content\/uploads\/2026\/03\/651288290_909808595126129_8473638114007732924_n.jpg 1280w\" data-sizes=\"(max-width: 1024px) 100vw, 1024px\" src=\"data:image\/svg+xml;base64,PHN2ZyB3aWR0aD0iMSIgaGVpZ2h0PSIxIiB4bWxucz0iaHR0cDovL3d3dy53My5vcmcvMjAwMC9zdmciPjwvc3ZnPg==\" style=\"--smush-placeholder-width: 1024px; --smush-placeholder-aspect-ratio: 1024\/770;\" \/><\/a><\/figure>\n<\/figure>\n","protected":false},"excerpt":{"rendered":"<p>La Penya Blaugrana de Abidjan (Federaci\u00f3n Mundo) organiz\u00f3 recientemente un encuentro especial con sus pe\u00f1istas, en la que aflor\u00f3 el fuerte sentimiento de comuni\u00f3n y fraternidad que se vive en esta entidad barcelonista de Costa de Marfil. Los miembros de la pe\u00f1a se reunieron para, en primer lugar, seguir conjuntamente el partido entre el Bar\u00e7a &#8230; <a title=\"Nuevo encuentro de\u00a0la PB\u00a0Abidjan\u00a0con sus pe\u00f1istas\u00a0\" class=\"read-more\" href=\"https:\/\/confederaciopenyes.cat\/es\/nuevo-encuentro-pb-abidjan-con-sus-penistas\/\" aria-label=\"Leer m\u00e1s sobre Nuevo encuentro de\u00a0la PB\u00a0Abidjan\u00a0con sus pe\u00f1istas\u00a0\">Leer m\u00e1s<\/a><\/p>\n","protected":false},"author":4,"featured_media":41888,"comment_status":"closed","ping_status":"open","sticky":false,"template":"","format":"standard","meta":{"_acf_changed":false,"footnotes":""},"categories":[1],"tags":[2594,3345,2595,3347,2555],"class_list":["post-41900","post","type-post","status-publish","format-standard","has-post-thumbnail","hentry","category-noticias-es","tag-confederacio-mundial-de-penyes-es-3","tag-federacion-mundo-es","tag-noticias-es-2","tag-pb-abidjan-es","tag-penas-es"],"acf":[],"yoast_head":"<!-- This site is optimized with the Yoast SEO Premium plugin v27.5 (Yoast SEO v27.5) - https:\/\/yoast.com\/product\/yoast-seo-premium-wordpress\/ -->\n<title>Nuevo encuentro de\u00a0la PB\u00a0Abidjan\u00a0con sus pe\u00f1istas\u00a0 - CMP<\/title>\n<meta name=\"description\" content=\"La PB Abidjan de Costa de Marfil organiz\u00f3 un nuevo encuentro con sus pe\u00f1istas para ver un partido del Bar\u00e7a y romper el ayuno por el Ramad\u00e1n.\" \/>\n<meta name=\"robots\" content=\"index, follow, max-snippet:-1, max-image-preview:large, max-video-preview:-1\" \/>\n<link rel=\"canonical\" href=\"https:\/\/confederaciopenyes.cat\/es\/nuevo-encuentro-pb-abidjan-con-sus-penistas\/\" \/>\n<meta property=\"og:locale\" content=\"es_ES\" \/>\n<meta property=\"og:type\" content=\"article\" \/>\n<meta property=\"og:title\" content=\"Nuevo encuentro de\u00a0la PB\u00a0Abidjan\u00a0con sus pe\u00f1istas\u00a0\" \/>\n<meta property=\"og:description\" content=\"La PB Abidjan de Costa de Marfil organiz\u00f3 un nuevo encuentro con sus pe\u00f1istas para ver un partido del Bar\u00e7a y romper el ayuno por el Ramad\u00e1n.\" \/>\n<meta property=\"og:url\" content=\"https:\/\/confederaciopenyes.cat\/es\/nuevo-encuentro-pb-abidjan-con-sus-penistas\/\" \/>\n<meta property=\"og:site_name\" content=\"Confederaci\u00f3 Mundial de Penyes del FC Barcelona\" \/>\n<meta property=\"article:publisher\" content=\"https:\/\/www.facebook.com\/ConfederacioMundialPenyesFCB\" \/>\n<meta property=\"article:published_time\" content=\"2026-03-26T10:49:15+00:00\" \/>\n<meta property=\"article:modified_time\" content=\"2026-03-26T11:16:58+00:00\" \/>\n<meta property=\"og:image\" content=\"https:\/\/confederaciopenyes.cat\/wp-content\/uploads\/2026\/03\/652561199_909807481792907_446015314279621820_n-1.jpg\" \/>\n\t<meta property=\"og:image:width\" content=\"1108\" \/>\n\t<meta property=\"og:image:height\" content=\"555\" \/>\n\t<meta property=\"og:image:type\" content=\"image\/jpeg\" \/>\n<meta name=\"author\" content=\"Confederaci\u00f3 Mundial de Penyes del FC Barcelona\" \/>\n<meta name=\"twitter:card\" content=\"summary_large_image\" \/>\n<meta name=\"twitter:creator\" content=\"@ConfePenyesFCB\" \/>\n<meta name=\"twitter:site\" content=\"@ConfePenyesFCB\" \/>\n<meta name=\"twitter:label1\" content=\"Escrito por\" \/>\n\t<meta name=\"twitter:data1\" content=\"Confederaci\u00f3 Mundial de Penyes del FC Barcelona\" \/>\n\t<meta name=\"twitter:label2\" content=\"Tiempo de lectura\" \/>\n\t<meta name=\"twitter:data2\" content=\"3 minutos\" \/>\n<script type=\"application\/ld+json\" class=\"yoast-schema-graph\">{\"@context\":\"https:\\\/\\\/schema.org\",\"@graph\":[{\"@type\":\"Article\",\"@id\":\"https:\\\/\\\/confederaciopenyes.cat\\\/es\\\/nuevo-encuentro-pb-abidjan-con-sus-penistas\\\/#article\",\"isPartOf\":{\"@id\":\"https:\\\/\\\/confederaciopenyes.cat\\\/es\\\/nuevo-encuentro-pb-abidjan-con-sus-penistas\\\/\"},\"author\":{\"name\":\"Confederaci\u00f3 Mundial de Penyes del FC Barcelona\",\"@id\":\"https:\\\/\\\/confederaciopenyes.cat\\\/es\\\/#\\\/schema\\\/person\\\/337072f6daef87a85aa59aa1f134387c\"},\"headline\":\"Nuevo encuentro de\u00a0la PB\u00a0Abidjan\u00a0con sus pe\u00f1istas\u00a0\",\"datePublished\":\"2026-03-26T10:49:15+00:00\",\"dateModified\":\"2026-03-26T11:16:58+00:00\",\"mainEntityOfPage\":{\"@id\":\"https:\\\/\\\/confederaciopenyes.cat\\\/es\\\/nuevo-encuentro-pb-abidjan-con-sus-penistas\\\/\"},\"wordCount\":223,\"publisher\":{\"@id\":\"https:\\\/\\\/confederaciopenyes.cat\\\/es\\\/#organization\"},\"image\":{\"@id\":\"https:\\\/\\\/confederaciopenyes.cat\\\/es\\\/nuevo-encuentro-pb-abidjan-con-sus-penistas\\\/#primaryimage\"},\"thumbnailUrl\":\"https:\\\/\\\/confederaciopenyes.cat\\\/wp-content\\\/uploads\\\/2026\\\/03\\\/652561199_909807481792907_446015314279621820_n-1.jpg\",\"keywords\":[\"confederaci\u00f3 mundial de penyes\",\"Federaci\u00f3n Mundo\",\"noticias\",\"PB Abidjan\",\"pe\u00f1as\"],\"articleSection\":[\"Noticias\"],\"inLanguage\":\"es\"},{\"@type\":\"WebPage\",\"@id\":\"https:\\\/\\\/confederaciopenyes.cat\\\/es\\\/nuevo-encuentro-pb-abidjan-con-sus-penistas\\\/\",\"url\":\"https:\\\/\\\/confederaciopenyes.cat\\\/es\\\/nuevo-encuentro-pb-abidjan-con-sus-penistas\\\/\",\"name\":\"Nuevo encuentro de\u00a0la PB\u00a0Abidjan\u00a0con sus pe\u00f1istas\u00a0 - CMP\",\"isPartOf\":{\"@id\":\"https:\\\/\\\/confederaciopenyes.cat\\\/es\\\/#website\"},\"primaryImageOfPage\":{\"@id\":\"https:\\\/\\\/confederaciopenyes.cat\\\/es\\\/nuevo-encuentro-pb-abidjan-con-sus-penistas\\\/#primaryimage\"},\"image\":{\"@id\":\"https:\\\/\\\/confederaciopenyes.cat\\\/es\\\/nuevo-encuentro-pb-abidjan-con-sus-penistas\\\/#primaryimage\"},\"thumbnailUrl\":\"https:\\\/\\\/confederaciopenyes.cat\\\/wp-content\\\/uploads\\\/2026\\\/03\\\/652561199_909807481792907_446015314279621820_n-1.jpg\",\"datePublished\":\"2026-03-26T10:49:15+00:00\",\"dateModified\":\"2026-03-26T11:16:58+00:00\",\"description\":\"La PB Abidjan de Costa de Marfil organiz\u00f3 un nuevo encuentro con sus pe\u00f1istas para ver un partido del Bar\u00e7a y romper el ayuno por el Ramad\u00e1n.\",\"breadcrumb\":{\"@id\":\"https:\\\/\\\/confederaciopenyes.cat\\\/es\\\/nuevo-encuentro-pb-abidjan-con-sus-penistas\\\/#breadcrumb\"},\"inLanguage\":\"es\",\"potentialAction\":[{\"@type\":\"ReadAction\",\"target\":[\"https:\\\/\\\/confederaciopenyes.cat\\\/es\\\/nuevo-encuentro-pb-abidjan-con-sus-penistas\\\/\"]}]},{\"@type\":\"ImageObject\",\"inLanguage\":\"es\",\"@id\":\"https:\\\/\\\/confederaciopenyes.cat\\\/es\\\/nuevo-encuentro-pb-abidjan-con-sus-penistas\\\/#primaryimage\",\"url\":\"https:\\\/\\\/confederaciopenyes.cat\\\/wp-content\\\/uploads\\\/2026\\\/03\\\/652561199_909807481792907_446015314279621820_n-1.jpg\",\"contentUrl\":\"https:\\\/\\\/confederaciopenyes.cat\\\/wp-content\\\/uploads\\\/2026\\\/03\\\/652561199_909807481792907_446015314279621820_n-1.jpg\",\"width\":1108,\"height\":555},{\"@type\":\"BreadcrumbList\",\"@id\":\"https:\\\/\\\/confederaciopenyes.cat\\\/es\\\/nuevo-encuentro-pb-abidjan-con-sus-penistas\\\/#breadcrumb\",\"itemListElement\":[{\"@type\":\"ListItem\",\"position\":1,\"name\":\"Inici\",\"item\":\"https:\\\/\\\/confederaciopenyes.cat\\\/es\\\/\"},{\"@type\":\"ListItem\",\"position\":2,\"name\":\"Nuevo encuentro de\u00a0la PB\u00a0Abidjan\u00a0con sus pe\u00f1istas\u00a0\"}]},{\"@type\":\"WebSite\",\"@id\":\"https:\\\/\\\/confederaciopenyes.cat\\\/es\\\/#website\",\"url\":\"https:\\\/\\\/confederaciopenyes.cat\\\/es\\\/\",\"name\":\"Confederaci\u00f3 Mundial de Penyes del FC Barcelona\",\"description\":\"C.M. Penyes FC Barcelona\",\"publisher\":{\"@id\":\"https:\\\/\\\/confederaciopenyes.cat\\\/es\\\/#organization\"},\"potentialAction\":[{\"@type\":\"SearchAction\",\"target\":{\"@type\":\"EntryPoint\",\"urlTemplate\":\"https:\\\/\\\/confederaciopenyes.cat\\\/es\\\/?s={search_term_string}\"},\"query-input\":{\"@type\":\"PropertyValueSpecification\",\"valueRequired\":true,\"valueName\":\"search_term_string\"}}],\"inLanguage\":\"es\"},{\"@type\":\"Organization\",\"@id\":\"https:\\\/\\\/confederaciopenyes.cat\\\/es\\\/#organization\",\"name\":\"Confederaci\u00f3 Mundial de Penyes del FC Barcelona\",\"url\":\"https:\\\/\\\/confederaciopenyes.cat\\\/es\\\/\",\"logo\":{\"@type\":\"ImageObject\",\"inLanguage\":\"es\",\"@id\":\"https:\\\/\\\/confederaciopenyes.cat\\\/es\\\/#\\\/schema\\\/logo\\\/image\\\/\",\"url\":\"https:\\\/\\\/confederaciopenyes.cat\\\/wp-content\\\/uploads\\\/2022\\\/07\\\/cropped-logo_horizontal.png\",\"contentUrl\":\"https:\\\/\\\/confederaciopenyes.cat\\\/wp-content\\\/uploads\\\/2022\\\/07\\\/cropped-logo_horizontal.png\",\"width\":1320,\"height\":309,\"caption\":\"Confederaci\u00f3 Mundial de Penyes del FC Barcelona\"},\"image\":{\"@id\":\"https:\\\/\\\/confederaciopenyes.cat\\\/es\\\/#\\\/schema\\\/logo\\\/image\\\/\"},\"sameAs\":[\"https:\\\/\\\/www.facebook.com\\\/ConfederacioMundialPenyesFCB\",\"https:\\\/\\\/x.com\\\/ConfePenyesFCB\",\"https:\\\/\\\/www.instagram.com\\\/confepenyesfcb\\\/\"]},{\"@type\":\"Person\",\"@id\":\"https:\\\/\\\/confederaciopenyes.cat\\\/es\\\/#\\\/schema\\\/person\\\/337072f6daef87a85aa59aa1f134387c\",\"name\":\"Confederaci\u00f3 Mundial de Penyes del FC Barcelona\",\"image\":{\"@type\":\"ImageObject\",\"inLanguage\":\"es\",\"@id\":\"https:\\\/\\\/secure.gravatar.com\\\/avatar\\\/98c60c7405ff843b10aec55db652bd3f5cb4320ef331ae76c156819a62194328?s=96&d=mm&r=g\",\"url\":\"https:\\\/\\\/secure.gravatar.com\\\/avatar\\\/98c60c7405ff843b10aec55db652bd3f5cb4320ef331ae76c156819a62194328?s=96&d=mm&r=g\",\"contentUrl\":\"https:\\\/\\\/secure.gravatar.com\\\/avatar\\\/98c60c7405ff843b10aec55db652bd3f5cb4320ef331ae76c156819a62194328?s=96&d=mm&r=g\",\"caption\":\"Confederaci\u00f3 Mundial de Penyes del FC Barcelona\"},\"url\":\"https:\\\/\\\/confederaciopenyes.cat\\\/es\\\/author\\\/comunicacioconfederaciopenyes-cat\\\/\"}]}<\/script>\n<!-- \/ Yoast SEO Premium plugin. -->","yoast_head_json":{"title":"Nuevo encuentro de\u00a0la PB\u00a0Abidjan\u00a0con sus pe\u00f1istas\u00a0 - CMP","description":"La PB Abidjan de Costa de Marfil organiz\u00f3 un nuevo encuentro con sus pe\u00f1istas para ver un partido del Bar\u00e7a y romper el ayuno por el Ramad\u00e1n.","robots":{"index":"index","follow":"follow","max-snippet":"max-snippet:-1","max-image-preview":"max-image-preview:large","max-video-preview":"max-video-preview:-1"},"canonical":"https:\/\/confederaciopenyes.cat\/es\/nuevo-encuentro-pb-abidjan-con-sus-penistas\/","og_locale":"es_ES","og_type":"article","og_title":"Nuevo encuentro de\u00a0la PB\u00a0Abidjan\u00a0con sus pe\u00f1istas\u00a0","og_description":"La PB Abidjan de Costa de Marfil organiz\u00f3 un nuevo encuentro con sus pe\u00f1istas para ver un partido del Bar\u00e7a y romper el ayuno por el Ramad\u00e1n.","og_url":"https:\/\/confederaciopenyes.cat\/es\/nuevo-encuentro-pb-abidjan-con-sus-penistas\/","og_site_name":"Confederaci\u00f3 Mundial de Penyes del FC Barcelona","article_publisher":"https:\/\/www.facebook.com\/ConfederacioMundialPenyesFCB","article_published_time":"2026-03-26T10:49:15+00:00","article_modified_time":"2026-03-26T11:16:58+00:00","og_image":[{"width":1108,"height":555,"url":"https:\/\/confederaciopenyes.cat\/wp-content\/uploads\/2026\/03\/652561199_909807481792907_446015314279621820_n-1.jpg","type":"image\/jpeg"}],"author":"Confederaci\u00f3 Mundial de Penyes del FC Barcelona","twitter_card":"summary_large_image","twitter_creator":"@ConfePenyesFCB","twitter_site":"@ConfePenyesFCB","twitter_misc":{"Escrito por":"Confederaci\u00f3 Mundial de Penyes del FC Barcelona","Tiempo de lectura":"3 minutos"},"schema":{"@context":"https:\/\/schema.org","@graph":[{"@type":"Article","@id":"https:\/\/confederaciopenyes.cat\/es\/nuevo-encuentro-pb-abidjan-con-sus-penistas\/#article","isPartOf":{"@id":"https:\/\/confederaciopenyes.cat\/es\/nuevo-encuentro-pb-abidjan-con-sus-penistas\/"},"author":{"name":"Confederaci\u00f3 Mundial de Penyes del FC Barcelona","@id":"https:\/\/confederaciopenyes.cat\/es\/#\/schema\/person\/337072f6daef87a85aa59aa1f134387c"},"headline":"Nuevo encuentro de\u00a0la PB\u00a0Abidjan\u00a0con sus pe\u00f1istas\u00a0","datePublished":"2026-03-26T10:49:15+00:00","dateModified":"2026-03-26T11:16:58+00:00","mainEntityOfPage":{"@id":"https:\/\/confederaciopenyes.cat\/es\/nuevo-encuentro-pb-abidjan-con-sus-penistas\/"},"wordCount":223,"publisher":{"@id":"https:\/\/confederaciopenyes.cat\/es\/#organization"},"image":{"@id":"https:\/\/confederaciopenyes.cat\/es\/nuevo-encuentro-pb-abidjan-con-sus-penistas\/#primaryimage"},"thumbnailUrl":"https:\/\/confederaciopenyes.cat\/wp-content\/uploads\/2026\/03\/652561199_909807481792907_446015314279621820_n-1.jpg","keywords":["confederaci\u00f3 mundial de penyes","Federaci\u00f3n Mundo","noticias","PB Abidjan","pe\u00f1as"],"articleSection":["Noticias"],"inLanguage":"es"},{"@type":"WebPage","@id":"https:\/\/confederaciopenyes.cat\/es\/nuevo-encuentro-pb-abidjan-con-sus-penistas\/","url":"https:\/\/confederaciopenyes.cat\/es\/nuevo-encuentro-pb-abidjan-con-sus-penistas\/","name":"Nuevo encuentro de\u00a0la PB\u00a0Abidjan\u00a0con sus pe\u00f1istas\u00a0 - CMP","isPartOf":{"@id":"https:\/\/confederaciopenyes.cat\/es\/#website"},"primaryImageOfPage":{"@id":"https:\/\/confederaciopenyes.cat\/es\/nuevo-encuentro-pb-abidjan-con-sus-penistas\/#primaryimage"},"image":{"@id":"https:\/\/confederaciopenyes.cat\/es\/nuevo-encuentro-pb-abidjan-con-sus-penistas\/#primaryimage"},"thumbnailUrl":"https:\/\/confederaciopenyes.cat\/wp-content\/uploads\/2026\/03\/652561199_909807481792907_446015314279621820_n-1.jpg","datePublished":"2026-03-26T10:49:15+00:00","dateModified":"2026-03-26T11:16:58+00:00","description":"La PB Abidjan de Costa de Marfil organiz\u00f3 un nuevo encuentro con sus pe\u00f1istas para ver un partido del Bar\u00e7a y romper el ayuno por el Ramad\u00e1n.","breadcrumb":{"@id":"https:\/\/confederaciopenyes.cat\/es\/nuevo-encuentro-pb-abidjan-con-sus-penistas\/#breadcrumb"},"inLanguage":"es","potentialAction":[{"@type":"ReadAction","target":["https:\/\/confederaciopenyes.cat\/es\/nuevo-encuentro-pb-abidjan-con-sus-penistas\/"]}]},{"@type":"ImageObject","inLanguage":"es","@id":"https:\/\/confederaciopenyes.cat\/es\/nuevo-encuentro-pb-abidjan-con-sus-penistas\/#primaryimage","url":"https:\/\/confederaciopenyes.cat\/wp-content\/uploads\/2026\/03\/652561199_909807481792907_446015314279621820_n-1.jpg","contentUrl":"https:\/\/confederaciopenyes.cat\/wp-content\/uploads\/2026\/03\/652561199_909807481792907_446015314279621820_n-1.jpg","width":1108,"height":555},{"@type":"BreadcrumbList","@id":"https:\/\/confederaciopenyes.cat\/es\/nuevo-encuentro-pb-abidjan-con-sus-penistas\/#breadcrumb","itemListElement":[{"@type":"ListItem","position":1,"name":"Inici","item":"https:\/\/confederaciopenyes.cat\/es\/"},{"@type":"ListItem","position":2,"name":"Nuevo encuentro de\u00a0la PB\u00a0Abidjan\u00a0con sus pe\u00f1istas\u00a0"}]},{"@type":"WebSite","@id":"https:\/\/confederaciopenyes.cat\/es\/#website","url":"https:\/\/confederaciopenyes.cat\/es\/","name":"Confederaci\u00f3 Mundial de Penyes del FC Barcelona","description":"C.M. Penyes FC Barcelona","publisher":{"@id":"https:\/\/confederaciopenyes.cat\/es\/#organization"},"potentialAction":[{"@type":"SearchAction","target":{"@type":"EntryPoint","urlTemplate":"https:\/\/confederaciopenyes.cat\/es\/?s={search_term_string}"},"query-input":{"@type":"PropertyValueSpecification","valueRequired":true,"valueName":"search_term_string"}}],"inLanguage":"es"},{"@type":"Organization","@id":"https:\/\/confederaciopenyes.cat\/es\/#organization","name":"Confederaci\u00f3 Mundial de Penyes del FC Barcelona","url":"https:\/\/confederaciopenyes.cat\/es\/","logo":{"@type":"ImageObject","inLanguage":"es","@id":"https:\/\/confederaciopenyes.cat\/es\/#\/schema\/logo\/image\/","url":"https:\/\/confederaciopenyes.cat\/wp-content\/uploads\/2022\/07\/cropped-logo_horizontal.png","contentUrl":"https:\/\/confederaciopenyes.cat\/wp-content\/uploads\/2022\/07\/cropped-logo_horizontal.png","width":1320,"height":309,"caption":"Confederaci\u00f3 Mundial de Penyes del FC Barcelona"},"image":{"@id":"https:\/\/confederaciopenyes.cat\/es\/#\/schema\/logo\/image\/"},"sameAs":["https:\/\/www.facebook.com\/ConfederacioMundialPenyesFCB","https:\/\/x.com\/ConfePenyesFCB","https:\/\/www.instagram.com\/confepenyesfcb\/"]},{"@type":"Person","@id":"https:\/\/confederaciopenyes.cat\/es\/#\/schema\/person\/337072f6daef87a85aa59aa1f134387c","name":"Confederaci\u00f3 Mundial de Penyes del FC Barcelona","image":{"@type":"ImageObject","inLanguage":"es","@id":"https:\/\/secure.gravatar.com\/avatar\/98c60c7405ff843b10aec55db652bd3f5cb4320ef331ae76c156819a62194328?s=96&d=mm&r=g","url":"https:\/\/secure.gravatar.com\/avatar\/98c60c7405ff843b10aec55db652bd3f5cb4320ef331ae76c156819a62194328?s=96&d=mm&r=g","contentUrl":"https:\/\/secure.gravatar.com\/avatar\/98c60c7405ff843b10aec55db652bd3f5cb4320ef331ae76c156819a62194328?s=96&d=mm&r=g","caption":"Confederaci\u00f3 Mundial de Penyes del FC Barcelona"},"url":"https:\/\/confederaciopenyes.cat\/es\/author\/comunicacioconfederaciopenyes-cat\/"}]}},"_links":{"self":[{"href":"https:\/\/confederaciopenyes.cat\/es\/wp-json\/wp\/v2\/posts\/41900","targetHints":{"allow":["GET"]}}],"collection":[{"href":"https:\/\/confederaciopenyes.cat\/es\/wp-json\/wp\/v2\/posts"}],"about":[{"href":"https:\/\/confederaciopenyes.cat\/es\/wp-json\/wp\/v2\/types\/post"}],"author":[{"embeddable":true,"href":"https:\/\/confederaciopenyes.cat\/es\/wp-json\/wp\/v2\/users\/4"}],"replies":[{"embeddable":true,"href":"https:\/\/confederaciopenyes.cat\/es\/wp-json\/wp\/v2\/comments?post=41900"}],"version-history":[{"count":4,"href":"https:\/\/confederaciopenyes.cat\/es\/wp-json\/wp\/v2\/posts\/41900\/revisions"}],"predecessor-version":[{"id":41921,"href":"https:\/\/confederaciopenyes.cat\/es\/wp-json\/wp\/v2\/posts\/41900\/revisions\/41921"}],"wp:featuredmedia":[{"embeddable":true,"href":"https:\/\/confederaciopenyes.cat\/es\/wp-json\/wp\/v2\/media\/41888"}],"wp:attachment":[{"href":"https:\/\/confederaciopenyes.cat\/es\/wp-json\/wp\/v2\/media?parent=41900"}],"wp:term":[{"taxonomy":"category","embeddable":true,"href":"https:\/\/confederaciopenyes.cat\/es\/wp-json\/wp\/v2\/categories?post=41900"},{"taxonomy":"post_tag","embeddable":true,"href":"https:\/\/confederaciopenyes.cat\/es\/wp-json\/wp\/v2\/tags?post=41900"}],"curies":[{"name":"wp","href":"https:\/\/api.w.org\/{rel}","templated":true}]}}