{"id":42781,"date":"2026-04-24T10:36:53","date_gmt":"2026-04-24T08:36:53","guid":{"rendered":"https:\/\/confederaciopenyes.cat\/sant-jordi-vuelve-a-tenirse-de-azulgrana-gracias-a-las-penas\/"},"modified":"2026-04-24T10:46:49","modified_gmt":"2026-04-24T08:46:49","slug":"sant-jordi-vuelve-a-tenirse-de-azulgrana-gracias-a-las-penas","status":"publish","type":"post","link":"https:\/\/confederaciopenyes.cat\/es\/sant-jordi-vuelve-a-tenirse-de-azulgrana-gracias-a-las-penas\/","title":{"rendered":"Sant Jordi vuelve a te\u00f1irse de azulgrana gracias a las pe\u00f1as"},"content":{"rendered":"\n<p>Como cada 23 de abril, las calles se llenaron de rosas y libros con motivo de la <strong>Diada de Sant Jordi<\/strong>, y el movimiento de pe\u00f1as barcelonistas volvi\u00f3 a participar activamente para <strong>te\u00f1ir de azulgrana esta festividad tan especial en todo el territorio catal\u00e1n<\/strong>. Con el apoyo de la Confederaci\u00f3n Mundial de Pe\u00f1as y de las respectivas Federaciones territoriales, numerosas entidades barcelonistas instalaron <strong>puestos propios en sus localidades<\/strong>. <\/p>\n\n<p>Entre muchas otras, fue el caso de la PB \u201cLa Pulga\u201d de Castelldefels, la PB Viladecans, la PB Castellbisbal y la PB Gavanenca (Fed. Baix Llobregat); la PB Premi\u00e0 de Dalt y la PB Matar\u00f3 (Fed. Maresme); la PB Les Corts (Fed. Barcelon\u00e8s Oest); la PB Almog\u00e0vers Empord\u00e0, la PB La Bisbal de l\u2019Empord\u00e0 y la PB Alt Empord\u00e0 (Fed. Giron\u00e8s, Selva, Garrotxa y Pla de l\u2019Estany); y la PB Som un Sentiment (Fed. Lleida Sud y la Franja). Todas ellas <strong>lucieron los colores del Bar\u00e7a y ofrecieron libros, rosas y otros art\u00edculos de tem\u00e1tica barcelonista<\/strong>. Tambi\u00e9n repartieron obsequios y ofrecieron informaci\u00f3n a los visitantes interesados en sumarse al movimiento.  <\/p>\n\n<figure class=\"wp-block-gallery has-nested-images columns-4 is-cropped wp-block-gallery-1 is-layout-flex wp-block-gallery-is-layout-flex\">\n<figure class=\"wp-block-image size-large\"><a href=\"https:\/\/confederaciopenyes.cat\/wp-content\/uploads\/2026\/04\/PB-La-Pulga.jpeg\"><img decoding=\"async\" width=\"1024\" height=\"768\" data-id=\"42714\" data-src=\"https:\/\/confederaciopenyes.cat\/wp-content\/uploads\/2026\/04\/PB-La-Pulga-1024x768.jpeg\" alt=\"\" class=\"wp-image-42714 lazyload\" data-srcset=\"https:\/\/confederaciopenyes.cat\/wp-content\/uploads\/2026\/04\/PB-La-Pulga-1024x768.jpeg 1024w, https:\/\/confederaciopenyes.cat\/wp-content\/uploads\/2026\/04\/PB-La-Pulga-300x225.jpeg 300w, https:\/\/confederaciopenyes.cat\/wp-content\/uploads\/2026\/04\/PB-La-Pulga-768x576.jpeg 768w, https:\/\/confederaciopenyes.cat\/wp-content\/uploads\/2026\/04\/PB-La-Pulga-1536x1152.jpeg 1536w, https:\/\/confederaciopenyes.cat\/wp-content\/uploads\/2026\/04\/PB-La-Pulga.jpeg 2040w\" data-sizes=\"(max-width: 1024px) 100vw, 1024px\" src=\"data:image\/svg+xml;base64,PHN2ZyB3aWR0aD0iMSIgaGVpZ2h0PSIxIiB4bWxucz0iaHR0cDovL3d3dy53My5vcmcvMjAwMC9zdmciPjwvc3ZnPg==\" style=\"--smush-placeholder-width: 1024px; --smush-placeholder-aspect-ratio: 1024\/768;\" \/><\/a><\/figure>\n\n\n\n<figure class=\"wp-block-image size-large\"><a href=\"https:\/\/confederaciopenyes.cat\/wp-content\/uploads\/2026\/04\/PB-Almogavers-Emporda-1-1.jpg\"><img decoding=\"async\" width=\"1024\" height=\"768\" data-id=\"42739\" data-src=\"https:\/\/confederaciopenyes.cat\/wp-content\/uploads\/2026\/04\/PB-Almogavers-Emporda-1-1-1024x768.jpg\" alt=\"\" class=\"wp-image-42739 lazyload\" data-srcset=\"https:\/\/confederaciopenyes.cat\/wp-content\/uploads\/2026\/04\/PB-Almogavers-Emporda-1-1-1024x768.jpg 1024w, https:\/\/confederaciopenyes.cat\/wp-content\/uploads\/2026\/04\/PB-Almogavers-Emporda-1-1-300x225.jpg 300w, https:\/\/confederaciopenyes.cat\/wp-content\/uploads\/2026\/04\/PB-Almogavers-Emporda-1-1-768x576.jpg 768w, https:\/\/confederaciopenyes.cat\/wp-content\/uploads\/2026\/04\/PB-Almogavers-Emporda-1-1-1536x1152.jpg 1536w, https:\/\/confederaciopenyes.cat\/wp-content\/uploads\/2026\/04\/PB-Almogavers-Emporda-1-1.jpg 2048w\" data-sizes=\"(max-width: 1024px) 100vw, 1024px\" src=\"data:image\/svg+xml;base64,PHN2ZyB3aWR0aD0iMSIgaGVpZ2h0PSIxIiB4bWxucz0iaHR0cDovL3d3dy53My5vcmcvMjAwMC9zdmciPjwvc3ZnPg==\" style=\"--smush-placeholder-width: 1024px; --smush-placeholder-aspect-ratio: 1024\/768;\" \/><\/a><\/figure>\n\n\n\n<figure class=\"wp-block-image size-large\"><a href=\"https:\/\/confederaciopenyes.cat\/wp-content\/uploads\/2026\/04\/PB-Mataro-1.jpg\"><img decoding=\"async\" width=\"1024\" height=\"576\" data-id=\"42732\" data-src=\"https:\/\/confederaciopenyes.cat\/wp-content\/uploads\/2026\/04\/PB-Mataro-1-1024x576.jpg\" alt=\"\" class=\"wp-image-42732 lazyload\" data-srcset=\"https:\/\/confederaciopenyes.cat\/wp-content\/uploads\/2026\/04\/PB-Mataro-1-1024x576.jpg 1024w, https:\/\/confederaciopenyes.cat\/wp-content\/uploads\/2026\/04\/PB-Mataro-1-300x169.jpg 300w, https:\/\/confederaciopenyes.cat\/wp-content\/uploads\/2026\/04\/PB-Mataro-1-768x432.jpg 768w, https:\/\/confederaciopenyes.cat\/wp-content\/uploads\/2026\/04\/PB-Mataro-1-1536x864.jpg 1536w, https:\/\/confederaciopenyes.cat\/wp-content\/uploads\/2026\/04\/PB-Mataro-1.jpg 1600w\" data-sizes=\"(max-width: 1024px) 100vw, 1024px\" src=\"data:image\/svg+xml;base64,PHN2ZyB3aWR0aD0iMSIgaGVpZ2h0PSIxIiB4bWxucz0iaHR0cDovL3d3dy53My5vcmcvMjAwMC9zdmciPjwvc3ZnPg==\" style=\"--smush-placeholder-width: 1024px; --smush-placeholder-aspect-ratio: 1024\/576;\" \/><\/a><\/figure>\n\n\n\n<figure class=\"wp-block-image size-large\"><a href=\"https:\/\/confederaciopenyes.cat\/wp-content\/uploads\/2026\/04\/PB-Jove-Cerdanyola.jpg\"><img decoding=\"async\" width=\"1024\" height=\"1024\" data-id=\"42708\" data-src=\"https:\/\/confederaciopenyes.cat\/wp-content\/uploads\/2026\/04\/PB-Jove-Cerdanyola-1024x1024.jpg\" alt=\"\" class=\"wp-image-42708 lazyload\" data-srcset=\"https:\/\/confederaciopenyes.cat\/wp-content\/uploads\/2026\/04\/PB-Jove-Cerdanyola-1024x1024.jpg 1024w, https:\/\/confederaciopenyes.cat\/wp-content\/uploads\/2026\/04\/PB-Jove-Cerdanyola-300x300.jpg 300w, https:\/\/confederaciopenyes.cat\/wp-content\/uploads\/2026\/04\/PB-Jove-Cerdanyola-150x150.jpg 150w, https:\/\/confederaciopenyes.cat\/wp-content\/uploads\/2026\/04\/PB-Jove-Cerdanyola-768x768.jpg 768w, https:\/\/confederaciopenyes.cat\/wp-content\/uploads\/2026\/04\/PB-Jove-Cerdanyola.jpg 1080w\" data-sizes=\"(max-width: 1024px) 100vw, 1024px\" src=\"data:image\/svg+xml;base64,PHN2ZyB3aWR0aD0iMSIgaGVpZ2h0PSIxIiB4bWxucz0iaHR0cDovL3d3dy53My5vcmcvMjAwMC9zdmciPjwvc3ZnPg==\" style=\"--smush-placeholder-width: 1024px; --smush-placeholder-aspect-ratio: 1024\/1024;\" \/><\/a><\/figure>\n\n\n\n<figure class=\"wp-block-image size-large\"><a href=\"https:\/\/confederaciopenyes.cat\/wp-content\/uploads\/2026\/04\/PB-Gavanenca.jpg\"><img decoding=\"async\" width=\"1024\" height=\"1024\" data-id=\"42703\" data-src=\"https:\/\/confederaciopenyes.cat\/wp-content\/uploads\/2026\/04\/PB-Gavanenca-1024x1024.jpg\" alt=\"\" class=\"wp-image-42703 lazyload\" data-srcset=\"https:\/\/confederaciopenyes.cat\/wp-content\/uploads\/2026\/04\/PB-Gavanenca-1024x1024.jpg 1024w, https:\/\/confederaciopenyes.cat\/wp-content\/uploads\/2026\/04\/PB-Gavanenca-300x300.jpg 300w, https:\/\/confederaciopenyes.cat\/wp-content\/uploads\/2026\/04\/PB-Gavanenca-150x150.jpg 150w, https:\/\/confederaciopenyes.cat\/wp-content\/uploads\/2026\/04\/PB-Gavanenca-768x768.jpg 768w, https:\/\/confederaciopenyes.cat\/wp-content\/uploads\/2026\/04\/PB-Gavanenca.jpg 1080w\" data-sizes=\"(max-width: 1024px) 100vw, 1024px\" src=\"data:image\/svg+xml;base64,PHN2ZyB3aWR0aD0iMSIgaGVpZ2h0PSIxIiB4bWxucz0iaHR0cDovL3d3dy53My5vcmcvMjAwMC9zdmciPjwvc3ZnPg==\" style=\"--smush-placeholder-width: 1024px; --smush-placeholder-aspect-ratio: 1024\/1024;\" \/><\/a><\/figure>\n\n\n\n<figure class=\"wp-block-image size-large\"><a href=\"https:\/\/confederaciopenyes.cat\/wp-content\/uploads\/2026\/04\/PB-Almogavers-Emporda-2-1.jpg\"><img decoding=\"async\" width=\"1024\" height=\"768\" data-id=\"42744\" data-src=\"https:\/\/confederaciopenyes.cat\/wp-content\/uploads\/2026\/04\/PB-Almogavers-Emporda-2-1-1024x768.jpg\" alt=\"\" class=\"wp-image-42744 lazyload\" data-srcset=\"https:\/\/confederaciopenyes.cat\/wp-content\/uploads\/2026\/04\/PB-Almogavers-Emporda-2-1-1024x768.jpg 1024w, https:\/\/confederaciopenyes.cat\/wp-content\/uploads\/2026\/04\/PB-Almogavers-Emporda-2-1-300x225.jpg 300w, https:\/\/confederaciopenyes.cat\/wp-content\/uploads\/2026\/04\/PB-Almogavers-Emporda-2-1-768x576.jpg 768w, https:\/\/confederaciopenyes.cat\/wp-content\/uploads\/2026\/04\/PB-Almogavers-Emporda-2-1-1536x1152.jpg 1536w, https:\/\/confederaciopenyes.cat\/wp-content\/uploads\/2026\/04\/PB-Almogavers-Emporda-2-1.jpg 2048w\" data-sizes=\"(max-width: 1024px) 100vw, 1024px\" src=\"data:image\/svg+xml;base64,PHN2ZyB3aWR0aD0iMSIgaGVpZ2h0PSIxIiB4bWxucz0iaHR0cDovL3d3dy53My5vcmcvMjAwMC9zdmciPjwvc3ZnPg==\" style=\"--smush-placeholder-width: 1024px; --smush-placeholder-aspect-ratio: 1024\/768;\" \/><\/a><\/figure>\n\n\n\n<figure class=\"wp-block-image size-large\"><a href=\"https:\/\/confederaciopenyes.cat\/wp-content\/uploads\/2026\/04\/PB-Alt-Emporda-3-1.jpeg\"><img decoding=\"async\" width=\"1024\" height=\"1024\" data-id=\"42729\" data-src=\"https:\/\/confederaciopenyes.cat\/wp-content\/uploads\/2026\/04\/PB-Alt-Emporda-3-1-1024x1024.jpeg\" alt=\"\" class=\"wp-image-42729 lazyload\" data-srcset=\"https:\/\/confederaciopenyes.cat\/wp-content\/uploads\/2026\/04\/PB-Alt-Emporda-3-1-1024x1024.jpeg 1024w, https:\/\/confederaciopenyes.cat\/wp-content\/uploads\/2026\/04\/PB-Alt-Emporda-3-1-300x300.jpeg 300w, https:\/\/confederaciopenyes.cat\/wp-content\/uploads\/2026\/04\/PB-Alt-Emporda-3-1-150x150.jpeg 150w, https:\/\/confederaciopenyes.cat\/wp-content\/uploads\/2026\/04\/PB-Alt-Emporda-3-1-768x768.jpeg 768w, https:\/\/confederaciopenyes.cat\/wp-content\/uploads\/2026\/04\/PB-Alt-Emporda-3-1.jpeg 1440w\" data-sizes=\"(max-width: 1024px) 100vw, 1024px\" src=\"data:image\/svg+xml;base64,PHN2ZyB3aWR0aD0iMSIgaGVpZ2h0PSIxIiB4bWxucz0iaHR0cDovL3d3dy53My5vcmcvMjAwMC9zdmciPjwvc3ZnPg==\" style=\"--smush-placeholder-width: 1024px; --smush-placeholder-aspect-ratio: 1024\/1024;\" \/><\/a><\/figure>\n\n\n\n<figure class=\"wp-block-image size-large\"><a href=\"https:\/\/confederaciopenyes.cat\/wp-content\/uploads\/2026\/04\/PB-Som-un-Sentiment-1.jpg\"><img decoding=\"async\" width=\"981\" height=\"1024\" data-id=\"42735\" data-src=\"https:\/\/confederaciopenyes.cat\/wp-content\/uploads\/2026\/04\/PB-Som-un-Sentiment-1-981x1024.jpg\" alt=\"\" class=\"wp-image-42735 lazyload\" data-srcset=\"https:\/\/confederaciopenyes.cat\/wp-content\/uploads\/2026\/04\/PB-Som-un-Sentiment-1-981x1024.jpg 981w, https:\/\/confederaciopenyes.cat\/wp-content\/uploads\/2026\/04\/PB-Som-un-Sentiment-1-287x300.jpg 287w, https:\/\/confederaciopenyes.cat\/wp-content\/uploads\/2026\/04\/PB-Som-un-Sentiment-1-768x802.jpg 768w, https:\/\/confederaciopenyes.cat\/wp-content\/uploads\/2026\/04\/PB-Som-un-Sentiment-1.jpg 1320w\" data-sizes=\"(max-width: 981px) 100vw, 981px\" src=\"data:image\/svg+xml;base64,PHN2ZyB3aWR0aD0iMSIgaGVpZ2h0PSIxIiB4bWxucz0iaHR0cDovL3d3dy53My5vcmcvMjAwMC9zdmciPjwvc3ZnPg==\" style=\"--smush-placeholder-width: 981px; --smush-placeholder-aspect-ratio: 981\/1024;\" \/><\/a><\/figure>\n<\/figure>\n\n<p><\/p>\n\n<h6 class=\"wp-block-heading\" id=\"h-7e-concurs-de-relats-curts-de-la-pb-villabalter\"><strong>7\u00ba Concurso de Relatos Cortos de la PB Villabalter<\/strong><\/h6>\n\n<p>M\u00e1s all\u00e1 del territorio catal\u00e1n, no falt\u00f3 a su cita anual la <strong><a href=\"https:\/\/www.instagram.com\/pbvillabalter\/\" target=\"_blank\" rel=\"noreferrer noopener\">PB Villabalter<\/a><\/strong> (Fed. Castilla y Le\u00f3n), que nuevamente celebr\u00f3 Sant Jordi con su <strong>Concurso de Relatos Cortos<\/strong>. La <strong>7\u00aa edici\u00f3n<\/strong> de esta iniciativa ya ha anunciado a sus ganadores: David Moreno Sierra, con el 1\u00ba premio, y Jorge Moreno, con el 2\u00ba premio, quienes se han llevado <strong>una camiseta del FC Barcelona y otra de la PB Villabalter<\/strong>, respectivamente. Ambos han narrado <strong>una historia de tan solo 100 palabras relacionada con los equipos del FC Barcelona<\/strong>. Con esta acci\u00f3n ya consolidada, la PB Villabalter tiene como objetivo fomentar la escritura y la inspiraci\u00f3n entre sus miembros.   <\/p>\n<div class=\"wp-block-image\">\n<figure class=\"aligncenter size-large is-resized\"><a href=\"https:\/\/confederaciopenyes.cat\/wp-content\/uploads\/2026\/04\/Relats-Villabalter-scaled.jpg\"><img decoding=\"async\" width=\"1024\" height=\"1024\" data-src=\"https:\/\/confederaciopenyes.cat\/wp-content\/uploads\/2026\/04\/Relats-Villabalter-1024x1024.jpg\" alt=\"\" class=\"wp-image-42747 lazyload\" style=\"--smush-placeholder-width: 1024px; --smush-placeholder-aspect-ratio: 1024\/1024;width:402px;height:auto\" data-srcset=\"https:\/\/confederaciopenyes.cat\/wp-content\/uploads\/2026\/04\/Relats-Villabalter-1024x1024.jpg 1024w, https:\/\/confederaciopenyes.cat\/wp-content\/uploads\/2026\/04\/Relats-Villabalter-300x300.jpg 300w, https:\/\/confederaciopenyes.cat\/wp-content\/uploads\/2026\/04\/Relats-Villabalter-150x150.jpg 150w, https:\/\/confederaciopenyes.cat\/wp-content\/uploads\/2026\/04\/Relats-Villabalter-768x768.jpg 768w, https:\/\/confederaciopenyes.cat\/wp-content\/uploads\/2026\/04\/Relats-Villabalter-1536x1536.jpg 1536w, https:\/\/confederaciopenyes.cat\/wp-content\/uploads\/2026\/04\/Relats-Villabalter-2048x2048.jpg 2048w\" data-sizes=\"(max-width: 1024px) 100vw, 1024px\" src=\"data:image\/svg+xml;base64,PHN2ZyB3aWR0aD0iMSIgaGVpZ2h0PSIxIiB4bWxucz0iaHR0cDovL3d3dy53My5vcmcvMjAwMC9zdmciPjwvc3ZnPg==\" \/><\/a><\/figure>\n<\/div>\n<p><\/p>\n\n<h6 class=\"wp-block-heading\" id=\"h-sant-jordi-arreu-del-mon-gracies-a-les-penyes\"><strong>Sant Jordi en todo el mundo gracias a las pe\u00f1as<\/strong><\/h6>\n\n<p>Un a\u00f1o m\u00e1s, los miles de kil\u00f3metros de distancia no han sido un impedimento para que <strong>algunas pe\u00f1as de la Federaci\u00f3n Mundo hayan exportado esta fiesta a sus respectivos pa\u00edses<\/strong>. Una de ellas ha sido la <strong><a href=\"https:\/\/www.instagram.com\/penyaxilefcb\/\" target=\"_blank\" rel=\"noreferrer noopener\">PB Santiago de Xile<\/a><\/strong>, que particip\u00f3 en una <strong>edici\u00f3n especial de la celebraci\u00f3n organizada por catalanes residentes en Chile<\/strong> y varias entidades. El evento incluy\u00f3 un puesto de libros y rosas, un recital de poemas, el relato de la leyenda de Sant Jordi para darla a conocer a los m\u00e1s j\u00f3venes y una <strong>exposici\u00f3n de camisetas blaugranas por parte de la PB Santiago de Xile<\/strong>. Tambi\u00e9n destac\u00f3 la actuaci\u00f3n de los Castellers de Lo Prado, un grupo chileno que exporta la tradici\u00f3n catalana de los castells.   <\/p>\n\n<p>Por su parte, <strong>la <a href=\"https:\/\/www.instagram.com\/pbspbrasil\/\" target=\"_blank\" rel=\"noreferrer noopener\">PB S\u00e3o Paulo<\/a> ha anunciado un acuerdo con una editorial de Brasil<\/strong> con motivo de Sant Jordi para ofrecer <strong>descuentos a sus pe\u00f1istas en libros sobre Lamine Yamal y el Bar\u00e7a<\/strong>, fomentando as\u00ed la lectura azulgrana. Finalmente, en Estados Unidos, la <strong><a href=\"https:\/\/www.instagram.com\/penyabarcaatx\/\" target=\"_blank\" rel=\"noreferrer noopener\">PB Austin<\/a><\/strong> repetir\u00e1 este s\u00e1bado su iniciativa anual: un <strong>intercambio de libros entre sus pe\u00f1istas y una donaci\u00f3n a la biblioteca p\u00fablica de Austin<\/strong>. De este modo, las pe\u00f1as demuestran su arraigo en la cultura catalana estrechamente ligada al FC Barcelona.  <\/p>\n\n<figure class=\"wp-block-gallery has-nested-images columns-default is-cropped wp-block-gallery-2 is-layout-flex wp-block-gallery-is-layout-flex\">\n<figure class=\"wp-block-image size-large\"><a href=\"https:\/\/confederaciopenyes.cat\/wp-content\/uploads\/2026\/04\/WhatsApp-Image-2026-04-20-at-14.12.25.jpeg\"><img decoding=\"async\" width=\"1024\" height=\"576\" data-id=\"42756\" data-src=\"https:\/\/confederaciopenyes.cat\/wp-content\/uploads\/2026\/04\/WhatsApp-Image-2026-04-20-at-14.12.25-1024x576.jpeg\" alt=\"\" class=\"wp-image-42756 lazyload\" data-srcset=\"https:\/\/confederaciopenyes.cat\/wp-content\/uploads\/2026\/04\/WhatsApp-Image-2026-04-20-at-14.12.25-1024x576.jpeg 1024w, https:\/\/confederaciopenyes.cat\/wp-content\/uploads\/2026\/04\/WhatsApp-Image-2026-04-20-at-14.12.25-300x169.jpeg 300w, https:\/\/confederaciopenyes.cat\/wp-content\/uploads\/2026\/04\/WhatsApp-Image-2026-04-20-at-14.12.25-768x432.jpeg 768w, https:\/\/confederaciopenyes.cat\/wp-content\/uploads\/2026\/04\/WhatsApp-Image-2026-04-20-at-14.12.25-1536x864.jpeg 1536w, https:\/\/confederaciopenyes.cat\/wp-content\/uploads\/2026\/04\/WhatsApp-Image-2026-04-20-at-14.12.25.jpeg 1600w\" data-sizes=\"(max-width: 1024px) 100vw, 1024px\" src=\"data:image\/svg+xml;base64,PHN2ZyB3aWR0aD0iMSIgaGVpZ2h0PSIxIiB4bWxucz0iaHR0cDovL3d3dy53My5vcmcvMjAwMC9zdmciPjwvc3ZnPg==\" style=\"--smush-placeholder-width: 1024px; --smush-placeholder-aspect-ratio: 1024\/576;\" \/><\/a><\/figure>\n\n\n\n<figure class=\"wp-block-image size-large\"><a href=\"https:\/\/confederaciopenyes.cat\/wp-content\/uploads\/2026\/04\/WhatsApp-Image-2026-04-20-at-14.13.12-1-edited.jpeg\"><img decoding=\"async\" width=\"900\" height=\"900\" data-id=\"42774\" data-src=\"https:\/\/confederaciopenyes.cat\/wp-content\/uploads\/2026\/04\/WhatsApp-Image-2026-04-20-at-14.13.12-1-edited.jpeg\" alt=\"\" class=\"wp-image-42774 lazyload\" data-srcset=\"https:\/\/confederaciopenyes.cat\/wp-content\/uploads\/2026\/04\/WhatsApp-Image-2026-04-20-at-14.13.12-1-edited.jpeg 900w, https:\/\/confederaciopenyes.cat\/wp-content\/uploads\/2026\/04\/WhatsApp-Image-2026-04-20-at-14.13.12-1-edited-300x300.jpeg 300w, https:\/\/confederaciopenyes.cat\/wp-content\/uploads\/2026\/04\/WhatsApp-Image-2026-04-20-at-14.13.12-1-edited-150x150.jpeg 150w, https:\/\/confederaciopenyes.cat\/wp-content\/uploads\/2026\/04\/WhatsApp-Image-2026-04-20-at-14.13.12-1-edited-768x768.jpeg 768w\" data-sizes=\"(max-width: 900px) 100vw, 900px\" src=\"data:image\/svg+xml;base64,PHN2ZyB3aWR0aD0iMSIgaGVpZ2h0PSIxIiB4bWxucz0iaHR0cDovL3d3dy53My5vcmcvMjAwMC9zdmciPjwvc3ZnPg==\" style=\"--smush-placeholder-width: 900px; --smush-placeholder-aspect-ratio: 900\/900;\" \/><\/a><\/figure>\n\n\n\n<figure class=\"wp-block-image size-large\"><a href=\"https:\/\/confederaciopenyes.cat\/wp-content\/uploads\/2026\/04\/WhatsApp-Image-2026-04-20-at-14.11.39.jpeg\"><img decoding=\"async\" width=\"1024\" height=\"1024\" data-id=\"42777\" data-src=\"https:\/\/confederaciopenyes.cat\/wp-content\/uploads\/2026\/04\/WhatsApp-Image-2026-04-20-at-14.11.39-1024x1024.jpeg\" alt=\"\" class=\"wp-image-42777 lazyload\" data-srcset=\"https:\/\/confederaciopenyes.cat\/wp-content\/uploads\/2026\/04\/WhatsApp-Image-2026-04-20-at-14.11.39-1024x1024.jpeg 1024w, https:\/\/confederaciopenyes.cat\/wp-content\/uploads\/2026\/04\/WhatsApp-Image-2026-04-20-at-14.11.39-300x300.jpeg 300w, https:\/\/confederaciopenyes.cat\/wp-content\/uploads\/2026\/04\/WhatsApp-Image-2026-04-20-at-14.11.39-150x150.jpeg 150w, https:\/\/confederaciopenyes.cat\/wp-content\/uploads\/2026\/04\/WhatsApp-Image-2026-04-20-at-14.11.39-768x768.jpeg 768w, https:\/\/confederaciopenyes.cat\/wp-content\/uploads\/2026\/04\/WhatsApp-Image-2026-04-20-at-14.11.39.jpeg 1200w\" data-sizes=\"(max-width: 1024px) 100vw, 1024px\" src=\"data:image\/svg+xml;base64,PHN2ZyB3aWR0aD0iMSIgaGVpZ2h0PSIxIiB4bWxucz0iaHR0cDovL3d3dy53My5vcmcvMjAwMC9zdmciPjwvc3ZnPg==\" style=\"--smush-placeholder-width: 1024px; --smush-placeholder-aspect-ratio: 1024\/1024;\" \/><\/a><\/figure>\n\n\n\n<figure class=\"wp-block-image size-large\"><a href=\"https:\/\/confederaciopenyes.cat\/wp-content\/uploads\/2026\/04\/WhatsApp-Image-2026-04-20-at-14.12.51.jpeg\"><img decoding=\"async\" width=\"1024\" height=\"768\" data-id=\"42761\" data-src=\"https:\/\/confederaciopenyes.cat\/wp-content\/uploads\/2026\/04\/WhatsApp-Image-2026-04-20-at-14.12.51-1024x768.jpeg\" alt=\"\" class=\"wp-image-42761 lazyload\" data-srcset=\"https:\/\/confederaciopenyes.cat\/wp-content\/uploads\/2026\/04\/WhatsApp-Image-2026-04-20-at-14.12.51-1024x768.jpeg 1024w, https:\/\/confederaciopenyes.cat\/wp-content\/uploads\/2026\/04\/WhatsApp-Image-2026-04-20-at-14.12.51-300x225.jpeg 300w, https:\/\/confederaciopenyes.cat\/wp-content\/uploads\/2026\/04\/WhatsApp-Image-2026-04-20-at-14.12.51-768x576.jpeg 768w, https:\/\/confederaciopenyes.cat\/wp-content\/uploads\/2026\/04\/WhatsApp-Image-2026-04-20-at-14.12.51-1536x1152.jpeg 1536w, https:\/\/confederaciopenyes.cat\/wp-content\/uploads\/2026\/04\/WhatsApp-Image-2026-04-20-at-14.12.51.jpeg 1600w\" data-sizes=\"(max-width: 1024px) 100vw, 1024px\" src=\"data:image\/svg+xml;base64,PHN2ZyB3aWR0aD0iMSIgaGVpZ2h0PSIxIiB4bWxucz0iaHR0cDovL3d3dy53My5vcmcvMjAwMC9zdmciPjwvc3ZnPg==\" style=\"--smush-placeholder-width: 1024px; --smush-placeholder-aspect-ratio: 1024\/768;\" \/><\/a><\/figure>\n\n\n\n<figure class=\"wp-block-image size-large\"><a href=\"https:\/\/confederaciopenyes.cat\/wp-content\/uploads\/2026\/04\/WhatsApp-Image-2026-04-20-at-14.15.21-4-edited.jpeg\"><img decoding=\"async\" width=\"591\" height=\"591\" data-id=\"42768\" data-src=\"https:\/\/confederaciopenyes.cat\/wp-content\/uploads\/2026\/04\/WhatsApp-Image-2026-04-20-at-14.15.21-4-edited.jpeg\" alt=\"\" class=\"wp-image-42768 lazyload\" data-srcset=\"https:\/\/confederaciopenyes.cat\/wp-content\/uploads\/2026\/04\/WhatsApp-Image-2026-04-20-at-14.15.21-4-edited.jpeg 591w, https:\/\/confederaciopenyes.cat\/wp-content\/uploads\/2026\/04\/WhatsApp-Image-2026-04-20-at-14.15.21-4-edited-300x300.jpeg 300w, https:\/\/confederaciopenyes.cat\/wp-content\/uploads\/2026\/04\/WhatsApp-Image-2026-04-20-at-14.15.21-4-edited-150x150.jpeg 150w\" data-sizes=\"(max-width: 591px) 100vw, 591px\" src=\"data:image\/svg+xml;base64,PHN2ZyB3aWR0aD0iMSIgaGVpZ2h0PSIxIiB4bWxucz0iaHR0cDovL3d3dy53My5vcmcvMjAwMC9zdmciPjwvc3ZnPg==\" style=\"--smush-placeholder-width: 591px; --smush-placeholder-aspect-ratio: 591\/591;\" \/><\/a><\/figure>\n\n\n\n<figure class=\"wp-block-image size-large\"><a href=\"https:\/\/confederaciopenyes.cat\/wp-content\/uploads\/2026\/04\/WhatsApp-Image-2026-04-20-at-14.15.21-3-scaled.jpeg\"><img decoding=\"async\" width=\"1024\" height=\"473\" data-id=\"42757\" data-src=\"https:\/\/confederaciopenyes.cat\/wp-content\/uploads\/2026\/04\/WhatsApp-Image-2026-04-20-at-14.15.21-3-1024x473.jpeg\" alt=\"\" class=\"wp-image-42757 lazyload\" data-srcset=\"https:\/\/confederaciopenyes.cat\/wp-content\/uploads\/2026\/04\/WhatsApp-Image-2026-04-20-at-14.15.21-3-1024x473.jpeg 1024w, https:\/\/confederaciopenyes.cat\/wp-content\/uploads\/2026\/04\/WhatsApp-Image-2026-04-20-at-14.15.21-3-300x139.jpeg 300w, https:\/\/confederaciopenyes.cat\/wp-content\/uploads\/2026\/04\/WhatsApp-Image-2026-04-20-at-14.15.21-3-768x355.jpeg 768w, https:\/\/confederaciopenyes.cat\/wp-content\/uploads\/2026\/04\/WhatsApp-Image-2026-04-20-at-14.15.21-3-1536x710.jpeg 1536w, https:\/\/confederaciopenyes.cat\/wp-content\/uploads\/2026\/04\/WhatsApp-Image-2026-04-20-at-14.15.21-3-2048x946.jpeg 2048w\" data-sizes=\"(max-width: 1024px) 100vw, 1024px\" src=\"data:image\/svg+xml;base64,PHN2ZyB3aWR0aD0iMSIgaGVpZ2h0PSIxIiB4bWxucz0iaHR0cDovL3d3dy53My5vcmcvMjAwMC9zdmciPjwvc3ZnPg==\" style=\"--smush-placeholder-width: 1024px; --smush-placeholder-aspect-ratio: 1024\/473;\" \/><\/a><\/figure>\n<\/figure>\n","protected":false},"excerpt":{"rendered":"<p>Como cada 23 de abril, las calles se llenaron de rosas y libros con motivo de la Diada de Sant Jordi, y el movimiento de pe\u00f1as barcelonistas volvi\u00f3 a participar activamente para te\u00f1ir de azulgrana esta festividad tan especial en todo el territorio catal\u00e1n. Con el apoyo de la Confederaci\u00f3n Mundial de Pe\u00f1as y de &#8230; <a title=\"Sant Jordi vuelve a te\u00f1irse de azulgrana gracias a las pe\u00f1as\" class=\"read-more\" href=\"https:\/\/confederaciopenyes.cat\/es\/sant-jordi-vuelve-a-tenirse-de-azulgrana-gracias-a-las-penas\/\" aria-label=\"Leer m\u00e1s sobre Sant Jordi vuelve a te\u00f1irse de azulgrana gracias a las pe\u00f1as\">Leer m\u00e1s<\/a><\/p>\n","protected":false},"author":4,"featured_media":42701,"comment_status":"closed","ping_status":"open","sticky":false,"template":"","format":"standard","meta":{"_acf_changed":false,"footnotes":""},"categories":[1],"tags":[2556,2554,2555],"class_list":["post-42781","post","type-post","status-publish","format-standard","has-post-thumbnail","hentry","category-noticias-es","tag-confederacio-mundial-de-penyes-es-2","tag-noticias-es","tag-penas-es"],"acf":[],"yoast_head":"<!-- This site is optimized with the Yoast SEO Premium plugin v26.7 (Yoast SEO v27.4) - https:\/\/yoast.com\/product\/yoast-seo-premium-wordpress\/ -->\n<title>Sant Jordi vuelve a te\u00f1irse de azulgrana gracias a las pe\u00f1as - Confederaci\u00f3 Mundial de Penyes del FC Barcelona<\/title>\n<meta name=\"description\" content=\"Un a\u00f1o m\u00e1s, las pe\u00f1as volvieron a te\u00f1ir la Diada de Sant Jordi de azulgrana, tanto en Catalunya com a nivel internacional.\" \/>\n<meta name=\"robots\" content=\"index, follow, max-snippet:-1, max-image-preview:large, max-video-preview:-1\" \/>\n<link rel=\"canonical\" href=\"https:\/\/confederaciopenyes.cat\/es\/sant-jordi-vuelve-a-tenirse-de-azulgrana-gracias-a-las-penas\/\" \/>\n<meta property=\"og:locale\" content=\"es_ES\" \/>\n<meta property=\"og:type\" content=\"article\" \/>\n<meta property=\"og:title\" content=\"Sant Jordi vuelve a te\u00f1irse de azulgrana gracias a las pe\u00f1as\" \/>\n<meta property=\"og:description\" content=\"Un a\u00f1o m\u00e1s, las pe\u00f1as volvieron a te\u00f1ir la Diada de Sant Jordi de azulgrana, tanto en Catalunya com a nivel internacional.\" \/>\n<meta property=\"og:url\" content=\"https:\/\/confederaciopenyes.cat\/es\/sant-jordi-vuelve-a-tenirse-de-azulgrana-gracias-a-las-penas\/\" \/>\n<meta property=\"og:site_name\" content=\"Confederaci\u00f3 Mundial de Penyes del FC Barcelona\" \/>\n<meta property=\"article:publisher\" content=\"https:\/\/www.facebook.com\/ConfederacioMundialPenyesFCB\" \/>\n<meta property=\"article:published_time\" content=\"2026-04-24T08:36:53+00:00\" \/>\n<meta property=\"article:modified_time\" content=\"2026-04-24T08:46:49+00:00\" \/>\n<meta property=\"og:image\" content=\"https:\/\/confederaciopenyes.cat\/wp-content\/uploads\/2026\/04\/PB-Alt-Emporda.jpeg\" \/>\n\t<meta property=\"og:image:width\" content=\"1440\" \/>\n\t<meta property=\"og:image:height\" content=\"810\" \/>\n\t<meta property=\"og:image:type\" content=\"image\/jpeg\" \/>\n<meta name=\"author\" content=\"Confederaci\u00f3 Mundial de Penyes del FC Barcelona\" \/>\n<meta name=\"twitter:card\" content=\"summary_large_image\" \/>\n<meta name=\"twitter:creator\" content=\"@ConfePenyesFCB\" \/>\n<meta name=\"twitter:site\" content=\"@ConfePenyesFCB\" \/>\n<meta name=\"twitter:label1\" content=\"Escrito por\" \/>\n\t<meta name=\"twitter:data1\" content=\"Confederaci\u00f3 Mundial de Penyes del FC Barcelona\" \/>\n\t<meta name=\"twitter:label2\" content=\"Tiempo de lectura\" \/>\n\t<meta name=\"twitter:data2\" content=\"6 minutos\" \/>\n<script type=\"application\/ld+json\" class=\"yoast-schema-graph\">{\"@context\":\"https:\\\/\\\/schema.org\",\"@graph\":[{\"@type\":\"Article\",\"@id\":\"https:\\\/\\\/confederaciopenyes.cat\\\/es\\\/sant-jordi-vuelve-a-tenirse-de-azulgrana-gracias-a-las-penas\\\/#article\",\"isPartOf\":{\"@id\":\"https:\\\/\\\/confederaciopenyes.cat\\\/es\\\/sant-jordi-vuelve-a-tenirse-de-azulgrana-gracias-a-las-penas\\\/\"},\"author\":{\"name\":\"Confederaci\u00f3 Mundial de Penyes del FC Barcelona\",\"@id\":\"https:\\\/\\\/confederaciopenyes.cat\\\/es\\\/#\\\/schema\\\/person\\\/337072f6daef87a85aa59aa1f134387c\"},\"headline\":\"Sant Jordi vuelve a te\u00f1irse de azulgrana gracias a las pe\u00f1as\",\"datePublished\":\"2026-04-24T08:36:53+00:00\",\"dateModified\":\"2026-04-24T08:46:49+00:00\",\"mainEntityOfPage\":{\"@id\":\"https:\\\/\\\/confederaciopenyes.cat\\\/es\\\/sant-jordi-vuelve-a-tenirse-de-azulgrana-gracias-a-las-penas\\\/\"},\"wordCount\":564,\"publisher\":{\"@id\":\"https:\\\/\\\/confederaciopenyes.cat\\\/es\\\/#organization\"},\"image\":{\"@id\":\"https:\\\/\\\/confederaciopenyes.cat\\\/es\\\/sant-jordi-vuelve-a-tenirse-de-azulgrana-gracias-a-las-penas\\\/#primaryimage\"},\"thumbnailUrl\":\"https:\\\/\\\/confederaciopenyes.cat\\\/wp-content\\\/uploads\\\/2026\\\/04\\\/PB-Alt-Emporda.jpeg\",\"keywords\":[\"confederaci\u00f3 mundial de penyes\",\"noticias\",\"pe\u00f1as\"],\"articleSection\":[\"Noticias\"],\"inLanguage\":\"es\"},{\"@type\":\"WebPage\",\"@id\":\"https:\\\/\\\/confederaciopenyes.cat\\\/es\\\/sant-jordi-vuelve-a-tenirse-de-azulgrana-gracias-a-las-penas\\\/\",\"url\":\"https:\\\/\\\/confederaciopenyes.cat\\\/es\\\/sant-jordi-vuelve-a-tenirse-de-azulgrana-gracias-a-las-penas\\\/\",\"name\":\"Sant Jordi vuelve a te\u00f1irse de azulgrana gracias a las pe\u00f1as - Confederaci\u00f3 Mundial de Penyes del FC Barcelona\",\"isPartOf\":{\"@id\":\"https:\\\/\\\/confederaciopenyes.cat\\\/es\\\/#website\"},\"primaryImageOfPage\":{\"@id\":\"https:\\\/\\\/confederaciopenyes.cat\\\/es\\\/sant-jordi-vuelve-a-tenirse-de-azulgrana-gracias-a-las-penas\\\/#primaryimage\"},\"image\":{\"@id\":\"https:\\\/\\\/confederaciopenyes.cat\\\/es\\\/sant-jordi-vuelve-a-tenirse-de-azulgrana-gracias-a-las-penas\\\/#primaryimage\"},\"thumbnailUrl\":\"https:\\\/\\\/confederaciopenyes.cat\\\/wp-content\\\/uploads\\\/2026\\\/04\\\/PB-Alt-Emporda.jpeg\",\"datePublished\":\"2026-04-24T08:36:53+00:00\",\"dateModified\":\"2026-04-24T08:46:49+00:00\",\"description\":\"Un a\u00f1o m\u00e1s, las pe\u00f1as volvieron a te\u00f1ir la Diada de Sant Jordi de azulgrana, tanto en Catalunya com a nivel internacional.\",\"breadcrumb\":{\"@id\":\"https:\\\/\\\/confederaciopenyes.cat\\\/es\\\/sant-jordi-vuelve-a-tenirse-de-azulgrana-gracias-a-las-penas\\\/#breadcrumb\"},\"inLanguage\":\"es\",\"potentialAction\":[{\"@type\":\"ReadAction\",\"target\":[\"https:\\\/\\\/confederaciopenyes.cat\\\/es\\\/sant-jordi-vuelve-a-tenirse-de-azulgrana-gracias-a-las-penas\\\/\"]}]},{\"@type\":\"ImageObject\",\"inLanguage\":\"es\",\"@id\":\"https:\\\/\\\/confederaciopenyes.cat\\\/es\\\/sant-jordi-vuelve-a-tenirse-de-azulgrana-gracias-a-las-penas\\\/#primaryimage\",\"url\":\"https:\\\/\\\/confederaciopenyes.cat\\\/wp-content\\\/uploads\\\/2026\\\/04\\\/PB-Alt-Emporda.jpeg\",\"contentUrl\":\"https:\\\/\\\/confederaciopenyes.cat\\\/wp-content\\\/uploads\\\/2026\\\/04\\\/PB-Alt-Emporda.jpeg\",\"width\":1440,\"height\":810},{\"@type\":\"BreadcrumbList\",\"@id\":\"https:\\\/\\\/confederaciopenyes.cat\\\/es\\\/sant-jordi-vuelve-a-tenirse-de-azulgrana-gracias-a-las-penas\\\/#breadcrumb\",\"itemListElement\":[{\"@type\":\"ListItem\",\"position\":1,\"name\":\"Portada\",\"item\":\"https:\\\/\\\/confederaciopenyes.cat\\\/es\\\/\"},{\"@type\":\"ListItem\",\"position\":2,\"name\":\"Sant Jordi vuelve a te\u00f1irse de azulgrana gracias a las pe\u00f1as\"}]},{\"@type\":\"WebSite\",\"@id\":\"https:\\\/\\\/confederaciopenyes.cat\\\/es\\\/#website\",\"url\":\"https:\\\/\\\/confederaciopenyes.cat\\\/es\\\/\",\"name\":\"Confederaci\u00f3 Mundial de Penyes del FC Barcelona\",\"description\":\"C.M. Penyes FC Barcelona\",\"publisher\":{\"@id\":\"https:\\\/\\\/confederaciopenyes.cat\\\/es\\\/#organization\"},\"potentialAction\":[{\"@type\":\"SearchAction\",\"target\":{\"@type\":\"EntryPoint\",\"urlTemplate\":\"https:\\\/\\\/confederaciopenyes.cat\\\/es\\\/?s={search_term_string}\"},\"query-input\":{\"@type\":\"PropertyValueSpecification\",\"valueRequired\":true,\"valueName\":\"search_term_string\"}}],\"inLanguage\":\"es\"},{\"@type\":\"Organization\",\"@id\":\"https:\\\/\\\/confederaciopenyes.cat\\\/es\\\/#organization\",\"name\":\"Confederaci\u00f3 Mundial de Penyes del FC Barcelona\",\"url\":\"https:\\\/\\\/confederaciopenyes.cat\\\/es\\\/\",\"logo\":{\"@type\":\"ImageObject\",\"inLanguage\":\"es\",\"@id\":\"https:\\\/\\\/confederaciopenyes.cat\\\/es\\\/#\\\/schema\\\/logo\\\/image\\\/\",\"url\":\"https:\\\/\\\/confederaciopenyes.cat\\\/wp-content\\\/uploads\\\/2022\\\/07\\\/cropped-logo_horizontal.png\",\"contentUrl\":\"https:\\\/\\\/confederaciopenyes.cat\\\/wp-content\\\/uploads\\\/2022\\\/07\\\/cropped-logo_horizontal.png\",\"width\":1320,\"height\":309,\"caption\":\"Confederaci\u00f3 Mundial de Penyes del FC Barcelona\"},\"image\":{\"@id\":\"https:\\\/\\\/confederaciopenyes.cat\\\/es\\\/#\\\/schema\\\/logo\\\/image\\\/\"},\"sameAs\":[\"https:\\\/\\\/www.facebook.com\\\/ConfederacioMundialPenyesFCB\",\"https:\\\/\\\/x.com\\\/ConfePenyesFCB\",\"https:\\\/\\\/www.instagram.com\\\/confepenyesfcb\\\/\"]},{\"@type\":\"Person\",\"@id\":\"https:\\\/\\\/confederaciopenyes.cat\\\/es\\\/#\\\/schema\\\/person\\\/337072f6daef87a85aa59aa1f134387c\",\"name\":\"Confederaci\u00f3 Mundial de Penyes del FC Barcelona\",\"image\":{\"@type\":\"ImageObject\",\"inLanguage\":\"es\",\"@id\":\"https:\\\/\\\/secure.gravatar.com\\\/avatar\\\/98c60c7405ff843b10aec55db652bd3f5cb4320ef331ae76c156819a62194328?s=96&d=mm&r=g\",\"url\":\"https:\\\/\\\/secure.gravatar.com\\\/avatar\\\/98c60c7405ff843b10aec55db652bd3f5cb4320ef331ae76c156819a62194328?s=96&d=mm&r=g\",\"contentUrl\":\"https:\\\/\\\/secure.gravatar.com\\\/avatar\\\/98c60c7405ff843b10aec55db652bd3f5cb4320ef331ae76c156819a62194328?s=96&d=mm&r=g\",\"caption\":\"Confederaci\u00f3 Mundial de Penyes del FC Barcelona\"},\"url\":\"https:\\\/\\\/confederaciopenyes.cat\\\/es\\\/author\\\/comunicacioconfederaciopenyes-cat\\\/\"}]}<\/script>\n<!-- \/ Yoast SEO Premium plugin. -->","yoast_head_json":{"title":"Sant Jordi vuelve a te\u00f1irse de azulgrana gracias a las pe\u00f1as - Confederaci\u00f3 Mundial de Penyes del FC Barcelona","description":"Un a\u00f1o m\u00e1s, las pe\u00f1as volvieron a te\u00f1ir la Diada de Sant Jordi de azulgrana, tanto en Catalunya com a nivel internacional.","robots":{"index":"index","follow":"follow","max-snippet":"max-snippet:-1","max-image-preview":"max-image-preview:large","max-video-preview":"max-video-preview:-1"},"canonical":"https:\/\/confederaciopenyes.cat\/es\/sant-jordi-vuelve-a-tenirse-de-azulgrana-gracias-a-las-penas\/","og_locale":"es_ES","og_type":"article","og_title":"Sant Jordi vuelve a te\u00f1irse de azulgrana gracias a las pe\u00f1as","og_description":"Un a\u00f1o m\u00e1s, las pe\u00f1as volvieron a te\u00f1ir la Diada de Sant Jordi de azulgrana, tanto en Catalunya com a nivel internacional.","og_url":"https:\/\/confederaciopenyes.cat\/es\/sant-jordi-vuelve-a-tenirse-de-azulgrana-gracias-a-las-penas\/","og_site_name":"Confederaci\u00f3 Mundial de Penyes del FC Barcelona","article_publisher":"https:\/\/www.facebook.com\/ConfederacioMundialPenyesFCB","article_published_time":"2026-04-24T08:36:53+00:00","article_modified_time":"2026-04-24T08:46:49+00:00","og_image":[{"width":1440,"height":810,"url":"https:\/\/confederaciopenyes.cat\/wp-content\/uploads\/2026\/04\/PB-Alt-Emporda.jpeg","type":"image\/jpeg"}],"author":"Confederaci\u00f3 Mundial de Penyes del FC Barcelona","twitter_card":"summary_large_image","twitter_creator":"@ConfePenyesFCB","twitter_site":"@ConfePenyesFCB","twitter_misc":{"Escrito por":"Confederaci\u00f3 Mundial de Penyes del FC Barcelona","Tiempo de lectura":"6 minutos"},"schema":{"@context":"https:\/\/schema.org","@graph":[{"@type":"Article","@id":"https:\/\/confederaciopenyes.cat\/es\/sant-jordi-vuelve-a-tenirse-de-azulgrana-gracias-a-las-penas\/#article","isPartOf":{"@id":"https:\/\/confederaciopenyes.cat\/es\/sant-jordi-vuelve-a-tenirse-de-azulgrana-gracias-a-las-penas\/"},"author":{"name":"Confederaci\u00f3 Mundial de Penyes del FC Barcelona","@id":"https:\/\/confederaciopenyes.cat\/es\/#\/schema\/person\/337072f6daef87a85aa59aa1f134387c"},"headline":"Sant Jordi vuelve a te\u00f1irse de azulgrana gracias a las pe\u00f1as","datePublished":"2026-04-24T08:36:53+00:00","dateModified":"2026-04-24T08:46:49+00:00","mainEntityOfPage":{"@id":"https:\/\/confederaciopenyes.cat\/es\/sant-jordi-vuelve-a-tenirse-de-azulgrana-gracias-a-las-penas\/"},"wordCount":564,"publisher":{"@id":"https:\/\/confederaciopenyes.cat\/es\/#organization"},"image":{"@id":"https:\/\/confederaciopenyes.cat\/es\/sant-jordi-vuelve-a-tenirse-de-azulgrana-gracias-a-las-penas\/#primaryimage"},"thumbnailUrl":"https:\/\/confederaciopenyes.cat\/wp-content\/uploads\/2026\/04\/PB-Alt-Emporda.jpeg","keywords":["confederaci\u00f3 mundial de penyes","noticias","pe\u00f1as"],"articleSection":["Noticias"],"inLanguage":"es"},{"@type":"WebPage","@id":"https:\/\/confederaciopenyes.cat\/es\/sant-jordi-vuelve-a-tenirse-de-azulgrana-gracias-a-las-penas\/","url":"https:\/\/confederaciopenyes.cat\/es\/sant-jordi-vuelve-a-tenirse-de-azulgrana-gracias-a-las-penas\/","name":"Sant Jordi vuelve a te\u00f1irse de azulgrana gracias a las pe\u00f1as - Confederaci\u00f3 Mundial de Penyes del FC Barcelona","isPartOf":{"@id":"https:\/\/confederaciopenyes.cat\/es\/#website"},"primaryImageOfPage":{"@id":"https:\/\/confederaciopenyes.cat\/es\/sant-jordi-vuelve-a-tenirse-de-azulgrana-gracias-a-las-penas\/#primaryimage"},"image":{"@id":"https:\/\/confederaciopenyes.cat\/es\/sant-jordi-vuelve-a-tenirse-de-azulgrana-gracias-a-las-penas\/#primaryimage"},"thumbnailUrl":"https:\/\/confederaciopenyes.cat\/wp-content\/uploads\/2026\/04\/PB-Alt-Emporda.jpeg","datePublished":"2026-04-24T08:36:53+00:00","dateModified":"2026-04-24T08:46:49+00:00","description":"Un a\u00f1o m\u00e1s, las pe\u00f1as volvieron a te\u00f1ir la Diada de Sant Jordi de azulgrana, tanto en Catalunya com a nivel internacional.","breadcrumb":{"@id":"https:\/\/confederaciopenyes.cat\/es\/sant-jordi-vuelve-a-tenirse-de-azulgrana-gracias-a-las-penas\/#breadcrumb"},"inLanguage":"es","potentialAction":[{"@type":"ReadAction","target":["https:\/\/confederaciopenyes.cat\/es\/sant-jordi-vuelve-a-tenirse-de-azulgrana-gracias-a-las-penas\/"]}]},{"@type":"ImageObject","inLanguage":"es","@id":"https:\/\/confederaciopenyes.cat\/es\/sant-jordi-vuelve-a-tenirse-de-azulgrana-gracias-a-las-penas\/#primaryimage","url":"https:\/\/confederaciopenyes.cat\/wp-content\/uploads\/2026\/04\/PB-Alt-Emporda.jpeg","contentUrl":"https:\/\/confederaciopenyes.cat\/wp-content\/uploads\/2026\/04\/PB-Alt-Emporda.jpeg","width":1440,"height":810},{"@type":"BreadcrumbList","@id":"https:\/\/confederaciopenyes.cat\/es\/sant-jordi-vuelve-a-tenirse-de-azulgrana-gracias-a-las-penas\/#breadcrumb","itemListElement":[{"@type":"ListItem","position":1,"name":"Portada","item":"https:\/\/confederaciopenyes.cat\/es\/"},{"@type":"ListItem","position":2,"name":"Sant Jordi vuelve a te\u00f1irse de azulgrana gracias a las pe\u00f1as"}]},{"@type":"WebSite","@id":"https:\/\/confederaciopenyes.cat\/es\/#website","url":"https:\/\/confederaciopenyes.cat\/es\/","name":"Confederaci\u00f3 Mundial de Penyes del FC Barcelona","description":"C.M. Penyes FC Barcelona","publisher":{"@id":"https:\/\/confederaciopenyes.cat\/es\/#organization"},"potentialAction":[{"@type":"SearchAction","target":{"@type":"EntryPoint","urlTemplate":"https:\/\/confederaciopenyes.cat\/es\/?s={search_term_string}"},"query-input":{"@type":"PropertyValueSpecification","valueRequired":true,"valueName":"search_term_string"}}],"inLanguage":"es"},{"@type":"Organization","@id":"https:\/\/confederaciopenyes.cat\/es\/#organization","name":"Confederaci\u00f3 Mundial de Penyes del FC Barcelona","url":"https:\/\/confederaciopenyes.cat\/es\/","logo":{"@type":"ImageObject","inLanguage":"es","@id":"https:\/\/confederaciopenyes.cat\/es\/#\/schema\/logo\/image\/","url":"https:\/\/confederaciopenyes.cat\/wp-content\/uploads\/2022\/07\/cropped-logo_horizontal.png","contentUrl":"https:\/\/confederaciopenyes.cat\/wp-content\/uploads\/2022\/07\/cropped-logo_horizontal.png","width":1320,"height":309,"caption":"Confederaci\u00f3 Mundial de Penyes del FC Barcelona"},"image":{"@id":"https:\/\/confederaciopenyes.cat\/es\/#\/schema\/logo\/image\/"},"sameAs":["https:\/\/www.facebook.com\/ConfederacioMundialPenyesFCB","https:\/\/x.com\/ConfePenyesFCB","https:\/\/www.instagram.com\/confepenyesfcb\/"]},{"@type":"Person","@id":"https:\/\/confederaciopenyes.cat\/es\/#\/schema\/person\/337072f6daef87a85aa59aa1f134387c","name":"Confederaci\u00f3 Mundial de Penyes del FC Barcelona","image":{"@type":"ImageObject","inLanguage":"es","@id":"https:\/\/secure.gravatar.com\/avatar\/98c60c7405ff843b10aec55db652bd3f5cb4320ef331ae76c156819a62194328?s=96&d=mm&r=g","url":"https:\/\/secure.gravatar.com\/avatar\/98c60c7405ff843b10aec55db652bd3f5cb4320ef331ae76c156819a62194328?s=96&d=mm&r=g","contentUrl":"https:\/\/secure.gravatar.com\/avatar\/98c60c7405ff843b10aec55db652bd3f5cb4320ef331ae76c156819a62194328?s=96&d=mm&r=g","caption":"Confederaci\u00f3 Mundial de Penyes del FC Barcelona"},"url":"https:\/\/confederaciopenyes.cat\/es\/author\/comunicacioconfederaciopenyes-cat\/"}]}},"_links":{"self":[{"href":"https:\/\/confederaciopenyes.cat\/es\/wp-json\/wp\/v2\/posts\/42781","targetHints":{"allow":["GET"]}}],"collection":[{"href":"https:\/\/confederaciopenyes.cat\/es\/wp-json\/wp\/v2\/posts"}],"about":[{"href":"https:\/\/confederaciopenyes.cat\/es\/wp-json\/wp\/v2\/types\/post"}],"author":[{"embeddable":true,"href":"https:\/\/confederaciopenyes.cat\/es\/wp-json\/wp\/v2\/users\/4"}],"replies":[{"embeddable":true,"href":"https:\/\/confederaciopenyes.cat\/es\/wp-json\/wp\/v2\/comments?post=42781"}],"version-history":[{"count":2,"href":"https:\/\/confederaciopenyes.cat\/es\/wp-json\/wp\/v2\/posts\/42781\/revisions"}],"predecessor-version":[{"id":42783,"href":"https:\/\/confederaciopenyes.cat\/es\/wp-json\/wp\/v2\/posts\/42781\/revisions\/42783"}],"wp:featuredmedia":[{"embeddable":true,"href":"https:\/\/confederaciopenyes.cat\/es\/wp-json\/wp\/v2\/media\/42701"}],"wp:attachment":[{"href":"https:\/\/confederaciopenyes.cat\/es\/wp-json\/wp\/v2\/media?parent=42781"}],"wp:term":[{"taxonomy":"category","embeddable":true,"href":"https:\/\/confederaciopenyes.cat\/es\/wp-json\/wp\/v2\/categories?post=42781"},{"taxonomy":"post_tag","embeddable":true,"href":"https:\/\/confederaciopenyes.cat\/es\/wp-json\/wp\/v2\/tags?post=42781"}],"curies":[{"name":"wp","href":"https:\/\/api.w.org\/{rel}","templated":true}]}}