{"id":42846,"date":"2026-04-27T12:54:33","date_gmt":"2026-04-27T10:54:33","guid":{"rendered":"https:\/\/confederaciopenyes.cat\/la-pb-dakar-pone-en-marcha-la-3a-edicion-de-su-torneo-de-futbol-infantil\/"},"modified":"2026-04-27T13:36:06","modified_gmt":"2026-04-27T11:36:06","slug":"la-pb-dakar-pone-en-marcha-la-3a-edicion-de-su-torneo-de-futbol-infantil","status":"publish","type":"post","link":"https:\/\/confederaciopenyes.cat\/es\/la-pb-dakar-pone-en-marcha-la-3a-edicion-de-su-torneo-de-futbol-infantil\/","title":{"rendered":"La PB Dakar pone en marcha la 3\u00aa edici\u00f3n de su Torneo de F\u00fatbol Infantil"},"content":{"rendered":"\n<p>Tras el gran \u00e9xito registrado en las dos primeras ediciones, la <strong><a href=\"https:\/\/www.instagram.com\/penya_blaugrana_dakar_pbd\/\" target=\"_blank\" rel=\"noreferrer noopener\">Penya Blaugrana de Dakar<\/a><\/strong> (Federaci\u00f3n Mundo) ya ha puesto en marcha la <strong>3\u00aa edici\u00f3n de su Torneo de F\u00fatbol Infantil S13<\/strong>. Este a\u00f1o, la competici\u00f3n se celebra en el <strong>Estadio Alassane Djigo de Pikine<\/strong>, lo que demuestra la consolidaci\u00f3n de esta iniciativa con el objetivo de <strong>promocionar el f\u00fatbol base y transmitir valores a los j\u00f3venes futbolistas senegaleses<\/strong>. Un a\u00f1o m\u00e1s, el torneo cuenta con la participaci\u00f3n de <strong>ocho academias de f\u00fatbol de Senegal<\/strong>: Lamine Mboup Football Club, \u00c9cole de Foot Fara Gomis, Horizon Football Club, Entente Centenaire Gibraltar, \u00c9cole de Foot Challenge Foot, Academy Do Galactic, Puissance FC y \u00c9cole de Foot Feu Mbaye Diouf.  <\/p>\n\n<h6 class=\"wp-block-heading\" id=\"h-tres-jornades-i-festa-final\"><strong>Tres jornadas y fiesta final<\/strong><\/h6>\n\n<p>La primera jornada se celebr\u00f3 recientemente con l<strong>a disputa de los cuatro partidos correspondientes a los cuartos de final<\/strong>, en medio de un gran ambiente futbol\u00edstico marcado por la emoci\u00f3n y el respeto entre los contendientes. Durante la jornada, la PB Dakar entreg\u00f3 <strong>un diploma de participaci\u00f3n enmarcado a todas las academias participantes<\/strong>, como muestra de reconocimiento. La segunda jornada del 3er Torneo de F\u00fatbol Infantil de la PB Dakar tendr\u00e1 lugar el pr\u00f3ximo <strong>domingo 3 de mayo<\/strong>, cuando se disputar\u00e1n las <strong>semifinales y tambi\u00e9n un partido entre los miembros de la pe\u00f1a organizadora<\/strong>.  <\/p>\n\n<p>El d\u00eda culminante del torneo llegar\u00e1 el <strong>domingo 7 de junio, con la celebraci\u00f3n de la gran final y de un partido de gala entre el equipo de la PB Dakar y una asociaci\u00f3n deportiva senegalesa<\/strong>. Este a\u00f1o, el trofeo del vencedor del torneo llevar\u00e1 el nombre de<strong> Mamadou Lamine Mboup<\/strong>, exjugador de la selecci\u00f3n de f\u00fatbol de Senegal y presidente de honor de la PB Dakar, a quien la pe\u00f1a<strong> quiere rendir homenaje<\/strong> tras su reciente fallecimiento. <\/p>\n\n<figure class=\"wp-block-gallery has-nested-images columns-4 is-cropped wp-block-gallery-1 is-layout-flex wp-block-gallery-is-layout-flex\">\n<figure class=\"wp-block-image size-large\"><a href=\"https:\/\/confederaciopenyes.cat\/wp-content\/uploads\/2026\/04\/672683373_1411423961019447_2244943616035046355_n.jpg\"><img decoding=\"async\" width=\"1024\" height=\"682\" data-id=\"42792\" data-src=\"https:\/\/confederaciopenyes.cat\/wp-content\/uploads\/2026\/04\/672683373_1411423961019447_2244943616035046355_n-1024x682.jpg\" alt=\"\" class=\"wp-image-42792 lazyload\" data-srcset=\"https:\/\/confederaciopenyes.cat\/wp-content\/uploads\/2026\/04\/672683373_1411423961019447_2244943616035046355_n-1024x682.jpg 1024w, https:\/\/confederaciopenyes.cat\/wp-content\/uploads\/2026\/04\/672683373_1411423961019447_2244943616035046355_n-300x200.jpg 300w, https:\/\/confederaciopenyes.cat\/wp-content\/uploads\/2026\/04\/672683373_1411423961019447_2244943616035046355_n-768x511.jpg 768w, https:\/\/confederaciopenyes.cat\/wp-content\/uploads\/2026\/04\/672683373_1411423961019447_2244943616035046355_n.jpg 1080w\" data-sizes=\"(max-width: 1024px) 100vw, 1024px\" src=\"data:image\/svg+xml;base64,PHN2ZyB3aWR0aD0iMSIgaGVpZ2h0PSIxIiB4bWxucz0iaHR0cDovL3d3dy53My5vcmcvMjAwMC9zdmciPjwvc3ZnPg==\" style=\"--smush-placeholder-width: 1024px; --smush-placeholder-aspect-ratio: 1024\/682;\" \/><\/a><\/figure>\n\n\n\n<figure class=\"wp-block-image size-large\"><a href=\"https:\/\/confederaciopenyes.cat\/wp-content\/uploads\/2026\/04\/672683119_1411426354352541_713104625388600601_n.jpg\"><img decoding=\"async\" width=\"1024\" height=\"683\" data-id=\"42810\" data-src=\"https:\/\/confederaciopenyes.cat\/wp-content\/uploads\/2026\/04\/672683119_1411426354352541_713104625388600601_n-1024x683.jpg\" alt=\"\" class=\"wp-image-42810 lazyload\" data-srcset=\"https:\/\/confederaciopenyes.cat\/wp-content\/uploads\/2026\/04\/672683119_1411426354352541_713104625388600601_n-1024x683.jpg 1024w, https:\/\/confederaciopenyes.cat\/wp-content\/uploads\/2026\/04\/672683119_1411426354352541_713104625388600601_n-300x200.jpg 300w, https:\/\/confederaciopenyes.cat\/wp-content\/uploads\/2026\/04\/672683119_1411426354352541_713104625388600601_n-768x512.jpg 768w, https:\/\/confederaciopenyes.cat\/wp-content\/uploads\/2026\/04\/672683119_1411426354352541_713104625388600601_n-1536x1024.jpg 1536w, https:\/\/confederaciopenyes.cat\/wp-content\/uploads\/2026\/04\/672683119_1411426354352541_713104625388600601_n.jpg 2048w\" data-sizes=\"(max-width: 1024px) 100vw, 1024px\" src=\"data:image\/svg+xml;base64,PHN2ZyB3aWR0aD0iMSIgaGVpZ2h0PSIxIiB4bWxucz0iaHR0cDovL3d3dy53My5vcmcvMjAwMC9zdmciPjwvc3ZnPg==\" style=\"--smush-placeholder-width: 1024px; --smush-placeholder-aspect-ratio: 1024\/683;\" \/><\/a><\/figure>\n\n\n\n<figure class=\"wp-block-image size-large\"><a href=\"https:\/\/confederaciopenyes.cat\/wp-content\/uploads\/2026\/04\/678686355_1411425331019310_4608642752948892382_n.jpg\"><img decoding=\"async\" width=\"1024\" height=\"1024\" data-id=\"42839\" data-src=\"https:\/\/confederaciopenyes.cat\/wp-content\/uploads\/2026\/04\/678686355_1411425331019310_4608642752948892382_n-1024x1024.jpg\" alt=\"\" class=\"wp-image-42839 lazyload\" data-srcset=\"https:\/\/confederaciopenyes.cat\/wp-content\/uploads\/2026\/04\/678686355_1411425331019310_4608642752948892382_n-1024x1024.jpg 1024w, https:\/\/confederaciopenyes.cat\/wp-content\/uploads\/2026\/04\/678686355_1411425331019310_4608642752948892382_n-300x300.jpg 300w, https:\/\/confederaciopenyes.cat\/wp-content\/uploads\/2026\/04\/678686355_1411425331019310_4608642752948892382_n-150x150.jpg 150w, https:\/\/confederaciopenyes.cat\/wp-content\/uploads\/2026\/04\/678686355_1411425331019310_4608642752948892382_n-768x768.jpg 768w, https:\/\/confederaciopenyes.cat\/wp-content\/uploads\/2026\/04\/678686355_1411425331019310_4608642752948892382_n.jpg 1365w\" data-sizes=\"(max-width: 1024px) 100vw, 1024px\" src=\"data:image\/svg+xml;base64,PHN2ZyB3aWR0aD0iMSIgaGVpZ2h0PSIxIiB4bWxucz0iaHR0cDovL3d3dy53My5vcmcvMjAwMC9zdmciPjwvc3ZnPg==\" style=\"--smush-placeholder-width: 1024px; --smush-placeholder-aspect-ratio: 1024\/1024;\" \/><\/a><\/figure>\n\n\n\n<figure class=\"wp-block-image size-large\"><a href=\"https:\/\/confederaciopenyes.cat\/wp-content\/uploads\/2026\/04\/672688324_1411424511019392_6788352440778912735_n.jpg\"><img decoding=\"async\" width=\"1024\" height=\"760\" data-id=\"42842\" data-src=\"https:\/\/confederaciopenyes.cat\/wp-content\/uploads\/2026\/04\/672688324_1411424511019392_6788352440778912735_n-1024x760.jpg\" alt=\"\" class=\"wp-image-42842 lazyload\" data-srcset=\"https:\/\/confederaciopenyes.cat\/wp-content\/uploads\/2026\/04\/672688324_1411424511019392_6788352440778912735_n-1024x760.jpg 1024w, https:\/\/confederaciopenyes.cat\/wp-content\/uploads\/2026\/04\/672688324_1411424511019392_6788352440778912735_n-300x223.jpg 300w, https:\/\/confederaciopenyes.cat\/wp-content\/uploads\/2026\/04\/672688324_1411424511019392_6788352440778912735_n-768x570.jpg 768w, https:\/\/confederaciopenyes.cat\/wp-content\/uploads\/2026\/04\/672688324_1411424511019392_6788352440778912735_n-1536x1140.jpg 1536w, https:\/\/confederaciopenyes.cat\/wp-content\/uploads\/2026\/04\/672688324_1411424511019392_6788352440778912735_n.jpg 2048w\" data-sizes=\"(max-width: 1024px) 100vw, 1024px\" src=\"data:image\/svg+xml;base64,PHN2ZyB3aWR0aD0iMSIgaGVpZ2h0PSIxIiB4bWxucz0iaHR0cDovL3d3dy53My5vcmcvMjAwMC9zdmciPjwvc3ZnPg==\" style=\"--smush-placeholder-width: 1024px; --smush-placeholder-aspect-ratio: 1024\/760;\" \/><\/a><\/figure>\n\n\n\n<figure class=\"wp-block-image size-large\"><a href=\"https:\/\/confederaciopenyes.cat\/wp-content\/uploads\/2026\/04\/672683880_1411425574352619_3671391450988130399_n.jpg\"><img decoding=\"async\" width=\"1024\" height=\"683\" data-id=\"42801\" data-src=\"https:\/\/confederaciopenyes.cat\/wp-content\/uploads\/2026\/04\/672683880_1411425574352619_3671391450988130399_n-1024x683.jpg\" alt=\"\" class=\"wp-image-42801 lazyload\" data-srcset=\"https:\/\/confederaciopenyes.cat\/wp-content\/uploads\/2026\/04\/672683880_1411425574352619_3671391450988130399_n-1024x683.jpg 1024w, https:\/\/confederaciopenyes.cat\/wp-content\/uploads\/2026\/04\/672683880_1411425574352619_3671391450988130399_n-300x200.jpg 300w, https:\/\/confederaciopenyes.cat\/wp-content\/uploads\/2026\/04\/672683880_1411425574352619_3671391450988130399_n-768x512.jpg 768w, https:\/\/confederaciopenyes.cat\/wp-content\/uploads\/2026\/04\/672683880_1411425574352619_3671391450988130399_n-1536x1024.jpg 1536w, https:\/\/confederaciopenyes.cat\/wp-content\/uploads\/2026\/04\/672683880_1411425574352619_3671391450988130399_n.jpg 2048w\" data-sizes=\"(max-width: 1024px) 100vw, 1024px\" src=\"data:image\/svg+xml;base64,PHN2ZyB3aWR0aD0iMSIgaGVpZ2h0PSIxIiB4bWxucz0iaHR0cDovL3d3dy53My5vcmcvMjAwMC9zdmciPjwvc3ZnPg==\" style=\"--smush-placeholder-width: 1024px; --smush-placeholder-aspect-ratio: 1024\/683;\" \/><\/a><\/figure>\n\n\n\n<figure class=\"wp-block-image size-large\"><a href=\"https:\/\/confederaciopenyes.cat\/wp-content\/uploads\/2026\/04\/672683303_1411426644352512_740746653756509453_n.jpg\"><img decoding=\"async\" width=\"1024\" height=\"683\" data-id=\"42818\" data-src=\"https:\/\/confederaciopenyes.cat\/wp-content\/uploads\/2026\/04\/672683303_1411426644352512_740746653756509453_n-1024x683.jpg\" alt=\"\" class=\"wp-image-42818 lazyload\" data-srcset=\"https:\/\/confederaciopenyes.cat\/wp-content\/uploads\/2026\/04\/672683303_1411426644352512_740746653756509453_n-1024x683.jpg 1024w, https:\/\/confederaciopenyes.cat\/wp-content\/uploads\/2026\/04\/672683303_1411426644352512_740746653756509453_n-300x200.jpg 300w, https:\/\/confederaciopenyes.cat\/wp-content\/uploads\/2026\/04\/672683303_1411426644352512_740746653756509453_n-768x512.jpg 768w, https:\/\/confederaciopenyes.cat\/wp-content\/uploads\/2026\/04\/672683303_1411426644352512_740746653756509453_n-1536x1024.jpg 1536w, https:\/\/confederaciopenyes.cat\/wp-content\/uploads\/2026\/04\/672683303_1411426644352512_740746653756509453_n.jpg 2048w\" data-sizes=\"(max-width: 1024px) 100vw, 1024px\" src=\"data:image\/svg+xml;base64,PHN2ZyB3aWR0aD0iMSIgaGVpZ2h0PSIxIiB4bWxucz0iaHR0cDovL3d3dy53My5vcmcvMjAwMC9zdmciPjwvc3ZnPg==\" style=\"--smush-placeholder-width: 1024px; --smush-placeholder-aspect-ratio: 1024\/683;\" \/><\/a><\/figure>\n\n\n\n<figure class=\"wp-block-image size-large\"><a href=\"https:\/\/confederaciopenyes.cat\/wp-content\/uploads\/2026\/04\/672689394_1411426451019198_828245045617064791_n.jpg\"><img decoding=\"async\" width=\"1024\" height=\"683\" data-id=\"42821\" data-src=\"https:\/\/confederaciopenyes.cat\/wp-content\/uploads\/2026\/04\/672689394_1411426451019198_828245045617064791_n-1024x683.jpg\" alt=\"\" class=\"wp-image-42821 lazyload\" data-srcset=\"https:\/\/confederaciopenyes.cat\/wp-content\/uploads\/2026\/04\/672689394_1411426451019198_828245045617064791_n-1024x683.jpg 1024w, https:\/\/confederaciopenyes.cat\/wp-content\/uploads\/2026\/04\/672689394_1411426451019198_828245045617064791_n-300x200.jpg 300w, https:\/\/confederaciopenyes.cat\/wp-content\/uploads\/2026\/04\/672689394_1411426451019198_828245045617064791_n-768x512.jpg 768w, https:\/\/confederaciopenyes.cat\/wp-content\/uploads\/2026\/04\/672689394_1411426451019198_828245045617064791_n-1536x1024.jpg 1536w, https:\/\/confederaciopenyes.cat\/wp-content\/uploads\/2026\/04\/672689394_1411426451019198_828245045617064791_n.jpg 2048w\" data-sizes=\"(max-width: 1024px) 100vw, 1024px\" src=\"data:image\/svg+xml;base64,PHN2ZyB3aWR0aD0iMSIgaGVpZ2h0PSIxIiB4bWxucz0iaHR0cDovL3d3dy53My5vcmcvMjAwMC9zdmciPjwvc3ZnPg==\" style=\"--smush-placeholder-width: 1024px; --smush-placeholder-aspect-ratio: 1024\/683;\" \/><\/a><\/figure>\n\n\n\n<figure class=\"wp-block-image size-large\"><a href=\"https:\/\/confederaciopenyes.cat\/wp-content\/uploads\/2026\/04\/673544884_1411425501019293_8297877525895321563_n.jpg\"><img decoding=\"async\" width=\"1024\" height=\"683\" data-id=\"42824\" data-src=\"https:\/\/confederaciopenyes.cat\/wp-content\/uploads\/2026\/04\/673544884_1411425501019293_8297877525895321563_n-1024x683.jpg\" alt=\"\" class=\"wp-image-42824 lazyload\" data-srcset=\"https:\/\/confederaciopenyes.cat\/wp-content\/uploads\/2026\/04\/673544884_1411425501019293_8297877525895321563_n-1024x683.jpg 1024w, https:\/\/confederaciopenyes.cat\/wp-content\/uploads\/2026\/04\/673544884_1411425501019293_8297877525895321563_n-300x200.jpg 300w, https:\/\/confederaciopenyes.cat\/wp-content\/uploads\/2026\/04\/673544884_1411425501019293_8297877525895321563_n-768x512.jpg 768w, https:\/\/confederaciopenyes.cat\/wp-content\/uploads\/2026\/04\/673544884_1411425501019293_8297877525895321563_n-1536x1024.jpg 1536w, https:\/\/confederaciopenyes.cat\/wp-content\/uploads\/2026\/04\/673544884_1411425501019293_8297877525895321563_n.jpg 2048w\" data-sizes=\"(max-width: 1024px) 100vw, 1024px\" src=\"data:image\/svg+xml;base64,PHN2ZyB3aWR0aD0iMSIgaGVpZ2h0PSIxIiB4bWxucz0iaHR0cDovL3d3dy53My5vcmcvMjAwMC9zdmciPjwvc3ZnPg==\" style=\"--smush-placeholder-width: 1024px; --smush-placeholder-aspect-ratio: 1024\/683;\" \/><\/a><\/figure>\n\n\n\n<figure class=\"wp-block-image size-large\"><a href=\"https:\/\/confederaciopenyes.cat\/wp-content\/uploads\/2026\/04\/675251891_1411425407685969_311181845661827518_n.jpg\"><img decoding=\"async\" width=\"1024\" height=\"683\" data-id=\"42827\" data-src=\"https:\/\/confederaciopenyes.cat\/wp-content\/uploads\/2026\/04\/675251891_1411425407685969_311181845661827518_n-1024x683.jpg\" alt=\"\" class=\"wp-image-42827 lazyload\" data-srcset=\"https:\/\/confederaciopenyes.cat\/wp-content\/uploads\/2026\/04\/675251891_1411425407685969_311181845661827518_n-1024x683.jpg 1024w, https:\/\/confederaciopenyes.cat\/wp-content\/uploads\/2026\/04\/675251891_1411425407685969_311181845661827518_n-300x200.jpg 300w, https:\/\/confederaciopenyes.cat\/wp-content\/uploads\/2026\/04\/675251891_1411425407685969_311181845661827518_n-768x512.jpg 768w, https:\/\/confederaciopenyes.cat\/wp-content\/uploads\/2026\/04\/675251891_1411425407685969_311181845661827518_n-1536x1024.jpg 1536w, https:\/\/confederaciopenyes.cat\/wp-content\/uploads\/2026\/04\/675251891_1411425407685969_311181845661827518_n.jpg 2048w\" data-sizes=\"(max-width: 1024px) 100vw, 1024px\" src=\"data:image\/svg+xml;base64,PHN2ZyB3aWR0aD0iMSIgaGVpZ2h0PSIxIiB4bWxucz0iaHR0cDovL3d3dy53My5vcmcvMjAwMC9zdmciPjwvc3ZnPg==\" style=\"--smush-placeholder-width: 1024px; --smush-placeholder-aspect-ratio: 1024\/683;\" \/><\/a><\/figure>\n\n\n\n<figure class=\"wp-block-image size-large\"><a href=\"https:\/\/confederaciopenyes.cat\/wp-content\/uploads\/2026\/04\/675284689_1411426564352520_6793214867685796369_n.jpg\"><img decoding=\"async\" width=\"1024\" height=\"683\" data-id=\"42830\" data-src=\"https:\/\/confederaciopenyes.cat\/wp-content\/uploads\/2026\/04\/675284689_1411426564352520_6793214867685796369_n-1024x683.jpg\" alt=\"\" class=\"wp-image-42830 lazyload\" data-srcset=\"https:\/\/confederaciopenyes.cat\/wp-content\/uploads\/2026\/04\/675284689_1411426564352520_6793214867685796369_n-1024x683.jpg 1024w, https:\/\/confederaciopenyes.cat\/wp-content\/uploads\/2026\/04\/675284689_1411426564352520_6793214867685796369_n-300x200.jpg 300w, https:\/\/confederaciopenyes.cat\/wp-content\/uploads\/2026\/04\/675284689_1411426564352520_6793214867685796369_n-768x512.jpg 768w, https:\/\/confederaciopenyes.cat\/wp-content\/uploads\/2026\/04\/675284689_1411426564352520_6793214867685796369_n-1536x1024.jpg 1536w, https:\/\/confederaciopenyes.cat\/wp-content\/uploads\/2026\/04\/675284689_1411426564352520_6793214867685796369_n.jpg 2048w\" data-sizes=\"(max-width: 1024px) 100vw, 1024px\" src=\"data:image\/svg+xml;base64,PHN2ZyB3aWR0aD0iMSIgaGVpZ2h0PSIxIiB4bWxucz0iaHR0cDovL3d3dy53My5vcmcvMjAwMC9zdmciPjwvc3ZnPg==\" style=\"--smush-placeholder-width: 1024px; --smush-placeholder-aspect-ratio: 1024\/683;\" \/><\/a><\/figure>\n\n\n\n<figure class=\"wp-block-image size-large\"><a href=\"https:\/\/confederaciopenyes.cat\/wp-content\/uploads\/2026\/04\/672685980_1411425104352666_4651657825356390382_n.jpg\"><img decoding=\"async\" width=\"1024\" height=\"683\" data-id=\"42833\" data-src=\"https:\/\/confederaciopenyes.cat\/wp-content\/uploads\/2026\/04\/672685980_1411425104352666_4651657825356390382_n-1024x683.jpg\" alt=\"\" class=\"wp-image-42833 lazyload\" data-srcset=\"https:\/\/confederaciopenyes.cat\/wp-content\/uploads\/2026\/04\/672685980_1411425104352666_4651657825356390382_n-1024x683.jpg 1024w, https:\/\/confederaciopenyes.cat\/wp-content\/uploads\/2026\/04\/672685980_1411425104352666_4651657825356390382_n-300x200.jpg 300w, https:\/\/confederaciopenyes.cat\/wp-content\/uploads\/2026\/04\/672685980_1411425104352666_4651657825356390382_n-768x512.jpg 768w, https:\/\/confederaciopenyes.cat\/wp-content\/uploads\/2026\/04\/672685980_1411425104352666_4651657825356390382_n-1536x1024.jpg 1536w, https:\/\/confederaciopenyes.cat\/wp-content\/uploads\/2026\/04\/672685980_1411425104352666_4651657825356390382_n.jpg 2048w\" data-sizes=\"(max-width: 1024px) 100vw, 1024px\" src=\"data:image\/svg+xml;base64,PHN2ZyB3aWR0aD0iMSIgaGVpZ2h0PSIxIiB4bWxucz0iaHR0cDovL3d3dy53My5vcmcvMjAwMC9zdmciPjwvc3ZnPg==\" style=\"--smush-placeholder-width: 1024px; --smush-placeholder-aspect-ratio: 1024\/683;\" \/><\/a><\/figure>\n\n\n\n<figure class=\"wp-block-image size-large\"><a href=\"https:\/\/confederaciopenyes.cat\/wp-content\/uploads\/2026\/04\/672688324_1411425987685911_4773595430176533466_n.jpg\"><img decoding=\"async\" width=\"1024\" height=\"683\" data-id=\"42836\" data-src=\"https:\/\/confederaciopenyes.cat\/wp-content\/uploads\/2026\/04\/672688324_1411425987685911_4773595430176533466_n-1024x683.jpg\" alt=\"\" class=\"wp-image-42836 lazyload\" data-srcset=\"https:\/\/confederaciopenyes.cat\/wp-content\/uploads\/2026\/04\/672688324_1411425987685911_4773595430176533466_n-1024x683.jpg 1024w, https:\/\/confederaciopenyes.cat\/wp-content\/uploads\/2026\/04\/672688324_1411425987685911_4773595430176533466_n-300x200.jpg 300w, https:\/\/confederaciopenyes.cat\/wp-content\/uploads\/2026\/04\/672688324_1411425987685911_4773595430176533466_n-768x512.jpg 768w, https:\/\/confederaciopenyes.cat\/wp-content\/uploads\/2026\/04\/672688324_1411425987685911_4773595430176533466_n-1536x1024.jpg 1536w, https:\/\/confederaciopenyes.cat\/wp-content\/uploads\/2026\/04\/672688324_1411425987685911_4773595430176533466_n.jpg 2048w\" data-sizes=\"(max-width: 1024px) 100vw, 1024px\" src=\"data:image\/svg+xml;base64,PHN2ZyB3aWR0aD0iMSIgaGVpZ2h0PSIxIiB4bWxucz0iaHR0cDovL3d3dy53My5vcmcvMjAwMC9zdmciPjwvc3ZnPg==\" style=\"--smush-placeholder-width: 1024px; --smush-placeholder-aspect-ratio: 1024\/683;\" \/><\/a><\/figure>\n<\/figure>\n\n<p><\/p>\n","protected":false},"excerpt":{"rendered":"<p>Tras el gran \u00e9xito registrado en las dos primeras ediciones, la Penya Blaugrana de Dakar (Federaci\u00f3n Mundo) ya ha puesto en marcha la 3\u00aa edici\u00f3n de su Torneo de F\u00fatbol Infantil S13. Este a\u00f1o, la competici\u00f3n se celebra en el Estadio Alassane Djigo de Pikine, lo que demuestra la consolidaci\u00f3n de esta iniciativa con el &#8230; <a title=\"La PB Dakar pone en marcha la 3\u00aa edici\u00f3n de su Torneo de F\u00fatbol Infantil\" class=\"read-more\" href=\"https:\/\/confederaciopenyes.cat\/es\/la-pb-dakar-pone-en-marcha-la-3a-edicion-de-su-torneo-de-futbol-infantil\/\" aria-label=\"Leer m\u00e1s sobre La PB Dakar pone en marcha la 3\u00aa edici\u00f3n de su Torneo de F\u00fatbol Infantil\">Leer m\u00e1s<\/a><\/p>\n","protected":false},"author":4,"featured_media":42817,"comment_status":"closed","ping_status":"open","sticky":false,"template":"","format":"standard","meta":{"_acf_changed":false,"footnotes":""},"categories":[1],"tags":[2594,3345,2595,2689,2555,2737],"class_list":["post-42846","post","type-post","status-publish","format-standard","has-post-thumbnail","hentry","category-noticias-es","tag-confederacio-mundial-de-penyes-es-3","tag-federacion-mundo-es","tag-noticias-es-2","tag-pb-dakar-es","tag-penas-es","tag-torneo-futbol-es"],"acf":[],"yoast_head":"<!-- This site is optimized with the Yoast SEO Premium plugin v26.7 (Yoast SEO v27.4) - https:\/\/yoast.com\/product\/yoast-seo-premium-wordpress\/ -->\n<title>La PB Dakar pone en marcha la 3\u00aa edici\u00f3n de su Torneo - C.M.P.<\/title>\n<meta name=\"description\" content=\"La PB Dakar ha iniciado la 3\u00aa edici\u00f3n de su Torneo Infantil de f\u00fatbol, con la participaci\u00f3n de ocho academias y un homenaje a Mamadou Lamine Mboup.\" \/>\n<meta name=\"robots\" content=\"index, follow, max-snippet:-1, max-image-preview:large, max-video-preview:-1\" \/>\n<link rel=\"canonical\" href=\"https:\/\/confederaciopenyes.cat\/es\/la-pb-dakar-pone-en-marcha-la-3a-edicion-de-su-torneo-de-futbol-infantil\/\" \/>\n<meta property=\"og:locale\" content=\"es_ES\" \/>\n<meta property=\"og:type\" content=\"article\" \/>\n<meta property=\"og:title\" content=\"La PB Dakar pone en marcha la 3\u00aa edici\u00f3n de su Torneo de F\u00fatbol Infantil\" \/>\n<meta property=\"og:description\" content=\"La PB Dakar ha iniciado la 3\u00aa edici\u00f3n de su Torneo Infantil de f\u00fatbol, con la participaci\u00f3n de ocho academias y un homenaje a Mamadou Lamine Mboup.\" \/>\n<meta property=\"og:url\" content=\"https:\/\/confederaciopenyes.cat\/es\/la-pb-dakar-pone-en-marcha-la-3a-edicion-de-su-torneo-de-futbol-infantil\/\" \/>\n<meta property=\"og:site_name\" content=\"Confederaci\u00f3 Mundial de Penyes del FC Barcelona\" \/>\n<meta property=\"article:publisher\" content=\"https:\/\/www.facebook.com\/ConfederacioMundialPenyesFCB\" \/>\n<meta property=\"article:published_time\" content=\"2026-04-27T10:54:33+00:00\" \/>\n<meta property=\"article:modified_time\" content=\"2026-04-27T11:36:06+00:00\" \/>\n<meta property=\"og:image\" content=\"https:\/\/confederaciopenyes.cat\/wp-content\/uploads\/2026\/04\/672683281_1411423834352793_7760899222031302684_n-1.jpg\" \/>\n\t<meta property=\"og:image:width\" content=\"2048\" \/>\n\t<meta property=\"og:image:height\" content=\"1156\" \/>\n\t<meta property=\"og:image:type\" content=\"image\/jpeg\" \/>\n<meta name=\"author\" content=\"Confederaci\u00f3 Mundial de Penyes del FC Barcelona\" \/>\n<meta name=\"twitter:card\" content=\"summary_large_image\" \/>\n<meta name=\"twitter:creator\" content=\"@ConfePenyesFCB\" \/>\n<meta name=\"twitter:site\" content=\"@ConfePenyesFCB\" \/>\n<meta name=\"twitter:label1\" content=\"Escrito por\" \/>\n\t<meta name=\"twitter:data1\" content=\"Confederaci\u00f3 Mundial de Penyes del FC Barcelona\" \/>\n\t<meta name=\"twitter:label2\" content=\"Tiempo de lectura\" \/>\n\t<meta name=\"twitter:data2\" content=\"5 minutos\" \/>\n<script type=\"application\/ld+json\" class=\"yoast-schema-graph\">{\"@context\":\"https:\\\/\\\/schema.org\",\"@graph\":[{\"@type\":\"Article\",\"@id\":\"https:\\\/\\\/confederaciopenyes.cat\\\/es\\\/la-pb-dakar-pone-en-marcha-la-3a-edicion-de-su-torneo-de-futbol-infantil\\\/#article\",\"isPartOf\":{\"@id\":\"https:\\\/\\\/confederaciopenyes.cat\\\/es\\\/la-pb-dakar-pone-en-marcha-la-3a-edicion-de-su-torneo-de-futbol-infantil\\\/\"},\"author\":{\"name\":\"Confederaci\u00f3 Mundial de Penyes del FC Barcelona\",\"@id\":\"https:\\\/\\\/confederaciopenyes.cat\\\/es\\\/#\\\/schema\\\/person\\\/337072f6daef87a85aa59aa1f134387c\"},\"headline\":\"La PB Dakar pone en marcha la 3\u00aa edici\u00f3n de su Torneo de F\u00fatbol Infantil\",\"datePublished\":\"2026-04-27T10:54:33+00:00\",\"dateModified\":\"2026-04-27T11:36:06+00:00\",\"mainEntityOfPage\":{\"@id\":\"https:\\\/\\\/confederaciopenyes.cat\\\/es\\\/la-pb-dakar-pone-en-marcha-la-3a-edicion-de-su-torneo-de-futbol-infantil\\\/\"},\"wordCount\":334,\"publisher\":{\"@id\":\"https:\\\/\\\/confederaciopenyes.cat\\\/es\\\/#organization\"},\"image\":{\"@id\":\"https:\\\/\\\/confederaciopenyes.cat\\\/es\\\/la-pb-dakar-pone-en-marcha-la-3a-edicion-de-su-torneo-de-futbol-infantil\\\/#primaryimage\"},\"thumbnailUrl\":\"https:\\\/\\\/confederaciopenyes.cat\\\/wp-content\\\/uploads\\\/2026\\\/04\\\/672683281_1411423834352793_7760899222031302684_n-1.jpg\",\"keywords\":[\"confederaci\u00f3 mundial de penyes\",\"Federaci\u00f3n Mundo\",\"noticias\",\"PB Dakar\",\"pe\u00f1as\",\"torneo f\u00fatbol\"],\"articleSection\":[\"Noticias\"],\"inLanguage\":\"es\"},{\"@type\":\"WebPage\",\"@id\":\"https:\\\/\\\/confederaciopenyes.cat\\\/es\\\/la-pb-dakar-pone-en-marcha-la-3a-edicion-de-su-torneo-de-futbol-infantil\\\/\",\"url\":\"https:\\\/\\\/confederaciopenyes.cat\\\/es\\\/la-pb-dakar-pone-en-marcha-la-3a-edicion-de-su-torneo-de-futbol-infantil\\\/\",\"name\":\"La PB Dakar pone en marcha la 3\u00aa edici\u00f3n de su Torneo - C.M.P.\",\"isPartOf\":{\"@id\":\"https:\\\/\\\/confederaciopenyes.cat\\\/es\\\/#website\"},\"primaryImageOfPage\":{\"@id\":\"https:\\\/\\\/confederaciopenyes.cat\\\/es\\\/la-pb-dakar-pone-en-marcha-la-3a-edicion-de-su-torneo-de-futbol-infantil\\\/#primaryimage\"},\"image\":{\"@id\":\"https:\\\/\\\/confederaciopenyes.cat\\\/es\\\/la-pb-dakar-pone-en-marcha-la-3a-edicion-de-su-torneo-de-futbol-infantil\\\/#primaryimage\"},\"thumbnailUrl\":\"https:\\\/\\\/confederaciopenyes.cat\\\/wp-content\\\/uploads\\\/2026\\\/04\\\/672683281_1411423834352793_7760899222031302684_n-1.jpg\",\"datePublished\":\"2026-04-27T10:54:33+00:00\",\"dateModified\":\"2026-04-27T11:36:06+00:00\",\"description\":\"La PB Dakar ha iniciado la 3\u00aa edici\u00f3n de su Torneo Infantil de f\u00fatbol, con la participaci\u00f3n de ocho academias y un homenaje a Mamadou Lamine Mboup.\",\"breadcrumb\":{\"@id\":\"https:\\\/\\\/confederaciopenyes.cat\\\/es\\\/la-pb-dakar-pone-en-marcha-la-3a-edicion-de-su-torneo-de-futbol-infantil\\\/#breadcrumb\"},\"inLanguage\":\"es\",\"potentialAction\":[{\"@type\":\"ReadAction\",\"target\":[\"https:\\\/\\\/confederaciopenyes.cat\\\/es\\\/la-pb-dakar-pone-en-marcha-la-3a-edicion-de-su-torneo-de-futbol-infantil\\\/\"]}]},{\"@type\":\"ImageObject\",\"inLanguage\":\"es\",\"@id\":\"https:\\\/\\\/confederaciopenyes.cat\\\/es\\\/la-pb-dakar-pone-en-marcha-la-3a-edicion-de-su-torneo-de-futbol-infantil\\\/#primaryimage\",\"url\":\"https:\\\/\\\/confederaciopenyes.cat\\\/wp-content\\\/uploads\\\/2026\\\/04\\\/672683281_1411423834352793_7760899222031302684_n-1.jpg\",\"contentUrl\":\"https:\\\/\\\/confederaciopenyes.cat\\\/wp-content\\\/uploads\\\/2026\\\/04\\\/672683281_1411423834352793_7760899222031302684_n-1.jpg\",\"width\":2048,\"height\":1156},{\"@type\":\"BreadcrumbList\",\"@id\":\"https:\\\/\\\/confederaciopenyes.cat\\\/es\\\/la-pb-dakar-pone-en-marcha-la-3a-edicion-de-su-torneo-de-futbol-infantil\\\/#breadcrumb\",\"itemListElement\":[{\"@type\":\"ListItem\",\"position\":1,\"name\":\"Portada\",\"item\":\"https:\\\/\\\/confederaciopenyes.cat\\\/es\\\/\"},{\"@type\":\"ListItem\",\"position\":2,\"name\":\"La PB Dakar pone en marcha la 3\u00aa edici\u00f3n de su Torneo de F\u00fatbol Infantil\"}]},{\"@type\":\"WebSite\",\"@id\":\"https:\\\/\\\/confederaciopenyes.cat\\\/es\\\/#website\",\"url\":\"https:\\\/\\\/confederaciopenyes.cat\\\/es\\\/\",\"name\":\"Confederaci\u00f3 Mundial de Penyes del FC Barcelona\",\"description\":\"C.M. Penyes FC Barcelona\",\"publisher\":{\"@id\":\"https:\\\/\\\/confederaciopenyes.cat\\\/es\\\/#organization\"},\"potentialAction\":[{\"@type\":\"SearchAction\",\"target\":{\"@type\":\"EntryPoint\",\"urlTemplate\":\"https:\\\/\\\/confederaciopenyes.cat\\\/es\\\/?s={search_term_string}\"},\"query-input\":{\"@type\":\"PropertyValueSpecification\",\"valueRequired\":true,\"valueName\":\"search_term_string\"}}],\"inLanguage\":\"es\"},{\"@type\":\"Organization\",\"@id\":\"https:\\\/\\\/confederaciopenyes.cat\\\/es\\\/#organization\",\"name\":\"Confederaci\u00f3 Mundial de Penyes del FC Barcelona\",\"url\":\"https:\\\/\\\/confederaciopenyes.cat\\\/es\\\/\",\"logo\":{\"@type\":\"ImageObject\",\"inLanguage\":\"es\",\"@id\":\"https:\\\/\\\/confederaciopenyes.cat\\\/es\\\/#\\\/schema\\\/logo\\\/image\\\/\",\"url\":\"https:\\\/\\\/confederaciopenyes.cat\\\/wp-content\\\/uploads\\\/2022\\\/07\\\/cropped-logo_horizontal.png\",\"contentUrl\":\"https:\\\/\\\/confederaciopenyes.cat\\\/wp-content\\\/uploads\\\/2022\\\/07\\\/cropped-logo_horizontal.png\",\"width\":1320,\"height\":309,\"caption\":\"Confederaci\u00f3 Mundial de Penyes del FC Barcelona\"},\"image\":{\"@id\":\"https:\\\/\\\/confederaciopenyes.cat\\\/es\\\/#\\\/schema\\\/logo\\\/image\\\/\"},\"sameAs\":[\"https:\\\/\\\/www.facebook.com\\\/ConfederacioMundialPenyesFCB\",\"https:\\\/\\\/x.com\\\/ConfePenyesFCB\",\"https:\\\/\\\/www.instagram.com\\\/confepenyesfcb\\\/\"]},{\"@type\":\"Person\",\"@id\":\"https:\\\/\\\/confederaciopenyes.cat\\\/es\\\/#\\\/schema\\\/person\\\/337072f6daef87a85aa59aa1f134387c\",\"name\":\"Confederaci\u00f3 Mundial de Penyes del FC Barcelona\",\"image\":{\"@type\":\"ImageObject\",\"inLanguage\":\"es\",\"@id\":\"https:\\\/\\\/secure.gravatar.com\\\/avatar\\\/98c60c7405ff843b10aec55db652bd3f5cb4320ef331ae76c156819a62194328?s=96&d=mm&r=g\",\"url\":\"https:\\\/\\\/secure.gravatar.com\\\/avatar\\\/98c60c7405ff843b10aec55db652bd3f5cb4320ef331ae76c156819a62194328?s=96&d=mm&r=g\",\"contentUrl\":\"https:\\\/\\\/secure.gravatar.com\\\/avatar\\\/98c60c7405ff843b10aec55db652bd3f5cb4320ef331ae76c156819a62194328?s=96&d=mm&r=g\",\"caption\":\"Confederaci\u00f3 Mundial de Penyes del FC Barcelona\"},\"url\":\"https:\\\/\\\/confederaciopenyes.cat\\\/es\\\/author\\\/comunicacioconfederaciopenyes-cat\\\/\"}]}<\/script>\n<!-- \/ Yoast SEO Premium plugin. -->","yoast_head_json":{"title":"La PB Dakar pone en marcha la 3\u00aa edici\u00f3n de su Torneo - C.M.P.","description":"La PB Dakar ha iniciado la 3\u00aa edici\u00f3n de su Torneo Infantil de f\u00fatbol, con la participaci\u00f3n de ocho academias y un homenaje a Mamadou Lamine Mboup.","robots":{"index":"index","follow":"follow","max-snippet":"max-snippet:-1","max-image-preview":"max-image-preview:large","max-video-preview":"max-video-preview:-1"},"canonical":"https:\/\/confederaciopenyes.cat\/es\/la-pb-dakar-pone-en-marcha-la-3a-edicion-de-su-torneo-de-futbol-infantil\/","og_locale":"es_ES","og_type":"article","og_title":"La PB Dakar pone en marcha la 3\u00aa edici\u00f3n de su Torneo de F\u00fatbol Infantil","og_description":"La PB Dakar ha iniciado la 3\u00aa edici\u00f3n de su Torneo Infantil de f\u00fatbol, con la participaci\u00f3n de ocho academias y un homenaje a Mamadou Lamine Mboup.","og_url":"https:\/\/confederaciopenyes.cat\/es\/la-pb-dakar-pone-en-marcha-la-3a-edicion-de-su-torneo-de-futbol-infantil\/","og_site_name":"Confederaci\u00f3 Mundial de Penyes del FC Barcelona","article_publisher":"https:\/\/www.facebook.com\/ConfederacioMundialPenyesFCB","article_published_time":"2026-04-27T10:54:33+00:00","article_modified_time":"2026-04-27T11:36:06+00:00","og_image":[{"width":2048,"height":1156,"url":"https:\/\/confederaciopenyes.cat\/wp-content\/uploads\/2026\/04\/672683281_1411423834352793_7760899222031302684_n-1.jpg","type":"image\/jpeg"}],"author":"Confederaci\u00f3 Mundial de Penyes del FC Barcelona","twitter_card":"summary_large_image","twitter_creator":"@ConfePenyesFCB","twitter_site":"@ConfePenyesFCB","twitter_misc":{"Escrito por":"Confederaci\u00f3 Mundial de Penyes del FC Barcelona","Tiempo de lectura":"5 minutos"},"schema":{"@context":"https:\/\/schema.org","@graph":[{"@type":"Article","@id":"https:\/\/confederaciopenyes.cat\/es\/la-pb-dakar-pone-en-marcha-la-3a-edicion-de-su-torneo-de-futbol-infantil\/#article","isPartOf":{"@id":"https:\/\/confederaciopenyes.cat\/es\/la-pb-dakar-pone-en-marcha-la-3a-edicion-de-su-torneo-de-futbol-infantil\/"},"author":{"name":"Confederaci\u00f3 Mundial de Penyes del FC Barcelona","@id":"https:\/\/confederaciopenyes.cat\/es\/#\/schema\/person\/337072f6daef87a85aa59aa1f134387c"},"headline":"La PB Dakar pone en marcha la 3\u00aa edici\u00f3n de su Torneo de F\u00fatbol Infantil","datePublished":"2026-04-27T10:54:33+00:00","dateModified":"2026-04-27T11:36:06+00:00","mainEntityOfPage":{"@id":"https:\/\/confederaciopenyes.cat\/es\/la-pb-dakar-pone-en-marcha-la-3a-edicion-de-su-torneo-de-futbol-infantil\/"},"wordCount":334,"publisher":{"@id":"https:\/\/confederaciopenyes.cat\/es\/#organization"},"image":{"@id":"https:\/\/confederaciopenyes.cat\/es\/la-pb-dakar-pone-en-marcha-la-3a-edicion-de-su-torneo-de-futbol-infantil\/#primaryimage"},"thumbnailUrl":"https:\/\/confederaciopenyes.cat\/wp-content\/uploads\/2026\/04\/672683281_1411423834352793_7760899222031302684_n-1.jpg","keywords":["confederaci\u00f3 mundial de penyes","Federaci\u00f3n Mundo","noticias","PB Dakar","pe\u00f1as","torneo f\u00fatbol"],"articleSection":["Noticias"],"inLanguage":"es"},{"@type":"WebPage","@id":"https:\/\/confederaciopenyes.cat\/es\/la-pb-dakar-pone-en-marcha-la-3a-edicion-de-su-torneo-de-futbol-infantil\/","url":"https:\/\/confederaciopenyes.cat\/es\/la-pb-dakar-pone-en-marcha-la-3a-edicion-de-su-torneo-de-futbol-infantil\/","name":"La PB Dakar pone en marcha la 3\u00aa edici\u00f3n de su Torneo - C.M.P.","isPartOf":{"@id":"https:\/\/confederaciopenyes.cat\/es\/#website"},"primaryImageOfPage":{"@id":"https:\/\/confederaciopenyes.cat\/es\/la-pb-dakar-pone-en-marcha-la-3a-edicion-de-su-torneo-de-futbol-infantil\/#primaryimage"},"image":{"@id":"https:\/\/confederaciopenyes.cat\/es\/la-pb-dakar-pone-en-marcha-la-3a-edicion-de-su-torneo-de-futbol-infantil\/#primaryimage"},"thumbnailUrl":"https:\/\/confederaciopenyes.cat\/wp-content\/uploads\/2026\/04\/672683281_1411423834352793_7760899222031302684_n-1.jpg","datePublished":"2026-04-27T10:54:33+00:00","dateModified":"2026-04-27T11:36:06+00:00","description":"La PB Dakar ha iniciado la 3\u00aa edici\u00f3n de su Torneo Infantil de f\u00fatbol, con la participaci\u00f3n de ocho academias y un homenaje a Mamadou Lamine Mboup.","breadcrumb":{"@id":"https:\/\/confederaciopenyes.cat\/es\/la-pb-dakar-pone-en-marcha-la-3a-edicion-de-su-torneo-de-futbol-infantil\/#breadcrumb"},"inLanguage":"es","potentialAction":[{"@type":"ReadAction","target":["https:\/\/confederaciopenyes.cat\/es\/la-pb-dakar-pone-en-marcha-la-3a-edicion-de-su-torneo-de-futbol-infantil\/"]}]},{"@type":"ImageObject","inLanguage":"es","@id":"https:\/\/confederaciopenyes.cat\/es\/la-pb-dakar-pone-en-marcha-la-3a-edicion-de-su-torneo-de-futbol-infantil\/#primaryimage","url":"https:\/\/confederaciopenyes.cat\/wp-content\/uploads\/2026\/04\/672683281_1411423834352793_7760899222031302684_n-1.jpg","contentUrl":"https:\/\/confederaciopenyes.cat\/wp-content\/uploads\/2026\/04\/672683281_1411423834352793_7760899222031302684_n-1.jpg","width":2048,"height":1156},{"@type":"BreadcrumbList","@id":"https:\/\/confederaciopenyes.cat\/es\/la-pb-dakar-pone-en-marcha-la-3a-edicion-de-su-torneo-de-futbol-infantil\/#breadcrumb","itemListElement":[{"@type":"ListItem","position":1,"name":"Portada","item":"https:\/\/confederaciopenyes.cat\/es\/"},{"@type":"ListItem","position":2,"name":"La PB Dakar pone en marcha la 3\u00aa edici\u00f3n de su Torneo de F\u00fatbol Infantil"}]},{"@type":"WebSite","@id":"https:\/\/confederaciopenyes.cat\/es\/#website","url":"https:\/\/confederaciopenyes.cat\/es\/","name":"Confederaci\u00f3 Mundial de Penyes del FC Barcelona","description":"C.M. Penyes FC Barcelona","publisher":{"@id":"https:\/\/confederaciopenyes.cat\/es\/#organization"},"potentialAction":[{"@type":"SearchAction","target":{"@type":"EntryPoint","urlTemplate":"https:\/\/confederaciopenyes.cat\/es\/?s={search_term_string}"},"query-input":{"@type":"PropertyValueSpecification","valueRequired":true,"valueName":"search_term_string"}}],"inLanguage":"es"},{"@type":"Organization","@id":"https:\/\/confederaciopenyes.cat\/es\/#organization","name":"Confederaci\u00f3 Mundial de Penyes del FC Barcelona","url":"https:\/\/confederaciopenyes.cat\/es\/","logo":{"@type":"ImageObject","inLanguage":"es","@id":"https:\/\/confederaciopenyes.cat\/es\/#\/schema\/logo\/image\/","url":"https:\/\/confederaciopenyes.cat\/wp-content\/uploads\/2022\/07\/cropped-logo_horizontal.png","contentUrl":"https:\/\/confederaciopenyes.cat\/wp-content\/uploads\/2022\/07\/cropped-logo_horizontal.png","width":1320,"height":309,"caption":"Confederaci\u00f3 Mundial de Penyes del FC Barcelona"},"image":{"@id":"https:\/\/confederaciopenyes.cat\/es\/#\/schema\/logo\/image\/"},"sameAs":["https:\/\/www.facebook.com\/ConfederacioMundialPenyesFCB","https:\/\/x.com\/ConfePenyesFCB","https:\/\/www.instagram.com\/confepenyesfcb\/"]},{"@type":"Person","@id":"https:\/\/confederaciopenyes.cat\/es\/#\/schema\/person\/337072f6daef87a85aa59aa1f134387c","name":"Confederaci\u00f3 Mundial de Penyes del FC Barcelona","image":{"@type":"ImageObject","inLanguage":"es","@id":"https:\/\/secure.gravatar.com\/avatar\/98c60c7405ff843b10aec55db652bd3f5cb4320ef331ae76c156819a62194328?s=96&d=mm&r=g","url":"https:\/\/secure.gravatar.com\/avatar\/98c60c7405ff843b10aec55db652bd3f5cb4320ef331ae76c156819a62194328?s=96&d=mm&r=g","contentUrl":"https:\/\/secure.gravatar.com\/avatar\/98c60c7405ff843b10aec55db652bd3f5cb4320ef331ae76c156819a62194328?s=96&d=mm&r=g","caption":"Confederaci\u00f3 Mundial de Penyes del FC Barcelona"},"url":"https:\/\/confederaciopenyes.cat\/es\/author\/comunicacioconfederaciopenyes-cat\/"}]}},"_links":{"self":[{"href":"https:\/\/confederaciopenyes.cat\/es\/wp-json\/wp\/v2\/posts\/42846","targetHints":{"allow":["GET"]}}],"collection":[{"href":"https:\/\/confederaciopenyes.cat\/es\/wp-json\/wp\/v2\/posts"}],"about":[{"href":"https:\/\/confederaciopenyes.cat\/es\/wp-json\/wp\/v2\/types\/post"}],"author":[{"embeddable":true,"href":"https:\/\/confederaciopenyes.cat\/es\/wp-json\/wp\/v2\/users\/4"}],"replies":[{"embeddable":true,"href":"https:\/\/confederaciopenyes.cat\/es\/wp-json\/wp\/v2\/comments?post=42846"}],"version-history":[{"count":3,"href":"https:\/\/confederaciopenyes.cat\/es\/wp-json\/wp\/v2\/posts\/42846\/revisions"}],"predecessor-version":[{"id":42852,"href":"https:\/\/confederaciopenyes.cat\/es\/wp-json\/wp\/v2\/posts\/42846\/revisions\/42852"}],"wp:featuredmedia":[{"embeddable":true,"href":"https:\/\/confederaciopenyes.cat\/es\/wp-json\/wp\/v2\/media\/42817"}],"wp:attachment":[{"href":"https:\/\/confederaciopenyes.cat\/es\/wp-json\/wp\/v2\/media?parent=42846"}],"wp:term":[{"taxonomy":"category","embeddable":true,"href":"https:\/\/confederaciopenyes.cat\/es\/wp-json\/wp\/v2\/categories?post=42846"},{"taxonomy":"post_tag","embeddable":true,"href":"https:\/\/confederaciopenyes.cat\/es\/wp-json\/wp\/v2\/tags?post=42846"}],"curies":[{"name":"wp","href":"https:\/\/api.w.org\/{rel}","templated":true}]}}