{"id":4495,"date":"2022-11-09T11:23:29","date_gmt":"2022-11-09T10:23:29","guid":{"rendered":"https:\/\/confederaciopenyes.cat\/?p=4495"},"modified":"2023-01-12T16:17:47","modified_gmt":"2023-01-12T15:17:47","slug":"agradecimiento-penas-gerard-pique","status":"publish","type":"post","link":"https:\/\/confederaciopenyes.cat\/es\/agradecimiento-penas-gerard-pique\/","title":{"rendered":"El agradecimiento de las pe\u00f1as a Gerard Piqu\u00e9"},"content":{"rendered":"\n<p>El pasado jueves, todo el barcelonismo qued\u00f3 conmocionado por el <strong>anuncio de retirada de Gerard Piqu\u00e9<\/strong>. En el s\u00ed del colectivo de pe\u00f1as, la noticia caus\u00f3 impacto y las reacciones de agradecimiento no se hicieron esperar. <strong>Tanto la Confederaci\u00f3 Mundial de Penyes como sus federaciones territoriales y todas las pe\u00f1as azulgranas expresaron un enorme agradecimiento al central<\/strong>, recordando sus t\u00edtulos, goles y momentos m\u00e1s memorables. Tambi\u00e9n hicieron hincapi\u00e9 a ese \u201ctornar\u00e9\u201d que afirma Piqu\u00e9 en el v\u00eddeo que public\u00f3.<\/p>\n\n\n\n<p>En el mismo sentido, fueron muchas las pe\u00f1as que <strong>quisieron despedirse del \u201c3\u201d azulgrana en su \u00faltimo partido en el Spotify Camp Nou<\/strong>. Centenares de pe\u00f1istas de todo el territorio acudieron al estadio para participar en el homenaje y as\u00ed poder agradecer en directo todas las alegr\u00edas vividas junto a Piqu\u00e9. Incluso ayer, pese al horario intempestivo entre semana, hubo pe\u00f1as azulgranas que viajaron expresamente a El Sadar para acompa\u00f1ar a Gerard en su \u00faltimo partido como futbolista del FC Barcelona.<\/p>\n\n\n\n<h6 class=\"wp-block-heading\"><strong>Implicaci\u00f3n y compromiso<\/strong><\/h6>\n\n\n\n<p>Adem\u00e1s de la brillante trayectoria y de su capacidad de hacer disfrutar a toda la afici\u00f3n barcelonista, el movimiento de pe\u00f1as tambi\u00e9n quiso <strong>destacar la enorme implicaci\u00f3n de Piqu\u00e9 con el Club y con los colores<\/strong>. Al fin y al cabo, su condici\u00f3n de cul\u00e9 de nacimiento hace que los pe\u00f1istas lo identifiquen f\u00e1cilmente como uno de ellos. Su <strong>excelencia y esfuerzo dentro del campo<\/strong> son valores muy apreciados, pero tambi\u00e9n lo son la firme convicci\u00f3n que el central ha demostrado a la hora de <strong>defender siempre al FC Barcelona<\/strong>.<\/p>\n\n\n\n<p>No resulta extra\u00f1o, pues, que Piqu\u00e9 se haya convertido en <strong>una figura muy querida entre el colectivo pe\u00f1\u00edstico<\/strong>. De hecho, existe una pe\u00f1a de la <strong>Federaci\u00f3 Lleida Sud<\/strong> que lleva su nombre: la <strong><a href=\"https:\/\/www.santguim.cat\/el-municipi\/entitats-i-associacions\/penya-blaugrana-gerard-pique\" target=\"_blank\" rel=\"noreferrer noopener\">Penya Barcelonista Gerard Piqu\u00e9<\/a> de Sant Guim de Freixenet<\/strong>. El propio jugador estuvo presente en la inauguraci\u00f3n de la entidad, la cual tiene un peso especial para \u00e9l porque <strong>pertenece al pueblo natal de su abuela y su padre<\/strong>. Por otro lado, el jugador <strong>se ha mostrado muy cercano cada vez que ha coincidido con miembros del colectivo pe\u00f1\u00edstico<\/strong>, como por ejemplo en las giras de pretemporada, entre otros escenarios.<\/p>\n\n\n\n<figure class=\"wp-block-gallery has-nested-images columns-default is-cropped wp-block-gallery-1 is-layout-flex wp-block-gallery-is-layout-flex\">\n<figure class=\"wp-block-image size-large is-style-default\"><a href=\"https:\/\/confederaciopenyes.cat\/wp-content\/uploads\/2022\/11\/2011-07-17-I-ANIVERSARIO-PB-GERARD-PIQUE-012-1-scaled.jpg\"><img decoding=\"async\" width=\"1024\" height=\"681\" data-id=\"4496\" data-src=\"https:\/\/confederaciopenyes.cat\/wp-content\/uploads\/2022\/11\/2011-07-17-I-ANIVERSARIO-PB-GERARD-PIQUE-012-1-1024x681.jpg\" alt=\"\" class=\"wp-image-4496 lazyload\" data-srcset=\"https:\/\/confederaciopenyes.cat\/wp-content\/uploads\/2022\/11\/2011-07-17-I-ANIVERSARIO-PB-GERARD-PIQUE-012-1-1024x681.jpg 1024w, https:\/\/confederaciopenyes.cat\/wp-content\/uploads\/2022\/11\/2011-07-17-I-ANIVERSARIO-PB-GERARD-PIQUE-012-1-300x200.jpg 300w, https:\/\/confederaciopenyes.cat\/wp-content\/uploads\/2022\/11\/2011-07-17-I-ANIVERSARIO-PB-GERARD-PIQUE-012-1-768x511.jpg 768w, https:\/\/confederaciopenyes.cat\/wp-content\/uploads\/2022\/11\/2011-07-17-I-ANIVERSARIO-PB-GERARD-PIQUE-012-1-1536x1022.jpg 1536w, https:\/\/confederaciopenyes.cat\/wp-content\/uploads\/2022\/11\/2011-07-17-I-ANIVERSARIO-PB-GERARD-PIQUE-012-1-2048x1363.jpg 2048w\" data-sizes=\"(max-width: 1024px) 100vw, 1024px\" src=\"data:image\/svg+xml;base64,PHN2ZyB3aWR0aD0iMSIgaGVpZ2h0PSIxIiB4bWxucz0iaHR0cDovL3d3dy53My5vcmcvMjAwMC9zdmciPjwvc3ZnPg==\" style=\"--smush-placeholder-width: 1024px; --smush-placeholder-aspect-ratio: 1024\/681;\" \/><\/a><\/figure>\n\n\n\n<figure class=\"wp-block-image size-large is-style-default\"><a href=\"https:\/\/confederaciopenyes.cat\/wp-content\/uploads\/2022\/11\/2010-07-30-INAUGURACION-PB-GERARD-PIQUE-028-1-scaled.jpg\"><img decoding=\"async\" width=\"1024\" height=\"682\" data-id=\"4497\" data-src=\"https:\/\/confederaciopenyes.cat\/wp-content\/uploads\/2022\/11\/2010-07-30-INAUGURACION-PB-GERARD-PIQUE-028-1-1024x682.jpg\" alt=\"\" class=\"wp-image-4497 lazyload\" data-srcset=\"https:\/\/confederaciopenyes.cat\/wp-content\/uploads\/2022\/11\/2010-07-30-INAUGURACION-PB-GERARD-PIQUE-028-1-1024x682.jpg 1024w, https:\/\/confederaciopenyes.cat\/wp-content\/uploads\/2022\/11\/2010-07-30-INAUGURACION-PB-GERARD-PIQUE-028-1-300x200.jpg 300w, https:\/\/confederaciopenyes.cat\/wp-content\/uploads\/2022\/11\/2010-07-30-INAUGURACION-PB-GERARD-PIQUE-028-1-768x512.jpg 768w, https:\/\/confederaciopenyes.cat\/wp-content\/uploads\/2022\/11\/2010-07-30-INAUGURACION-PB-GERARD-PIQUE-028-1-1536x1024.jpg 1536w, https:\/\/confederaciopenyes.cat\/wp-content\/uploads\/2022\/11\/2010-07-30-INAUGURACION-PB-GERARD-PIQUE-028-1-2048x1365.jpg 2048w\" data-sizes=\"(max-width: 1024px) 100vw, 1024px\" src=\"data:image\/svg+xml;base64,PHN2ZyB3aWR0aD0iMSIgaGVpZ2h0PSIxIiB4bWxucz0iaHR0cDovL3d3dy53My5vcmcvMjAwMC9zdmciPjwvc3ZnPg==\" style=\"--smush-placeholder-width: 1024px; --smush-placeholder-aspect-ratio: 1024\/682;\" \/><\/a><\/figure>\n<\/figure>\n","protected":false},"excerpt":{"rendered":"<p>El pasado jueves, todo el barcelonismo qued\u00f3 conmocionado por el anuncio de retirada de Gerard Piqu\u00e9. En el s\u00ed del colectivo de pe\u00f1as, la noticia caus\u00f3 impacto y las reacciones de agradecimiento no se hicieron esperar. Tanto la Confederaci\u00f3 Mundial de Penyes como sus federaciones territoriales y todas las pe\u00f1as azulgranas expresaron un enorme agradecimiento &#8230; <a title=\"El agradecimiento de las pe\u00f1as a Gerard Piqu\u00e9\" class=\"read-more\" href=\"https:\/\/confederaciopenyes.cat\/es\/agradecimiento-penas-gerard-pique\/\" aria-label=\"Leer m\u00e1s sobre El agradecimiento de las pe\u00f1as a Gerard Piqu\u00e9\">Leer m\u00e1s<\/a><\/p>\n","protected":false},"author":4,"featured_media":4490,"comment_status":"closed","ping_status":"open","sticky":false,"template":"","format":"standard","meta":{"_acf_changed":false,"footnotes":""},"categories":[1],"tags":[],"class_list":["post-4495","post","type-post","status-publish","format-standard","has-post-thumbnail","hentry","category-noticias-es"],"acf":[],"yoast_head":"<!-- This site is optimized with the Yoast SEO Premium plugin v26.7 (Yoast SEO v27.4) - https:\/\/yoast.com\/product\/yoast-seo-premium-wordpress\/ -->\n<title>El agradecimiento de las pe\u00f1as a Gerard Piqu\u00e9 - Conf. M. Penyes<\/title>\n<meta name=\"description\" content=\"El colectivo de pe\u00f1as ha reaccionado con un agradecimiento un\u00e1nime a Gerard Piqu\u00e9 por su excelencia, esfuerzo, compromiso e implicaci\u00f3n.\" \/>\n<meta name=\"robots\" content=\"index, follow, max-snippet:-1, max-image-preview:large, max-video-preview:-1\" \/>\n<link rel=\"canonical\" href=\"https:\/\/confederaciopenyes.cat\/es\/agradecimiento-penas-gerard-pique\/\" \/>\n<meta property=\"og:locale\" content=\"es_ES\" \/>\n<meta property=\"og:type\" content=\"article\" \/>\n<meta property=\"og:title\" content=\"El agradecimiento de las pe\u00f1as a Gerard Piqu\u00e9\" \/>\n<meta property=\"og:description\" content=\"El colectivo de pe\u00f1as ha reaccionado con un agradecimiento un\u00e1nime a Gerard Piqu\u00e9 por su excelencia, esfuerzo, compromiso e implicaci\u00f3n.\" \/>\n<meta property=\"og:url\" content=\"https:\/\/confederaciopenyes.cat\/es\/agradecimiento-penas-gerard-pique\/\" \/>\n<meta property=\"og:site_name\" content=\"Confederaci\u00f3 Mundial de Penyes del FC Barcelona\" \/>\n<meta property=\"article:publisher\" content=\"https:\/\/www.facebook.com\/ConfederacioMundialPenyesFCB\" \/>\n<meta property=\"article:published_time\" content=\"2022-11-09T10:23:29+00:00\" \/>\n<meta property=\"article:modified_time\" content=\"2023-01-12T15:17:47+00:00\" \/>\n<meta property=\"og:image\" content=\"https:\/\/confederaciopenyes.cat\/wp-content\/uploads\/2022\/11\/Pique.jpg\" \/>\n\t<meta property=\"og:image:width\" content=\"2000\" \/>\n\t<meta property=\"og:image:height\" content=\"1333\" \/>\n\t<meta property=\"og:image:type\" content=\"image\/jpeg\" \/>\n<meta name=\"author\" content=\"Confederaci\u00f3 Mundial de Penyes del FC Barcelona\" \/>\n<meta name=\"twitter:card\" content=\"summary_large_image\" \/>\n<meta name=\"twitter:creator\" content=\"@ConfePenyesFCB\" \/>\n<meta name=\"twitter:site\" content=\"@ConfePenyesFCB\" \/>\n<meta name=\"twitter:label1\" content=\"Escrito por\" \/>\n\t<meta name=\"twitter:data1\" content=\"Confederaci\u00f3 Mundial de Penyes del FC Barcelona\" \/>\n\t<meta name=\"twitter:label2\" content=\"Tiempo de lectura\" \/>\n\t<meta name=\"twitter:data2\" content=\"3 minutos\" \/>\n<script type=\"application\/ld+json\" class=\"yoast-schema-graph\">{\"@context\":\"https:\\\/\\\/schema.org\",\"@graph\":[{\"@type\":\"Article\",\"@id\":\"https:\\\/\\\/confederaciopenyes.cat\\\/es\\\/agradecimiento-penas-gerard-pique\\\/#article\",\"isPartOf\":{\"@id\":\"https:\\\/\\\/confederaciopenyes.cat\\\/es\\\/agradecimiento-penas-gerard-pique\\\/\"},\"author\":{\"name\":\"Confederaci\u00f3 Mundial de Penyes del FC Barcelona\",\"@id\":\"https:\\\/\\\/confederaciopenyes.cat\\\/es\\\/#\\\/schema\\\/person\\\/337072f6daef87a85aa59aa1f134387c\"},\"headline\":\"El agradecimiento de las pe\u00f1as a Gerard Piqu\u00e9\",\"datePublished\":\"2022-11-09T10:23:29+00:00\",\"dateModified\":\"2023-01-12T15:17:47+00:00\",\"mainEntityOfPage\":{\"@id\":\"https:\\\/\\\/confederaciopenyes.cat\\\/es\\\/agradecimiento-penas-gerard-pique\\\/\"},\"wordCount\":391,\"publisher\":{\"@id\":\"https:\\\/\\\/confederaciopenyes.cat\\\/es\\\/#organization\"},\"image\":{\"@id\":\"https:\\\/\\\/confederaciopenyes.cat\\\/es\\\/agradecimiento-penas-gerard-pique\\\/#primaryimage\"},\"thumbnailUrl\":\"https:\\\/\\\/confederaciopenyes.cat\\\/wp-content\\\/uploads\\\/2022\\\/11\\\/Pique.jpg\",\"articleSection\":[\"Noticias\"],\"inLanguage\":\"es\"},{\"@type\":\"WebPage\",\"@id\":\"https:\\\/\\\/confederaciopenyes.cat\\\/es\\\/agradecimiento-penas-gerard-pique\\\/\",\"url\":\"https:\\\/\\\/confederaciopenyes.cat\\\/es\\\/agradecimiento-penas-gerard-pique\\\/\",\"name\":\"El agradecimiento de las pe\u00f1as a Gerard Piqu\u00e9 - Conf. M. Penyes\",\"isPartOf\":{\"@id\":\"https:\\\/\\\/confederaciopenyes.cat\\\/es\\\/#website\"},\"primaryImageOfPage\":{\"@id\":\"https:\\\/\\\/confederaciopenyes.cat\\\/es\\\/agradecimiento-penas-gerard-pique\\\/#primaryimage\"},\"image\":{\"@id\":\"https:\\\/\\\/confederaciopenyes.cat\\\/es\\\/agradecimiento-penas-gerard-pique\\\/#primaryimage\"},\"thumbnailUrl\":\"https:\\\/\\\/confederaciopenyes.cat\\\/wp-content\\\/uploads\\\/2022\\\/11\\\/Pique.jpg\",\"datePublished\":\"2022-11-09T10:23:29+00:00\",\"dateModified\":\"2023-01-12T15:17:47+00:00\",\"description\":\"El colectivo de pe\u00f1as ha reaccionado con un agradecimiento un\u00e1nime a Gerard Piqu\u00e9 por su excelencia, esfuerzo, compromiso e implicaci\u00f3n.\",\"breadcrumb\":{\"@id\":\"https:\\\/\\\/confederaciopenyes.cat\\\/es\\\/agradecimiento-penas-gerard-pique\\\/#breadcrumb\"},\"inLanguage\":\"es\",\"potentialAction\":[{\"@type\":\"ReadAction\",\"target\":[\"https:\\\/\\\/confederaciopenyes.cat\\\/es\\\/agradecimiento-penas-gerard-pique\\\/\"]}]},{\"@type\":\"ImageObject\",\"inLanguage\":\"es\",\"@id\":\"https:\\\/\\\/confederaciopenyes.cat\\\/es\\\/agradecimiento-penas-gerard-pique\\\/#primaryimage\",\"url\":\"https:\\\/\\\/confederaciopenyes.cat\\\/wp-content\\\/uploads\\\/2022\\\/11\\\/Pique.jpg\",\"contentUrl\":\"https:\\\/\\\/confederaciopenyes.cat\\\/wp-content\\\/uploads\\\/2022\\\/11\\\/Pique.jpg\",\"width\":2000,\"height\":1333},{\"@type\":\"BreadcrumbList\",\"@id\":\"https:\\\/\\\/confederaciopenyes.cat\\\/es\\\/agradecimiento-penas-gerard-pique\\\/#breadcrumb\",\"itemListElement\":[{\"@type\":\"ListItem\",\"position\":1,\"name\":\"Portada\",\"item\":\"https:\\\/\\\/confederaciopenyes.cat\\\/es\\\/\"},{\"@type\":\"ListItem\",\"position\":2,\"name\":\"El agradecimiento de las pe\u00f1as a Gerard Piqu\u00e9\"}]},{\"@type\":\"WebSite\",\"@id\":\"https:\\\/\\\/confederaciopenyes.cat\\\/es\\\/#website\",\"url\":\"https:\\\/\\\/confederaciopenyes.cat\\\/es\\\/\",\"name\":\"Confederaci\u00f3 Mundial de Penyes del FC Barcelona\",\"description\":\"C.M. Penyes FC Barcelona\",\"publisher\":{\"@id\":\"https:\\\/\\\/confederaciopenyes.cat\\\/es\\\/#organization\"},\"potentialAction\":[{\"@type\":\"SearchAction\",\"target\":{\"@type\":\"EntryPoint\",\"urlTemplate\":\"https:\\\/\\\/confederaciopenyes.cat\\\/es\\\/?s={search_term_string}\"},\"query-input\":{\"@type\":\"PropertyValueSpecification\",\"valueRequired\":true,\"valueName\":\"search_term_string\"}}],\"inLanguage\":\"es\"},{\"@type\":\"Organization\",\"@id\":\"https:\\\/\\\/confederaciopenyes.cat\\\/es\\\/#organization\",\"name\":\"Confederaci\u00f3 Mundial de Penyes del FC Barcelona\",\"url\":\"https:\\\/\\\/confederaciopenyes.cat\\\/es\\\/\",\"logo\":{\"@type\":\"ImageObject\",\"inLanguage\":\"es\",\"@id\":\"https:\\\/\\\/confederaciopenyes.cat\\\/es\\\/#\\\/schema\\\/logo\\\/image\\\/\",\"url\":\"https:\\\/\\\/confederaciopenyes.cat\\\/wp-content\\\/uploads\\\/2022\\\/07\\\/cropped-logo_horizontal.png\",\"contentUrl\":\"https:\\\/\\\/confederaciopenyes.cat\\\/wp-content\\\/uploads\\\/2022\\\/07\\\/cropped-logo_horizontal.png\",\"width\":1320,\"height\":309,\"caption\":\"Confederaci\u00f3 Mundial de Penyes del FC Barcelona\"},\"image\":{\"@id\":\"https:\\\/\\\/confederaciopenyes.cat\\\/es\\\/#\\\/schema\\\/logo\\\/image\\\/\"},\"sameAs\":[\"https:\\\/\\\/www.facebook.com\\\/ConfederacioMundialPenyesFCB\",\"https:\\\/\\\/x.com\\\/ConfePenyesFCB\",\"https:\\\/\\\/www.instagram.com\\\/confepenyesfcb\\\/\"]},{\"@type\":\"Person\",\"@id\":\"https:\\\/\\\/confederaciopenyes.cat\\\/es\\\/#\\\/schema\\\/person\\\/337072f6daef87a85aa59aa1f134387c\",\"name\":\"Confederaci\u00f3 Mundial de Penyes del FC Barcelona\",\"image\":{\"@type\":\"ImageObject\",\"inLanguage\":\"es\",\"@id\":\"https:\\\/\\\/secure.gravatar.com\\\/avatar\\\/98c60c7405ff843b10aec55db652bd3f5cb4320ef331ae76c156819a62194328?s=96&d=mm&r=g\",\"url\":\"https:\\\/\\\/secure.gravatar.com\\\/avatar\\\/98c60c7405ff843b10aec55db652bd3f5cb4320ef331ae76c156819a62194328?s=96&d=mm&r=g\",\"contentUrl\":\"https:\\\/\\\/secure.gravatar.com\\\/avatar\\\/98c60c7405ff843b10aec55db652bd3f5cb4320ef331ae76c156819a62194328?s=96&d=mm&r=g\",\"caption\":\"Confederaci\u00f3 Mundial de Penyes del FC Barcelona\"},\"url\":\"https:\\\/\\\/confederaciopenyes.cat\\\/es\\\/author\\\/comunicacioconfederaciopenyes-cat\\\/\"}]}<\/script>\n<!-- \/ Yoast SEO Premium plugin. -->","yoast_head_json":{"title":"El agradecimiento de las pe\u00f1as a Gerard Piqu\u00e9 - Conf. M. Penyes","description":"El colectivo de pe\u00f1as ha reaccionado con un agradecimiento un\u00e1nime a Gerard Piqu\u00e9 por su excelencia, esfuerzo, compromiso e implicaci\u00f3n.","robots":{"index":"index","follow":"follow","max-snippet":"max-snippet:-1","max-image-preview":"max-image-preview:large","max-video-preview":"max-video-preview:-1"},"canonical":"https:\/\/confederaciopenyes.cat\/es\/agradecimiento-penas-gerard-pique\/","og_locale":"es_ES","og_type":"article","og_title":"El agradecimiento de las pe\u00f1as a Gerard Piqu\u00e9","og_description":"El colectivo de pe\u00f1as ha reaccionado con un agradecimiento un\u00e1nime a Gerard Piqu\u00e9 por su excelencia, esfuerzo, compromiso e implicaci\u00f3n.","og_url":"https:\/\/confederaciopenyes.cat\/es\/agradecimiento-penas-gerard-pique\/","og_site_name":"Confederaci\u00f3 Mundial de Penyes del FC Barcelona","article_publisher":"https:\/\/www.facebook.com\/ConfederacioMundialPenyesFCB","article_published_time":"2022-11-09T10:23:29+00:00","article_modified_time":"2023-01-12T15:17:47+00:00","og_image":[{"width":2000,"height":1333,"url":"https:\/\/confederaciopenyes.cat\/wp-content\/uploads\/2022\/11\/Pique.jpg","type":"image\/jpeg"}],"author":"Confederaci\u00f3 Mundial de Penyes del FC Barcelona","twitter_card":"summary_large_image","twitter_creator":"@ConfePenyesFCB","twitter_site":"@ConfePenyesFCB","twitter_misc":{"Escrito por":"Confederaci\u00f3 Mundial de Penyes del FC Barcelona","Tiempo de lectura":"3 minutos"},"schema":{"@context":"https:\/\/schema.org","@graph":[{"@type":"Article","@id":"https:\/\/confederaciopenyes.cat\/es\/agradecimiento-penas-gerard-pique\/#article","isPartOf":{"@id":"https:\/\/confederaciopenyes.cat\/es\/agradecimiento-penas-gerard-pique\/"},"author":{"name":"Confederaci\u00f3 Mundial de Penyes del FC Barcelona","@id":"https:\/\/confederaciopenyes.cat\/es\/#\/schema\/person\/337072f6daef87a85aa59aa1f134387c"},"headline":"El agradecimiento de las pe\u00f1as a Gerard Piqu\u00e9","datePublished":"2022-11-09T10:23:29+00:00","dateModified":"2023-01-12T15:17:47+00:00","mainEntityOfPage":{"@id":"https:\/\/confederaciopenyes.cat\/es\/agradecimiento-penas-gerard-pique\/"},"wordCount":391,"publisher":{"@id":"https:\/\/confederaciopenyes.cat\/es\/#organization"},"image":{"@id":"https:\/\/confederaciopenyes.cat\/es\/agradecimiento-penas-gerard-pique\/#primaryimage"},"thumbnailUrl":"https:\/\/confederaciopenyes.cat\/wp-content\/uploads\/2022\/11\/Pique.jpg","articleSection":["Noticias"],"inLanguage":"es"},{"@type":"WebPage","@id":"https:\/\/confederaciopenyes.cat\/es\/agradecimiento-penas-gerard-pique\/","url":"https:\/\/confederaciopenyes.cat\/es\/agradecimiento-penas-gerard-pique\/","name":"El agradecimiento de las pe\u00f1as a Gerard Piqu\u00e9 - Conf. M. Penyes","isPartOf":{"@id":"https:\/\/confederaciopenyes.cat\/es\/#website"},"primaryImageOfPage":{"@id":"https:\/\/confederaciopenyes.cat\/es\/agradecimiento-penas-gerard-pique\/#primaryimage"},"image":{"@id":"https:\/\/confederaciopenyes.cat\/es\/agradecimiento-penas-gerard-pique\/#primaryimage"},"thumbnailUrl":"https:\/\/confederaciopenyes.cat\/wp-content\/uploads\/2022\/11\/Pique.jpg","datePublished":"2022-11-09T10:23:29+00:00","dateModified":"2023-01-12T15:17:47+00:00","description":"El colectivo de pe\u00f1as ha reaccionado con un agradecimiento un\u00e1nime a Gerard Piqu\u00e9 por su excelencia, esfuerzo, compromiso e implicaci\u00f3n.","breadcrumb":{"@id":"https:\/\/confederaciopenyes.cat\/es\/agradecimiento-penas-gerard-pique\/#breadcrumb"},"inLanguage":"es","potentialAction":[{"@type":"ReadAction","target":["https:\/\/confederaciopenyes.cat\/es\/agradecimiento-penas-gerard-pique\/"]}]},{"@type":"ImageObject","inLanguage":"es","@id":"https:\/\/confederaciopenyes.cat\/es\/agradecimiento-penas-gerard-pique\/#primaryimage","url":"https:\/\/confederaciopenyes.cat\/wp-content\/uploads\/2022\/11\/Pique.jpg","contentUrl":"https:\/\/confederaciopenyes.cat\/wp-content\/uploads\/2022\/11\/Pique.jpg","width":2000,"height":1333},{"@type":"BreadcrumbList","@id":"https:\/\/confederaciopenyes.cat\/es\/agradecimiento-penas-gerard-pique\/#breadcrumb","itemListElement":[{"@type":"ListItem","position":1,"name":"Portada","item":"https:\/\/confederaciopenyes.cat\/es\/"},{"@type":"ListItem","position":2,"name":"El agradecimiento de las pe\u00f1as a Gerard Piqu\u00e9"}]},{"@type":"WebSite","@id":"https:\/\/confederaciopenyes.cat\/es\/#website","url":"https:\/\/confederaciopenyes.cat\/es\/","name":"Confederaci\u00f3 Mundial de Penyes del FC Barcelona","description":"C.M. Penyes FC Barcelona","publisher":{"@id":"https:\/\/confederaciopenyes.cat\/es\/#organization"},"potentialAction":[{"@type":"SearchAction","target":{"@type":"EntryPoint","urlTemplate":"https:\/\/confederaciopenyes.cat\/es\/?s={search_term_string}"},"query-input":{"@type":"PropertyValueSpecification","valueRequired":true,"valueName":"search_term_string"}}],"inLanguage":"es"},{"@type":"Organization","@id":"https:\/\/confederaciopenyes.cat\/es\/#organization","name":"Confederaci\u00f3 Mundial de Penyes del FC Barcelona","url":"https:\/\/confederaciopenyes.cat\/es\/","logo":{"@type":"ImageObject","inLanguage":"es","@id":"https:\/\/confederaciopenyes.cat\/es\/#\/schema\/logo\/image\/","url":"https:\/\/confederaciopenyes.cat\/wp-content\/uploads\/2022\/07\/cropped-logo_horizontal.png","contentUrl":"https:\/\/confederaciopenyes.cat\/wp-content\/uploads\/2022\/07\/cropped-logo_horizontal.png","width":1320,"height":309,"caption":"Confederaci\u00f3 Mundial de Penyes del FC Barcelona"},"image":{"@id":"https:\/\/confederaciopenyes.cat\/es\/#\/schema\/logo\/image\/"},"sameAs":["https:\/\/www.facebook.com\/ConfederacioMundialPenyesFCB","https:\/\/x.com\/ConfePenyesFCB","https:\/\/www.instagram.com\/confepenyesfcb\/"]},{"@type":"Person","@id":"https:\/\/confederaciopenyes.cat\/es\/#\/schema\/person\/337072f6daef87a85aa59aa1f134387c","name":"Confederaci\u00f3 Mundial de Penyes del FC Barcelona","image":{"@type":"ImageObject","inLanguage":"es","@id":"https:\/\/secure.gravatar.com\/avatar\/98c60c7405ff843b10aec55db652bd3f5cb4320ef331ae76c156819a62194328?s=96&d=mm&r=g","url":"https:\/\/secure.gravatar.com\/avatar\/98c60c7405ff843b10aec55db652bd3f5cb4320ef331ae76c156819a62194328?s=96&d=mm&r=g","contentUrl":"https:\/\/secure.gravatar.com\/avatar\/98c60c7405ff843b10aec55db652bd3f5cb4320ef331ae76c156819a62194328?s=96&d=mm&r=g","caption":"Confederaci\u00f3 Mundial de Penyes del FC Barcelona"},"url":"https:\/\/confederaciopenyes.cat\/es\/author\/comunicacioconfederaciopenyes-cat\/"}]}},"_links":{"self":[{"href":"https:\/\/confederaciopenyes.cat\/es\/wp-json\/wp\/v2\/posts\/4495","targetHints":{"allow":["GET"]}}],"collection":[{"href":"https:\/\/confederaciopenyes.cat\/es\/wp-json\/wp\/v2\/posts"}],"about":[{"href":"https:\/\/confederaciopenyes.cat\/es\/wp-json\/wp\/v2\/types\/post"}],"author":[{"embeddable":true,"href":"https:\/\/confederaciopenyes.cat\/es\/wp-json\/wp\/v2\/users\/4"}],"replies":[{"embeddable":true,"href":"https:\/\/confederaciopenyes.cat\/es\/wp-json\/wp\/v2\/comments?post=4495"}],"version-history":[{"count":2,"href":"https:\/\/confederaciopenyes.cat\/es\/wp-json\/wp\/v2\/posts\/4495\/revisions"}],"predecessor-version":[{"id":4499,"href":"https:\/\/confederaciopenyes.cat\/es\/wp-json\/wp\/v2\/posts\/4495\/revisions\/4499"}],"wp:featuredmedia":[{"embeddable":true,"href":"https:\/\/confederaciopenyes.cat\/es\/wp-json\/wp\/v2\/media\/4490"}],"wp:attachment":[{"href":"https:\/\/confederaciopenyes.cat\/es\/wp-json\/wp\/v2\/media?parent=4495"}],"wp:term":[{"taxonomy":"category","embeddable":true,"href":"https:\/\/confederaciopenyes.cat\/es\/wp-json\/wp\/v2\/categories?post=4495"},{"taxonomy":"post_tag","embeddable":true,"href":"https:\/\/confederaciopenyes.cat\/es\/wp-json\/wp\/v2\/tags?post=4495"}],"curies":[{"name":"wp","href":"https:\/\/api.w.org\/{rel}","templated":true}]}}