{"id":4779,"date":"2022-12-20T12:28:36","date_gmt":"2022-12-20T11:28:36","guid":{"rendered":"https:\/\/confederaciopenyes.cat\/?p=4779"},"modified":"2022-12-20T12:47:36","modified_gmt":"2022-12-20T11:47:36","slug":"300-penistas-8a-gala-penas-castilla-la-mancha","status":"publish","type":"post","link":"https:\/\/confederaciopenyes.cat\/es\/300-penistas-8a-gala-penas-castilla-la-mancha\/","title":{"rendered":"300 pe\u00f1istas en la 8\u00aa Gala de Pe\u00f1as de Castilla-La Mancha"},"content":{"rendered":"\n<p>Fin de semana memorable para las entidades pertenecientes a la <strong><a href=\"https:\/\/www.federacionpbclm.es\/\" target=\"_blank\" rel=\"noreferrer noopener\">Federaci\u00f3n de Pe\u00f1as Barcelonistas de Castilla-La Mancha<\/a><\/strong>. La localidad ciudadreale\u00f1a de Almagro fue el escenario, el pasado s\u00e1bado 17 de diciembre, de la <strong>8\u00aa Gala Anual de Pe\u00f1as de Castilla-La Mancha<\/strong>, un encuentro multitudinario que cont\u00f3 con la presencia de <strong>cerca de 300 pe\u00f1istas en representaci\u00f3n de 35 pe\u00f1as<\/strong>, y que se convirti\u00f3 en una gran celebraci\u00f3n del barcelonismo en este territorio.<\/p>\n\n\n\n<p>Entre los invitados, destac\u00f3 la presencia de <strong>Antonio Escudero<\/strong>, vicepresidente del FC Barcelona. Tambi\u00e9n asistieron numerosos presidentes de federaciones territoriales de pe\u00f1as. Adem\u00e1s del anfitri\u00f3n <strong>Daniel Peinado<\/strong>, presidente de la Fed. Castilla-La Mancha, acudieron <strong>Ximo Grifol<\/strong>, presidente de la Fed. Castell\u00f3; <strong>Paco Baile<\/strong>, presidente de la Fed. Alicante; <strong>Rafael Pichardo<\/strong>, presidente de la Fed. Andaluc\u00eda, Ceuta y Melilla; <strong>Miguel Angel Cruz<\/strong>, presidente de la Fed. Extremadura; <strong>Esteban Garc\u00eda<\/strong>, presidente de la Fed. Madrid; y <strong>Salvador Cervi\u00f1o<\/strong>, presidente de la Fed. Galicia.<\/p>\n\n\n\n<p>Tampoco se lo perdieron los exjugadores <strong>Ricardo Serna y Julio Alberto Moreno<\/strong>, miembros de la Agrupaci\u00f3n de Jugadores del FC Barcelona, junto a <strong>Paco Sedano<\/strong>, exportero del equipo azulgrana de f\u00fatbol sala.<\/p>\n\n\n\n<h6 class=\"wp-block-heading\"><strong>Una gala llena de premios<\/strong><\/h6>\n\n\n\n<p>Uno de los momentos m\u00e1s esperados de la 8\u00aa Gala Anual de pe\u00f1as de Castilla-La Mancha, como ocurre en cada edici\u00f3n, es la <strong>entrega de premios a las personas y entidades<\/strong> que han destacado por su labor durante el \u00faltimo a\u00f1o en el s\u00ed del movimiento de pe\u00f1as y del deporte general.<br>El galard\u00f3n al mejor directivo recay\u00f3 en <strong>Jos\u00e9 Manuel Lozano<\/strong>, secretario de la Fed. Castilla-La Mancha y presidente de la PB Villal-Bar\u00e7a, mientras que la <strong>Pe\u00f1a Barcelonista Ciudad de la Cuchiller\u00eda<\/strong> (Albacete) recibi\u00f3 el premio a la mejor pe\u00f1a. En cuanto al mejor pe\u00f1ista, el galardonado fue <strong>Jose Enrique Nogu\u00e9 Garcia<\/strong>, pe\u00f1ista de la Pe\u00f1a Barcelonista de Almagro. Por otro lado, se entreg\u00f3 el Galard\u00f3n Tito Vilanova al <strong>equipo femenino de f\u00fatbol sala de Almagro<\/strong>.<\/p>\n\n\n\n<p>Tras la entrega de premios, hubo los <strong>parlamentos<\/strong> de los representantes institucionales y tambi\u00e9n un <strong>brindis con todos los asistentes<\/strong>.<\/p>\n\n\n\n<figure class=\"wp-block-gallery has-nested-images columns-4 is-cropped wp-block-gallery-1 is-layout-flex wp-block-gallery-is-layout-flex\">\n<figure class=\"wp-block-image size-large is-style-default\"><img decoding=\"async\" width=\"1024\" height=\"682\" data-id=\"4784\" data-src=\"https:\/\/confederaciopenyes.cat\/wp-content\/uploads\/2022\/12\/MG_0445-1-1024x682.jpg\" alt=\"\" class=\"wp-image-4784 lazyload\" data-srcset=\"https:\/\/confederaciopenyes.cat\/wp-content\/uploads\/2022\/12\/MG_0445-1-1024x682.jpg 1024w, https:\/\/confederaciopenyes.cat\/wp-content\/uploads\/2022\/12\/MG_0445-1-300x200.jpg 300w, https:\/\/confederaciopenyes.cat\/wp-content\/uploads\/2022\/12\/MG_0445-1-768x512.jpg 768w, https:\/\/confederaciopenyes.cat\/wp-content\/uploads\/2022\/12\/MG_0445-1-1536x1024.jpg 1536w, https:\/\/confederaciopenyes.cat\/wp-content\/uploads\/2022\/12\/MG_0445-1.jpg 2000w\" data-sizes=\"(max-width: 1024px) 100vw, 1024px\" src=\"data:image\/svg+xml;base64,PHN2ZyB3aWR0aD0iMSIgaGVpZ2h0PSIxIiB4bWxucz0iaHR0cDovL3d3dy53My5vcmcvMjAwMC9zdmciPjwvc3ZnPg==\" style=\"--smush-placeholder-width: 1024px; --smush-placeholder-aspect-ratio: 1024\/682;\" \/><\/figure>\n\n\n\n<figure class=\"wp-block-image size-large is-style-default\"><img decoding=\"async\" width=\"1024\" height=\"682\" data-id=\"4788\" data-src=\"https:\/\/confederaciopenyes.cat\/wp-content\/uploads\/2022\/12\/MG_0414-1-1024x682.jpg\" alt=\"\" class=\"wp-image-4788 lazyload\" data-srcset=\"https:\/\/confederaciopenyes.cat\/wp-content\/uploads\/2022\/12\/MG_0414-1-1024x682.jpg 1024w, https:\/\/confederaciopenyes.cat\/wp-content\/uploads\/2022\/12\/MG_0414-1-300x200.jpg 300w, https:\/\/confederaciopenyes.cat\/wp-content\/uploads\/2022\/12\/MG_0414-1-768x512.jpg 768w, https:\/\/confederaciopenyes.cat\/wp-content\/uploads\/2022\/12\/MG_0414-1-1536x1024.jpg 1536w, https:\/\/confederaciopenyes.cat\/wp-content\/uploads\/2022\/12\/MG_0414-1.jpg 2000w\" data-sizes=\"(max-width: 1024px) 100vw, 1024px\" src=\"data:image\/svg+xml;base64,PHN2ZyB3aWR0aD0iMSIgaGVpZ2h0PSIxIiB4bWxucz0iaHR0cDovL3d3dy53My5vcmcvMjAwMC9zdmciPjwvc3ZnPg==\" style=\"--smush-placeholder-width: 1024px; --smush-placeholder-aspect-ratio: 1024\/682;\" \/><\/figure>\n\n\n\n<figure class=\"wp-block-image size-large is-style-default\"><img decoding=\"async\" width=\"1024\" height=\"682\" data-id=\"4781\" data-src=\"https:\/\/confederaciopenyes.cat\/wp-content\/uploads\/2022\/12\/MG_0444-1-1024x682.jpg\" alt=\"\" class=\"wp-image-4781 lazyload\" data-srcset=\"https:\/\/confederaciopenyes.cat\/wp-content\/uploads\/2022\/12\/MG_0444-1-1024x682.jpg 1024w, https:\/\/confederaciopenyes.cat\/wp-content\/uploads\/2022\/12\/MG_0444-1-300x200.jpg 300w, https:\/\/confederaciopenyes.cat\/wp-content\/uploads\/2022\/12\/MG_0444-1-768x512.jpg 768w, https:\/\/confederaciopenyes.cat\/wp-content\/uploads\/2022\/12\/MG_0444-1-1536x1024.jpg 1536w, https:\/\/confederaciopenyes.cat\/wp-content\/uploads\/2022\/12\/MG_0444-1.jpg 2000w\" data-sizes=\"(max-width: 1024px) 100vw, 1024px\" src=\"data:image\/svg+xml;base64,PHN2ZyB3aWR0aD0iMSIgaGVpZ2h0PSIxIiB4bWxucz0iaHR0cDovL3d3dy53My5vcmcvMjAwMC9zdmciPjwvc3ZnPg==\" style=\"--smush-placeholder-width: 1024px; --smush-placeholder-aspect-ratio: 1024\/682;\" \/><\/figure>\n\n\n\n<figure class=\"wp-block-image size-large is-style-default\"><img decoding=\"async\" width=\"1024\" height=\"682\" data-id=\"4782\" data-src=\"https:\/\/confederaciopenyes.cat\/wp-content\/uploads\/2022\/12\/MG_0272-1-1024x682.jpg\" alt=\"\" class=\"wp-image-4782 lazyload\" data-srcset=\"https:\/\/confederaciopenyes.cat\/wp-content\/uploads\/2022\/12\/MG_0272-1-1024x682.jpg 1024w, https:\/\/confederaciopenyes.cat\/wp-content\/uploads\/2022\/12\/MG_0272-1-300x200.jpg 300w, https:\/\/confederaciopenyes.cat\/wp-content\/uploads\/2022\/12\/MG_0272-1-768x512.jpg 768w, https:\/\/confederaciopenyes.cat\/wp-content\/uploads\/2022\/12\/MG_0272-1-1536x1024.jpg 1536w, https:\/\/confederaciopenyes.cat\/wp-content\/uploads\/2022\/12\/MG_0272-1.jpg 2000w\" data-sizes=\"(max-width: 1024px) 100vw, 1024px\" src=\"data:image\/svg+xml;base64,PHN2ZyB3aWR0aD0iMSIgaGVpZ2h0PSIxIiB4bWxucz0iaHR0cDovL3d3dy53My5vcmcvMjAwMC9zdmciPjwvc3ZnPg==\" style=\"--smush-placeholder-width: 1024px; --smush-placeholder-aspect-ratio: 1024\/682;\" \/><\/figure>\n\n\n\n<figure class=\"wp-block-image size-large is-style-default\"><img decoding=\"async\" width=\"1024\" height=\"682\" data-id=\"4785\" data-src=\"https:\/\/confederaciopenyes.cat\/wp-content\/uploads\/2022\/12\/MG_0374-1-1024x682.jpg\" alt=\"\" class=\"wp-image-4785 lazyload\" data-srcset=\"https:\/\/confederaciopenyes.cat\/wp-content\/uploads\/2022\/12\/MG_0374-1-1024x682.jpg 1024w, https:\/\/confederaciopenyes.cat\/wp-content\/uploads\/2022\/12\/MG_0374-1-300x200.jpg 300w, https:\/\/confederaciopenyes.cat\/wp-content\/uploads\/2022\/12\/MG_0374-1-768x512.jpg 768w, https:\/\/confederaciopenyes.cat\/wp-content\/uploads\/2022\/12\/MG_0374-1-1536x1024.jpg 1536w, https:\/\/confederaciopenyes.cat\/wp-content\/uploads\/2022\/12\/MG_0374-1.jpg 2000w\" data-sizes=\"(max-width: 1024px) 100vw, 1024px\" src=\"data:image\/svg+xml;base64,PHN2ZyB3aWR0aD0iMSIgaGVpZ2h0PSIxIiB4bWxucz0iaHR0cDovL3d3dy53My5vcmcvMjAwMC9zdmciPjwvc3ZnPg==\" style=\"--smush-placeholder-width: 1024px; --smush-placeholder-aspect-ratio: 1024\/682;\" \/><\/figure>\n\n\n\n<figure class=\"wp-block-image size-large is-style-default\"><img decoding=\"async\" width=\"1024\" height=\"682\" data-id=\"4787\" data-src=\"https:\/\/confederaciopenyes.cat\/wp-content\/uploads\/2022\/12\/MG_0283-1-1024x682.jpg\" alt=\"\" class=\"wp-image-4787 lazyload\" data-srcset=\"https:\/\/confederaciopenyes.cat\/wp-content\/uploads\/2022\/12\/MG_0283-1-1024x682.jpg 1024w, https:\/\/confederaciopenyes.cat\/wp-content\/uploads\/2022\/12\/MG_0283-1-300x200.jpg 300w, https:\/\/confederaciopenyes.cat\/wp-content\/uploads\/2022\/12\/MG_0283-1-768x512.jpg 768w, https:\/\/confederaciopenyes.cat\/wp-content\/uploads\/2022\/12\/MG_0283-1-1536x1024.jpg 1536w, https:\/\/confederaciopenyes.cat\/wp-content\/uploads\/2022\/12\/MG_0283-1.jpg 2000w\" data-sizes=\"(max-width: 1024px) 100vw, 1024px\" src=\"data:image\/svg+xml;base64,PHN2ZyB3aWR0aD0iMSIgaGVpZ2h0PSIxIiB4bWxucz0iaHR0cDovL3d3dy53My5vcmcvMjAwMC9zdmciPjwvc3ZnPg==\" style=\"--smush-placeholder-width: 1024px; --smush-placeholder-aspect-ratio: 1024\/682;\" \/><\/figure>\n\n\n\n<figure class=\"wp-block-image size-large is-style-default\"><img decoding=\"async\" width=\"1024\" height=\"682\" data-id=\"4783\" data-src=\"https:\/\/confederaciopenyes.cat\/wp-content\/uploads\/2022\/12\/MG_0430-1-1024x682.jpg\" alt=\"\" class=\"wp-image-4783 lazyload\" data-srcset=\"https:\/\/confederaciopenyes.cat\/wp-content\/uploads\/2022\/12\/MG_0430-1-1024x682.jpg 1024w, https:\/\/confederaciopenyes.cat\/wp-content\/uploads\/2022\/12\/MG_0430-1-300x200.jpg 300w, https:\/\/confederaciopenyes.cat\/wp-content\/uploads\/2022\/12\/MG_0430-1-768x512.jpg 768w, https:\/\/confederaciopenyes.cat\/wp-content\/uploads\/2022\/12\/MG_0430-1-1536x1024.jpg 1536w, https:\/\/confederaciopenyes.cat\/wp-content\/uploads\/2022\/12\/MG_0430-1.jpg 2000w\" data-sizes=\"(max-width: 1024px) 100vw, 1024px\" src=\"data:image\/svg+xml;base64,PHN2ZyB3aWR0aD0iMSIgaGVpZ2h0PSIxIiB4bWxucz0iaHR0cDovL3d3dy53My5vcmcvMjAwMC9zdmciPjwvc3ZnPg==\" style=\"--smush-placeholder-width: 1024px; --smush-placeholder-aspect-ratio: 1024\/682;\" \/><\/figure>\n\n\n\n<figure class=\"wp-block-image size-large is-style-default\"><a href=\"https:\/\/confederaciopenyes.cat\/wp-content\/uploads\/2022\/12\/MG_0039-1.jpg\"><img decoding=\"async\" width=\"1024\" height=\"682\" data-id=\"4780\" data-src=\"https:\/\/confederaciopenyes.cat\/wp-content\/uploads\/2022\/12\/MG_0039-1-1024x682.jpg\" alt=\"\" class=\"wp-image-4780 lazyload\" data-srcset=\"https:\/\/confederaciopenyes.cat\/wp-content\/uploads\/2022\/12\/MG_0039-1-1024x682.jpg 1024w, https:\/\/confederaciopenyes.cat\/wp-content\/uploads\/2022\/12\/MG_0039-1-300x200.jpg 300w, https:\/\/confederaciopenyes.cat\/wp-content\/uploads\/2022\/12\/MG_0039-1-768x512.jpg 768w, https:\/\/confederaciopenyes.cat\/wp-content\/uploads\/2022\/12\/MG_0039-1-1536x1024.jpg 1536w, https:\/\/confederaciopenyes.cat\/wp-content\/uploads\/2022\/12\/MG_0039-1.jpg 2000w\" data-sizes=\"(max-width: 1024px) 100vw, 1024px\" src=\"data:image\/svg+xml;base64,PHN2ZyB3aWR0aD0iMSIgaGVpZ2h0PSIxIiB4bWxucz0iaHR0cDovL3d3dy53My5vcmcvMjAwMC9zdmciPjwvc3ZnPg==\" style=\"--smush-placeholder-width: 1024px; --smush-placeholder-aspect-ratio: 1024\/682;\" \/><\/a><\/figure>\n<\/figure>\n","protected":false},"excerpt":{"rendered":"<p>Fin de semana memorable para las entidades pertenecientes a la Federaci\u00f3n de Pe\u00f1as Barcelonistas de Castilla-La Mancha. La localidad ciudadreale\u00f1a de Almagro fue el escenario, el pasado s\u00e1bado 17 de diciembre, de la 8\u00aa Gala Anual de Pe\u00f1as de Castilla-La Mancha, un encuentro multitudinario que cont\u00f3 con la presencia de cerca de 300 pe\u00f1istas en &#8230; <a title=\"300 pe\u00f1istas en la 8\u00aa Gala de Pe\u00f1as de Castilla-La Mancha\" class=\"read-more\" href=\"https:\/\/confederaciopenyes.cat\/es\/300-penistas-8a-gala-penas-castilla-la-mancha\/\" aria-label=\"Leer m\u00e1s sobre 300 pe\u00f1istas en la 8\u00aa Gala de Pe\u00f1as de Castilla-La Mancha\">Leer m\u00e1s<\/a><\/p>\n","protected":false},"author":4,"featured_media":4766,"comment_status":"closed","ping_status":"open","sticky":false,"template":"","format":"standard","meta":{"_acf_changed":false,"footnotes":""},"categories":[1],"tags":[140,114,116],"class_list":["post-4779","post","type-post","status-publish","format-standard","has-post-thumbnail","hentry","category-noticias-es","tag-confederacion-mundial-de-penas","tag-noticias","tag-penas"],"acf":[],"yoast_head":"<!-- This site is optimized with the Yoast SEO Premium plugin v26.7 (Yoast SEO v27.4) - https:\/\/yoast.com\/product\/yoast-seo-premium-wordpress\/ -->\n<title>300 pe\u00f1istas en la 8a Gala de Pe\u00f1as de Castilla-La Mancha - CMP<\/title>\n<meta name=\"description\" content=\"La 8a Gala de Pe\u00f1as de Castilla-La Mancha congreg\u00f3 a 300 personas, entre las cuales numerosos presidentes de federaciones territoriales.\" \/>\n<meta name=\"robots\" content=\"index, follow, max-snippet:-1, max-image-preview:large, max-video-preview:-1\" \/>\n<link rel=\"canonical\" href=\"https:\/\/confederaciopenyes.cat\/es\/300-penistas-8a-gala-penas-castilla-la-mancha\/\" \/>\n<meta property=\"og:locale\" content=\"es_ES\" \/>\n<meta property=\"og:type\" content=\"article\" \/>\n<meta property=\"og:title\" content=\"300 pe\u00f1istas en la 8\u00aa Gala de Pe\u00f1as de Castilla-La Mancha\" \/>\n<meta property=\"og:description\" content=\"La 8a Gala de Pe\u00f1as de Castilla-La Mancha congreg\u00f3 a 300 personas, entre las cuales numerosos presidentes de federaciones territoriales.\" \/>\n<meta property=\"og:url\" content=\"https:\/\/confederaciopenyes.cat\/es\/300-penistas-8a-gala-penas-castilla-la-mancha\/\" \/>\n<meta property=\"og:site_name\" content=\"Confederaci\u00f3 Mundial de Penyes del FC Barcelona\" \/>\n<meta property=\"article:publisher\" content=\"https:\/\/www.facebook.com\/ConfederacioMundialPenyesFCB\" \/>\n<meta property=\"article:published_time\" content=\"2022-12-20T11:28:36+00:00\" \/>\n<meta property=\"article:modified_time\" content=\"2022-12-20T11:47:36+00:00\" \/>\n<meta property=\"og:image\" content=\"https:\/\/confederaciopenyes.cat\/wp-content\/uploads\/2022\/12\/MG_0486_2-scaled.jpg\" \/>\n\t<meta property=\"og:image:width\" content=\"2560\" \/>\n\t<meta property=\"og:image:height\" content=\"1407\" \/>\n\t<meta property=\"og:image:type\" content=\"image\/jpeg\" \/>\n<meta name=\"author\" content=\"Confederaci\u00f3 Mundial de Penyes del FC Barcelona\" \/>\n<meta name=\"twitter:card\" content=\"summary_large_image\" \/>\n<meta name=\"twitter:creator\" content=\"@ConfePenyesFCB\" \/>\n<meta name=\"twitter:site\" content=\"@ConfePenyesFCB\" \/>\n<meta name=\"twitter:label1\" content=\"Escrito por\" \/>\n\t<meta name=\"twitter:data1\" content=\"Confederaci\u00f3 Mundial de Penyes del FC Barcelona\" \/>\n\t<meta name=\"twitter:label2\" content=\"Tiempo de lectura\" \/>\n\t<meta name=\"twitter:data2\" content=\"4 minutos\" \/>\n<script type=\"application\/ld+json\" class=\"yoast-schema-graph\">{\"@context\":\"https:\\\/\\\/schema.org\",\"@graph\":[{\"@type\":\"Article\",\"@id\":\"https:\\\/\\\/confederaciopenyes.cat\\\/es\\\/300-penistas-8a-gala-penas-castilla-la-mancha\\\/#article\",\"isPartOf\":{\"@id\":\"https:\\\/\\\/confederaciopenyes.cat\\\/es\\\/300-penistas-8a-gala-penas-castilla-la-mancha\\\/\"},\"author\":{\"name\":\"Confederaci\u00f3 Mundial de Penyes del FC Barcelona\",\"@id\":\"https:\\\/\\\/confederaciopenyes.cat\\\/es\\\/#\\\/schema\\\/person\\\/337072f6daef87a85aa59aa1f134387c\"},\"headline\":\"300 pe\u00f1istas en la 8\u00aa Gala de Pe\u00f1as de Castilla-La Mancha\",\"datePublished\":\"2022-12-20T11:28:36+00:00\",\"dateModified\":\"2022-12-20T11:47:36+00:00\",\"mainEntityOfPage\":{\"@id\":\"https:\\\/\\\/confederaciopenyes.cat\\\/es\\\/300-penistas-8a-gala-penas-castilla-la-mancha\\\/\"},\"wordCount\":377,\"publisher\":{\"@id\":\"https:\\\/\\\/confederaciopenyes.cat\\\/es\\\/#organization\"},\"image\":{\"@id\":\"https:\\\/\\\/confederaciopenyes.cat\\\/es\\\/300-penistas-8a-gala-penas-castilla-la-mancha\\\/#primaryimage\"},\"thumbnailUrl\":\"https:\\\/\\\/confederaciopenyes.cat\\\/wp-content\\\/uploads\\\/2022\\\/12\\\/MG_0486_2-scaled.jpg\",\"keywords\":[\"confederaci\u00f3n mundial de pe\u00f1as\",\"noticias\",\"pe\u00f1as\"],\"articleSection\":[\"Noticias\"],\"inLanguage\":\"es\"},{\"@type\":\"WebPage\",\"@id\":\"https:\\\/\\\/confederaciopenyes.cat\\\/es\\\/300-penistas-8a-gala-penas-castilla-la-mancha\\\/\",\"url\":\"https:\\\/\\\/confederaciopenyes.cat\\\/es\\\/300-penistas-8a-gala-penas-castilla-la-mancha\\\/\",\"name\":\"300 pe\u00f1istas en la 8a Gala de Pe\u00f1as de Castilla-La Mancha - CMP\",\"isPartOf\":{\"@id\":\"https:\\\/\\\/confederaciopenyes.cat\\\/es\\\/#website\"},\"primaryImageOfPage\":{\"@id\":\"https:\\\/\\\/confederaciopenyes.cat\\\/es\\\/300-penistas-8a-gala-penas-castilla-la-mancha\\\/#primaryimage\"},\"image\":{\"@id\":\"https:\\\/\\\/confederaciopenyes.cat\\\/es\\\/300-penistas-8a-gala-penas-castilla-la-mancha\\\/#primaryimage\"},\"thumbnailUrl\":\"https:\\\/\\\/confederaciopenyes.cat\\\/wp-content\\\/uploads\\\/2022\\\/12\\\/MG_0486_2-scaled.jpg\",\"datePublished\":\"2022-12-20T11:28:36+00:00\",\"dateModified\":\"2022-12-20T11:47:36+00:00\",\"description\":\"La 8a Gala de Pe\u00f1as de Castilla-La Mancha congreg\u00f3 a 300 personas, entre las cuales numerosos presidentes de federaciones territoriales.\",\"breadcrumb\":{\"@id\":\"https:\\\/\\\/confederaciopenyes.cat\\\/es\\\/300-penistas-8a-gala-penas-castilla-la-mancha\\\/#breadcrumb\"},\"inLanguage\":\"es\",\"potentialAction\":[{\"@type\":\"ReadAction\",\"target\":[\"https:\\\/\\\/confederaciopenyes.cat\\\/es\\\/300-penistas-8a-gala-penas-castilla-la-mancha\\\/\"]}]},{\"@type\":\"ImageObject\",\"inLanguage\":\"es\",\"@id\":\"https:\\\/\\\/confederaciopenyes.cat\\\/es\\\/300-penistas-8a-gala-penas-castilla-la-mancha\\\/#primaryimage\",\"url\":\"https:\\\/\\\/confederaciopenyes.cat\\\/wp-content\\\/uploads\\\/2022\\\/12\\\/MG_0486_2-scaled.jpg\",\"contentUrl\":\"https:\\\/\\\/confederaciopenyes.cat\\\/wp-content\\\/uploads\\\/2022\\\/12\\\/MG_0486_2-scaled.jpg\",\"width\":2560,\"height\":1407},{\"@type\":\"BreadcrumbList\",\"@id\":\"https:\\\/\\\/confederaciopenyes.cat\\\/es\\\/300-penistas-8a-gala-penas-castilla-la-mancha\\\/#breadcrumb\",\"itemListElement\":[{\"@type\":\"ListItem\",\"position\":1,\"name\":\"Portada\",\"item\":\"https:\\\/\\\/confederaciopenyes.cat\\\/es\\\/\"},{\"@type\":\"ListItem\",\"position\":2,\"name\":\"300 pe\u00f1istas en la 8\u00aa Gala de Pe\u00f1as de Castilla-La Mancha\"}]},{\"@type\":\"WebSite\",\"@id\":\"https:\\\/\\\/confederaciopenyes.cat\\\/es\\\/#website\",\"url\":\"https:\\\/\\\/confederaciopenyes.cat\\\/es\\\/\",\"name\":\"Confederaci\u00f3 Mundial de Penyes del FC Barcelona\",\"description\":\"C.M. Penyes FC Barcelona\",\"publisher\":{\"@id\":\"https:\\\/\\\/confederaciopenyes.cat\\\/es\\\/#organization\"},\"potentialAction\":[{\"@type\":\"SearchAction\",\"target\":{\"@type\":\"EntryPoint\",\"urlTemplate\":\"https:\\\/\\\/confederaciopenyes.cat\\\/es\\\/?s={search_term_string}\"},\"query-input\":{\"@type\":\"PropertyValueSpecification\",\"valueRequired\":true,\"valueName\":\"search_term_string\"}}],\"inLanguage\":\"es\"},{\"@type\":\"Organization\",\"@id\":\"https:\\\/\\\/confederaciopenyes.cat\\\/es\\\/#organization\",\"name\":\"Confederaci\u00f3 Mundial de Penyes del FC Barcelona\",\"url\":\"https:\\\/\\\/confederaciopenyes.cat\\\/es\\\/\",\"logo\":{\"@type\":\"ImageObject\",\"inLanguage\":\"es\",\"@id\":\"https:\\\/\\\/confederaciopenyes.cat\\\/es\\\/#\\\/schema\\\/logo\\\/image\\\/\",\"url\":\"https:\\\/\\\/confederaciopenyes.cat\\\/wp-content\\\/uploads\\\/2022\\\/07\\\/cropped-logo_horizontal.png\",\"contentUrl\":\"https:\\\/\\\/confederaciopenyes.cat\\\/wp-content\\\/uploads\\\/2022\\\/07\\\/cropped-logo_horizontal.png\",\"width\":1320,\"height\":309,\"caption\":\"Confederaci\u00f3 Mundial de Penyes del FC Barcelona\"},\"image\":{\"@id\":\"https:\\\/\\\/confederaciopenyes.cat\\\/es\\\/#\\\/schema\\\/logo\\\/image\\\/\"},\"sameAs\":[\"https:\\\/\\\/www.facebook.com\\\/ConfederacioMundialPenyesFCB\",\"https:\\\/\\\/x.com\\\/ConfePenyesFCB\",\"https:\\\/\\\/www.instagram.com\\\/confepenyesfcb\\\/\"]},{\"@type\":\"Person\",\"@id\":\"https:\\\/\\\/confederaciopenyes.cat\\\/es\\\/#\\\/schema\\\/person\\\/337072f6daef87a85aa59aa1f134387c\",\"name\":\"Confederaci\u00f3 Mundial de Penyes del FC Barcelona\",\"image\":{\"@type\":\"ImageObject\",\"inLanguage\":\"es\",\"@id\":\"https:\\\/\\\/secure.gravatar.com\\\/avatar\\\/98c60c7405ff843b10aec55db652bd3f5cb4320ef331ae76c156819a62194328?s=96&d=mm&r=g\",\"url\":\"https:\\\/\\\/secure.gravatar.com\\\/avatar\\\/98c60c7405ff843b10aec55db652bd3f5cb4320ef331ae76c156819a62194328?s=96&d=mm&r=g\",\"contentUrl\":\"https:\\\/\\\/secure.gravatar.com\\\/avatar\\\/98c60c7405ff843b10aec55db652bd3f5cb4320ef331ae76c156819a62194328?s=96&d=mm&r=g\",\"caption\":\"Confederaci\u00f3 Mundial de Penyes del FC Barcelona\"},\"url\":\"https:\\\/\\\/confederaciopenyes.cat\\\/es\\\/author\\\/comunicacioconfederaciopenyes-cat\\\/\"}]}<\/script>\n<!-- \/ Yoast SEO Premium plugin. -->","yoast_head_json":{"title":"300 pe\u00f1istas en la 8a Gala de Pe\u00f1as de Castilla-La Mancha - CMP","description":"La 8a Gala de Pe\u00f1as de Castilla-La Mancha congreg\u00f3 a 300 personas, entre las cuales numerosos presidentes de federaciones territoriales.","robots":{"index":"index","follow":"follow","max-snippet":"max-snippet:-1","max-image-preview":"max-image-preview:large","max-video-preview":"max-video-preview:-1"},"canonical":"https:\/\/confederaciopenyes.cat\/es\/300-penistas-8a-gala-penas-castilla-la-mancha\/","og_locale":"es_ES","og_type":"article","og_title":"300 pe\u00f1istas en la 8\u00aa Gala de Pe\u00f1as de Castilla-La Mancha","og_description":"La 8a Gala de Pe\u00f1as de Castilla-La Mancha congreg\u00f3 a 300 personas, entre las cuales numerosos presidentes de federaciones territoriales.","og_url":"https:\/\/confederaciopenyes.cat\/es\/300-penistas-8a-gala-penas-castilla-la-mancha\/","og_site_name":"Confederaci\u00f3 Mundial de Penyes del FC Barcelona","article_publisher":"https:\/\/www.facebook.com\/ConfederacioMundialPenyesFCB","article_published_time":"2022-12-20T11:28:36+00:00","article_modified_time":"2022-12-20T11:47:36+00:00","og_image":[{"width":2560,"height":1407,"url":"https:\/\/confederaciopenyes.cat\/wp-content\/uploads\/2022\/12\/MG_0486_2-scaled.jpg","type":"image\/jpeg"}],"author":"Confederaci\u00f3 Mundial de Penyes del FC Barcelona","twitter_card":"summary_large_image","twitter_creator":"@ConfePenyesFCB","twitter_site":"@ConfePenyesFCB","twitter_misc":{"Escrito por":"Confederaci\u00f3 Mundial de Penyes del FC Barcelona","Tiempo de lectura":"4 minutos"},"schema":{"@context":"https:\/\/schema.org","@graph":[{"@type":"Article","@id":"https:\/\/confederaciopenyes.cat\/es\/300-penistas-8a-gala-penas-castilla-la-mancha\/#article","isPartOf":{"@id":"https:\/\/confederaciopenyes.cat\/es\/300-penistas-8a-gala-penas-castilla-la-mancha\/"},"author":{"name":"Confederaci\u00f3 Mundial de Penyes del FC Barcelona","@id":"https:\/\/confederaciopenyes.cat\/es\/#\/schema\/person\/337072f6daef87a85aa59aa1f134387c"},"headline":"300 pe\u00f1istas en la 8\u00aa Gala de Pe\u00f1as de Castilla-La Mancha","datePublished":"2022-12-20T11:28:36+00:00","dateModified":"2022-12-20T11:47:36+00:00","mainEntityOfPage":{"@id":"https:\/\/confederaciopenyes.cat\/es\/300-penistas-8a-gala-penas-castilla-la-mancha\/"},"wordCount":377,"publisher":{"@id":"https:\/\/confederaciopenyes.cat\/es\/#organization"},"image":{"@id":"https:\/\/confederaciopenyes.cat\/es\/300-penistas-8a-gala-penas-castilla-la-mancha\/#primaryimage"},"thumbnailUrl":"https:\/\/confederaciopenyes.cat\/wp-content\/uploads\/2022\/12\/MG_0486_2-scaled.jpg","keywords":["confederaci\u00f3n mundial de pe\u00f1as","noticias","pe\u00f1as"],"articleSection":["Noticias"],"inLanguage":"es"},{"@type":"WebPage","@id":"https:\/\/confederaciopenyes.cat\/es\/300-penistas-8a-gala-penas-castilla-la-mancha\/","url":"https:\/\/confederaciopenyes.cat\/es\/300-penistas-8a-gala-penas-castilla-la-mancha\/","name":"300 pe\u00f1istas en la 8a Gala de Pe\u00f1as de Castilla-La Mancha - CMP","isPartOf":{"@id":"https:\/\/confederaciopenyes.cat\/es\/#website"},"primaryImageOfPage":{"@id":"https:\/\/confederaciopenyes.cat\/es\/300-penistas-8a-gala-penas-castilla-la-mancha\/#primaryimage"},"image":{"@id":"https:\/\/confederaciopenyes.cat\/es\/300-penistas-8a-gala-penas-castilla-la-mancha\/#primaryimage"},"thumbnailUrl":"https:\/\/confederaciopenyes.cat\/wp-content\/uploads\/2022\/12\/MG_0486_2-scaled.jpg","datePublished":"2022-12-20T11:28:36+00:00","dateModified":"2022-12-20T11:47:36+00:00","description":"La 8a Gala de Pe\u00f1as de Castilla-La Mancha congreg\u00f3 a 300 personas, entre las cuales numerosos presidentes de federaciones territoriales.","breadcrumb":{"@id":"https:\/\/confederaciopenyes.cat\/es\/300-penistas-8a-gala-penas-castilla-la-mancha\/#breadcrumb"},"inLanguage":"es","potentialAction":[{"@type":"ReadAction","target":["https:\/\/confederaciopenyes.cat\/es\/300-penistas-8a-gala-penas-castilla-la-mancha\/"]}]},{"@type":"ImageObject","inLanguage":"es","@id":"https:\/\/confederaciopenyes.cat\/es\/300-penistas-8a-gala-penas-castilla-la-mancha\/#primaryimage","url":"https:\/\/confederaciopenyes.cat\/wp-content\/uploads\/2022\/12\/MG_0486_2-scaled.jpg","contentUrl":"https:\/\/confederaciopenyes.cat\/wp-content\/uploads\/2022\/12\/MG_0486_2-scaled.jpg","width":2560,"height":1407},{"@type":"BreadcrumbList","@id":"https:\/\/confederaciopenyes.cat\/es\/300-penistas-8a-gala-penas-castilla-la-mancha\/#breadcrumb","itemListElement":[{"@type":"ListItem","position":1,"name":"Portada","item":"https:\/\/confederaciopenyes.cat\/es\/"},{"@type":"ListItem","position":2,"name":"300 pe\u00f1istas en la 8\u00aa Gala de Pe\u00f1as de Castilla-La Mancha"}]},{"@type":"WebSite","@id":"https:\/\/confederaciopenyes.cat\/es\/#website","url":"https:\/\/confederaciopenyes.cat\/es\/","name":"Confederaci\u00f3 Mundial de Penyes del FC Barcelona","description":"C.M. Penyes FC Barcelona","publisher":{"@id":"https:\/\/confederaciopenyes.cat\/es\/#organization"},"potentialAction":[{"@type":"SearchAction","target":{"@type":"EntryPoint","urlTemplate":"https:\/\/confederaciopenyes.cat\/es\/?s={search_term_string}"},"query-input":{"@type":"PropertyValueSpecification","valueRequired":true,"valueName":"search_term_string"}}],"inLanguage":"es"},{"@type":"Organization","@id":"https:\/\/confederaciopenyes.cat\/es\/#organization","name":"Confederaci\u00f3 Mundial de Penyes del FC Barcelona","url":"https:\/\/confederaciopenyes.cat\/es\/","logo":{"@type":"ImageObject","inLanguage":"es","@id":"https:\/\/confederaciopenyes.cat\/es\/#\/schema\/logo\/image\/","url":"https:\/\/confederaciopenyes.cat\/wp-content\/uploads\/2022\/07\/cropped-logo_horizontal.png","contentUrl":"https:\/\/confederaciopenyes.cat\/wp-content\/uploads\/2022\/07\/cropped-logo_horizontal.png","width":1320,"height":309,"caption":"Confederaci\u00f3 Mundial de Penyes del FC Barcelona"},"image":{"@id":"https:\/\/confederaciopenyes.cat\/es\/#\/schema\/logo\/image\/"},"sameAs":["https:\/\/www.facebook.com\/ConfederacioMundialPenyesFCB","https:\/\/x.com\/ConfePenyesFCB","https:\/\/www.instagram.com\/confepenyesfcb\/"]},{"@type":"Person","@id":"https:\/\/confederaciopenyes.cat\/es\/#\/schema\/person\/337072f6daef87a85aa59aa1f134387c","name":"Confederaci\u00f3 Mundial de Penyes del FC Barcelona","image":{"@type":"ImageObject","inLanguage":"es","@id":"https:\/\/secure.gravatar.com\/avatar\/98c60c7405ff843b10aec55db652bd3f5cb4320ef331ae76c156819a62194328?s=96&d=mm&r=g","url":"https:\/\/secure.gravatar.com\/avatar\/98c60c7405ff843b10aec55db652bd3f5cb4320ef331ae76c156819a62194328?s=96&d=mm&r=g","contentUrl":"https:\/\/secure.gravatar.com\/avatar\/98c60c7405ff843b10aec55db652bd3f5cb4320ef331ae76c156819a62194328?s=96&d=mm&r=g","caption":"Confederaci\u00f3 Mundial de Penyes del FC Barcelona"},"url":"https:\/\/confederaciopenyes.cat\/es\/author\/comunicacioconfederaciopenyes-cat\/"}]}},"_links":{"self":[{"href":"https:\/\/confederaciopenyes.cat\/es\/wp-json\/wp\/v2\/posts\/4779","targetHints":{"allow":["GET"]}}],"collection":[{"href":"https:\/\/confederaciopenyes.cat\/es\/wp-json\/wp\/v2\/posts"}],"about":[{"href":"https:\/\/confederaciopenyes.cat\/es\/wp-json\/wp\/v2\/types\/post"}],"author":[{"embeddable":true,"href":"https:\/\/confederaciopenyes.cat\/es\/wp-json\/wp\/v2\/users\/4"}],"replies":[{"embeddable":true,"href":"https:\/\/confederaciopenyes.cat\/es\/wp-json\/wp\/v2\/comments?post=4779"}],"version-history":[{"count":3,"href":"https:\/\/confederaciopenyes.cat\/es\/wp-json\/wp\/v2\/posts\/4779\/revisions"}],"predecessor-version":[{"id":4791,"href":"https:\/\/confederaciopenyes.cat\/es\/wp-json\/wp\/v2\/posts\/4779\/revisions\/4791"}],"wp:featuredmedia":[{"embeddable":true,"href":"https:\/\/confederaciopenyes.cat\/es\/wp-json\/wp\/v2\/media\/4766"}],"wp:attachment":[{"href":"https:\/\/confederaciopenyes.cat\/es\/wp-json\/wp\/v2\/media?parent=4779"}],"wp:term":[{"taxonomy":"category","embeddable":true,"href":"https:\/\/confederaciopenyes.cat\/es\/wp-json\/wp\/v2\/categories?post=4779"},{"taxonomy":"post_tag","embeddable":true,"href":"https:\/\/confederaciopenyes.cat\/es\/wp-json\/wp\/v2\/tags?post=4779"}],"curies":[{"name":"wp","href":"https:\/\/api.w.org\/{rel}","templated":true}]}}