{"id":47998,"date":"2026-09-02T13:44:49","date_gmt":"2026-09-02T11:44:49","guid":{"rendered":"https:\/\/confederaciopenyes.cat\/la-pb-tortosa-consolida-el-exito-de-su-torneo-de-futbolin\/"},"modified":"2026-09-02T13:55:37","modified_gmt":"2026-09-02T11:55:37","slug":"la-pb-tortosa-consolida-el-exito-de-su-torneo-de-futbolin","status":"publish","type":"post","link":"https:\/\/confederaciopenyes.cat\/es\/la-pb-tortosa-consolida-el-exito-de-su-torneo-de-futbolin\/","title":{"rendered":"La PB Tortosa consolida el \u00e9xito de su Torneo de Futbol\u00edn"},"content":{"rendered":"\n<p class=\"wp-block-paragraph\">La <strong><a href=\"https:\/\/www.instagram.com\/penyabarcelonistatortosa\/\" target=\"_blank\" rel=\"noreferrer noopener\">Penya Barcelonista de Tortosa<\/a><\/strong> (Federaci\u00f3 de Penyes de les Terres de l\u2019Ebre) organiz\u00f3 su <strong>III Torneo de Futbol\u00edn<\/strong>, en el marco de la <strong>fiesta de la <a href=\"https:\/\/vapertuvidal.com\/index.html\" target=\"_blank\" rel=\"noreferrer noopener\">Associaci\u00f3 Va per tu Vidal,<\/a><\/strong> en la plaza del Ayuntamiento de Tortosa. La actividad ya se ha consolidado en la localidad ebrense y cont\u00f3 con un total de <strong>40 participantes: 32 en la categor\u00eda de adultos y 8 en la categor\u00eda infantil<\/strong>. Adem\u00e1s, se registr\u00f3 una gran afluencia de p\u00fablico durante toda la tarde, subrayando el gran atractivo que ha adquirido este torneo en la ciudad de Tortosa.  <\/p>\n\n<p class=\"wp-block-paragraph\">La pe\u00f1a cont\u00f3 con la colaboraci\u00f3n de la <strong>Associaci\u00f3 Futboliners Planers de Santa B\u00e0rbara<\/strong>, con la que elabor\u00f3 los cuadros del torneo que definieron las eliminatorias hasta las finales. Las tres primeras parejas clasificadas en cada una de las categor\u00edas recibieron un trofeo como reconocimiento, pero m\u00e1s all\u00e1 de los ganadores <strong>destac\u00f3 el buen ambiente entre todos los participantes<\/strong>. Los Serveis Territorials d\u2019Esports a les Terres de l\u2019Ebre, el Institut per al Desenvolupament de les Comarques de l\u2019Ebre (IDECE) y la \u00d3ptica Herrero tambi\u00e9n colaboraron en el torneo.  <\/p>\n\n<h6 id=\"h-festa-de-l-associacio-va-per-tu-vidal\" class=\"wp-block-heading\"><strong>Fiesta de la Associaci\u00f3 Va per tu Vidal<\/strong><\/h6>\n\n<p class=\"wp-block-paragraph\">Un a\u00f1o m\u00e1s, el III Torneo de Futbol\u00edn de la PB Tortosa form\u00f3 parte de la fiesta de la <strong>Associaci\u00f3 Va per tu Vidal, una entidad que fomenta el deporte, la cultura y la solidaridad en memoria del joven aventurero Vidal Fust\u00e9 Mu\u00f1oz<\/strong>. Adem\u00e1s del torneo de la pe\u00f1a barcelonista, la jornada incluy\u00f3 un gran n\u00famero de actividades infantiles, espect\u00e1culos de animaci\u00f3n, un concierto del grupo de Jordi \u00c9vole y un fin de fiesta musical. Durante toda la tarde, la Associaci\u00f3 Va per tu Vidal <strong>recogi\u00f3 bicicletas usadas solidarias aportadas por los asistentes, que despu\u00e9s se donan a escuelas y entidades sociales<\/strong>.  <\/p>\n\n<figure class=\"wp-block-gallery has-nested-images columns-default is-cropped wp-block-gallery-1 is-layout-flex wp-block-gallery-is-layout-flex\">\n<figure class=\"wp-block-image size-full\"><a href=\"https:\/\/confederaciopenyes.cat\/wp-content\/uploads\/2026\/09\/789443626_1582564813080681_2285879628731601033_n.jpg\" target=\"_blank\"><img decoding=\"async\" width=\"608\" height=\"456\" data-id=\"47962\" data-src=\"https:\/\/confederaciopenyes.cat\/wp-content\/uploads\/2026\/09\/789443626_1582564813080681_2285879628731601033_n.jpg\" alt=\"\" class=\"wp-image-47962 lazyload\" data-srcset=\"https:\/\/confederaciopenyes.cat\/wp-content\/uploads\/2026\/09\/789443626_1582564813080681_2285879628731601033_n.jpg 608w, https:\/\/confederaciopenyes.cat\/wp-content\/uploads\/2026\/09\/789443626_1582564813080681_2285879628731601033_n-300x225.jpg 300w\" data-sizes=\"(max-width: 608px) 100vw, 608px\" src=\"data:image\/svg+xml;base64,PHN2ZyB3aWR0aD0iMSIgaGVpZ2h0PSIxIiB4bWxucz0iaHR0cDovL3d3dy53My5vcmcvMjAwMC9zdmciPjwvc3ZnPg==\" style=\"--smush-placeholder-width: 608px; --smush-placeholder-aspect-ratio: 608\/456;\" \/><\/a><\/figure>\n\n\n\n<figure class=\"wp-block-image size-large\"><a href=\"https:\/\/confederaciopenyes.cat\/wp-content\/uploads\/2026\/09\/789694160_898262623091569_437348431148321766_n.jpg\" target=\"_blank\"><img decoding=\"async\" width=\"1024\" height=\"576\" data-id=\"47969\" data-src=\"https:\/\/confederaciopenyes.cat\/wp-content\/uploads\/2026\/09\/789694160_898262623091569_437348431148321766_n-1024x576.jpg\" alt=\"\" class=\"wp-image-47969 lazyload\" data-srcset=\"https:\/\/confederaciopenyes.cat\/wp-content\/uploads\/2026\/09\/789694160_898262623091569_437348431148321766_n-1024x576.jpg 1024w, https:\/\/confederaciopenyes.cat\/wp-content\/uploads\/2026\/09\/789694160_898262623091569_437348431148321766_n-300x169.jpg 300w, https:\/\/confederaciopenyes.cat\/wp-content\/uploads\/2026\/09\/789694160_898262623091569_437348431148321766_n-767x432.jpg 767w, https:\/\/confederaciopenyes.cat\/wp-content\/uploads\/2026\/09\/789694160_898262623091569_437348431148321766_n.jpg 1080w\" data-sizes=\"(max-width: 1024px) 100vw, 1024px\" src=\"data:image\/svg+xml;base64,PHN2ZyB3aWR0aD0iMSIgaGVpZ2h0PSIxIiB4bWxucz0iaHR0cDovL3d3dy53My5vcmcvMjAwMC9zdmciPjwvc3ZnPg==\" style=\"--smush-placeholder-width: 1024px; --smush-placeholder-aspect-ratio: 1024\/576;\" \/><\/a><\/figure>\n\n\n\n<figure class=\"wp-block-image size-full\"><a href=\"https:\/\/confederaciopenyes.cat\/wp-content\/uploads\/2026\/09\/790238691_1640038421074914_3948953439402337373_n.jpg\" target=\"_blank\"><img decoding=\"async\" width=\"608\" height=\"456\" data-id=\"47965\" data-src=\"https:\/\/confederaciopenyes.cat\/wp-content\/uploads\/2026\/09\/790238691_1640038421074914_3948953439402337373_n.jpg\" alt=\"\" class=\"wp-image-47965 lazyload\" data-srcset=\"https:\/\/confederaciopenyes.cat\/wp-content\/uploads\/2026\/09\/790238691_1640038421074914_3948953439402337373_n.jpg 608w, https:\/\/confederaciopenyes.cat\/wp-content\/uploads\/2026\/09\/790238691_1640038421074914_3948953439402337373_n-300x225.jpg 300w\" data-sizes=\"(max-width: 608px) 100vw, 608px\" src=\"data:image\/svg+xml;base64,PHN2ZyB3aWR0aD0iMSIgaGVpZ2h0PSIxIiB4bWxucz0iaHR0cDovL3d3dy53My5vcmcvMjAwMC9zdmciPjwvc3ZnPg==\" style=\"--smush-placeholder-width: 608px; --smush-placeholder-aspect-ratio: 608\/456;\" \/><\/a><\/figure>\n\n\n\n<figure class=\"wp-block-image size-large\"><a href=\"https:\/\/confederaciopenyes.cat\/wp-content\/uploads\/2026\/09\/792756181_2511516699350771_3348970779397629098_n.jpg\" target=\"_blank\"><img decoding=\"async\" data-id=\"47986\" data-src=\"https:\/\/confederaciopenyes.cat\/wp-content\/uploads\/2026\/09\/792756181_2511516699350771_3348970779397629098_n-1024x576.jpg\" alt=\"\" class=\"wp-image-47986 lazyload\" src=\"data:image\/svg+xml;base64,PHN2ZyB3aWR0aD0iMSIgaGVpZ2h0PSIxIiB4bWxucz0iaHR0cDovL3d3dy53My5vcmcvMjAwMC9zdmciPjwvc3ZnPg==\" style=\"--smush-placeholder-width: 1024px; --smush-placeholder-aspect-ratio: 1024\/576;\" \/><\/a><\/figure>\n\n\n\n<figure class=\"wp-block-image size-full\"><a href=\"https:\/\/confederaciopenyes.cat\/wp-content\/uploads\/2026\/09\/791683179_1614446450027837_5822642802558850370_n.jpg\" target=\"_blank\"><img decoding=\"async\" width=\"608\" height=\"456\" data-id=\"47980\" data-src=\"https:\/\/confederaciopenyes.cat\/wp-content\/uploads\/2026\/09\/791683179_1614446450027837_5822642802558850370_n.jpg\" alt=\"\" class=\"wp-image-47980 lazyload\" src=\"data:image\/svg+xml;base64,PHN2ZyB3aWR0aD0iMSIgaGVpZ2h0PSIxIiB4bWxucz0iaHR0cDovL3d3dy53My5vcmcvMjAwMC9zdmciPjwvc3ZnPg==\" style=\"--smush-placeholder-width: 608px; --smush-placeholder-aspect-ratio: 608\/456;\" \/><\/a><\/figure>\n\n\n\n<figure class=\"wp-block-image size-large\"><a href=\"https:\/\/confederaciopenyes.cat\/wp-content\/uploads\/2026\/09\/791061881_1780938679607093_437103948133682009_n.jpg\" target=\"_blank\"><img decoding=\"async\" data-id=\"47983\" data-src=\"https:\/\/confederaciopenyes.cat\/wp-content\/uploads\/2026\/09\/791061881_1780938679607093_437103948133682009_n-1024x576.jpg\" alt=\"\" class=\"wp-image-47983 lazyload\" src=\"data:image\/svg+xml;base64,PHN2ZyB3aWR0aD0iMSIgaGVpZ2h0PSIxIiB4bWxucz0iaHR0cDovL3d3dy53My5vcmcvMjAwMC9zdmciPjwvc3ZnPg==\" style=\"--smush-placeholder-width: 1024px; --smush-placeholder-aspect-ratio: 1024\/576;\" \/><\/a><\/figure>\n\n\n\n<figure class=\"wp-block-image size-full\"><a href=\"https:\/\/confederaciopenyes.cat\/wp-content\/uploads\/2026\/09\/790574253_1075966374882954_2960650939530515430_n-edited.jpg\" target=\"_blank\"><img decoding=\"async\" width=\"608\" height=\"608\" data-id=\"47989\" data-src=\"https:\/\/confederaciopenyes.cat\/wp-content\/uploads\/2026\/09\/790574253_1075966374882954_2960650939530515430_n-edited.jpg\" alt=\"\" class=\"wp-image-47989 lazyload\" data-srcset=\"https:\/\/confederaciopenyes.cat\/wp-content\/uploads\/2026\/09\/790574253_1075966374882954_2960650939530515430_n-edited.jpg 608w, https:\/\/confederaciopenyes.cat\/wp-content\/uploads\/2026\/09\/790574253_1075966374882954_2960650939530515430_n-edited-300x300.jpg 300w, https:\/\/confederaciopenyes.cat\/wp-content\/uploads\/2026\/09\/790574253_1075966374882954_2960650939530515430_n-edited-150x150.jpg 150w\" data-sizes=\"(max-width: 608px) 100vw, 608px\" src=\"data:image\/svg+xml;base64,PHN2ZyB3aWR0aD0iMSIgaGVpZ2h0PSIxIiB4bWxucz0iaHR0cDovL3d3dy53My5vcmcvMjAwMC9zdmciPjwvc3ZnPg==\" style=\"--smush-placeholder-width: 608px; --smush-placeholder-aspect-ratio: 608\/608;\" \/><\/a><\/figure>\n\n\n\n<figure class=\"wp-block-image size-large\"><a href=\"https:\/\/confederaciopenyes.cat\/wp-content\/uploads\/2026\/09\/790365014_2332799680871616_4021467874614522154_n.jpg\" target=\"_blank\"><img decoding=\"async\" width=\"1024\" height=\"576\" data-id=\"47972\" data-src=\"https:\/\/confederaciopenyes.cat\/wp-content\/uploads\/2026\/09\/790365014_2332799680871616_4021467874614522154_n-1024x576.jpg\" alt=\"\" class=\"wp-image-47972 lazyload\" data-srcset=\"https:\/\/confederaciopenyes.cat\/wp-content\/uploads\/2026\/09\/790365014_2332799680871616_4021467874614522154_n-1024x576.jpg 1024w, https:\/\/confederaciopenyes.cat\/wp-content\/uploads\/2026\/09\/790365014_2332799680871616_4021467874614522154_n-300x169.jpg 300w, https:\/\/confederaciopenyes.cat\/wp-content\/uploads\/2026\/09\/790365014_2332799680871616_4021467874614522154_n-767x432.jpg 767w, https:\/\/confederaciopenyes.cat\/wp-content\/uploads\/2026\/09\/790365014_2332799680871616_4021467874614522154_n.jpg 1080w\" data-sizes=\"(max-width: 1024px) 100vw, 1024px\" src=\"data:image\/svg+xml;base64,PHN2ZyB3aWR0aD0iMSIgaGVpZ2h0PSIxIiB4bWxucz0iaHR0cDovL3d3dy53My5vcmcvMjAwMC9zdmciPjwvc3ZnPg==\" style=\"--smush-placeholder-width: 1024px; --smush-placeholder-aspect-ratio: 1024\/576;\" \/><\/a><\/figure>\n\n\n\n<figure class=\"wp-block-image size-full\"><a href=\"https:\/\/confederaciopenyes.cat\/wp-content\/uploads\/2026\/09\/790683518_1586096103147144_4959304578071072989_n-edited.jpg\" target=\"_blank\"><img decoding=\"async\" width=\"608\" height=\"608\" data-id=\"47992\" data-src=\"https:\/\/confederaciopenyes.cat\/wp-content\/uploads\/2026\/09\/790683518_1586096103147144_4959304578071072989_n-edited.jpg\" alt=\"\" class=\"wp-image-47992 lazyload\" data-srcset=\"https:\/\/confederaciopenyes.cat\/wp-content\/uploads\/2026\/09\/790683518_1586096103147144_4959304578071072989_n-edited.jpg 608w, https:\/\/confederaciopenyes.cat\/wp-content\/uploads\/2026\/09\/790683518_1586096103147144_4959304578071072989_n-edited-300x300.jpg 300w, https:\/\/confederaciopenyes.cat\/wp-content\/uploads\/2026\/09\/790683518_1586096103147144_4959304578071072989_n-edited-150x150.jpg 150w\" data-sizes=\"(max-width: 608px) 100vw, 608px\" src=\"data:image\/svg+xml;base64,PHN2ZyB3aWR0aD0iMSIgaGVpZ2h0PSIxIiB4bWxucz0iaHR0cDovL3d3dy53My5vcmcvMjAwMC9zdmciPjwvc3ZnPg==\" style=\"--smush-placeholder-width: 608px; --smush-placeholder-aspect-ratio: 608\/608;\" \/><\/a><\/figure>\n<\/figure>\n","protected":false},"excerpt":{"rendered":"<p>La Penya Barcelonista de Tortosa (Federaci\u00f3 de Penyes de les Terres de l\u2019Ebre) organiz\u00f3 su III Torneo de Futbol\u00edn, en el marco de la fiesta de la Associaci\u00f3 Va per tu Vidal, en la plaza del Ayuntamiento de Tortosa. La actividad ya se ha consolidado en la localidad ebrense y cont\u00f3 con un total de &#8230; <a title=\"La PB Tortosa consolida el \u00e9xito de su Torneo de Futbol\u00edn\" class=\"read-more\" href=\"https:\/\/confederaciopenyes.cat\/es\/la-pb-tortosa-consolida-el-exito-de-su-torneo-de-futbolin\/\" aria-label=\"Leer m\u00e1s sobre La PB Tortosa consolida el \u00e9xito de su Torneo de Futbol\u00edn\">Leer m\u00e1s<\/a><\/p>\n","protected":false},"author":4,"featured_media":47961,"comment_status":"closed","ping_status":"open","sticky":false,"template":"","format":"standard","meta":{"_acf_changed":false,"footnotes":""},"categories":[1],"tags":[4591,2556,3099,2554,3098,2555],"class_list":["post-47998","post","type-post","status-publish","format-standard","has-post-thumbnail","hentry","category-noticias-es","tag-associacio-va-per-tu-vidal","tag-confederacio-mundial-de-penyes-es-2","tag-futboli-es","tag-noticias-es","tag-pb-tortosa-es","tag-penas-es"],"acf":[],"yoast_head":"<!-- This site is optimized with the Yoast SEO Premium plugin v27.8 (Yoast SEO v28.4) - https:\/\/yoast.com\/product\/yoast-seo-premium-wordpress\/ -->\n<title>La PB Tortosa consolida el \u00e9xito de su Torneo de Futbol\u00edn - Confederaci\u00f3 Mundial de Penyes del FC Barcelona<\/title>\n<meta name=\"description\" content=\"El III Torneo de Futbol\u00edn de la PB Tortosa, dentro de la fiesta de la Associaci\u00f3 Va per tu Vidal, fue todo un \u00e9xito con un 40 participantes.\" \/>\n<meta name=\"robots\" content=\"index, follow, max-snippet:-1, max-image-preview:large, max-video-preview:-1\" \/>\n<link rel=\"canonical\" href=\"https:\/\/confederaciopenyes.cat\/es\/la-pb-tortosa-consolida-el-exito-de-su-torneo-de-futbolin\/\" \/>\n<meta property=\"og:locale\" content=\"es_ES\" \/>\n<meta property=\"og:type\" content=\"article\" \/>\n<meta property=\"og:title\" content=\"La PB Tortosa consolida el \u00e9xito de su Torneo de Futbol\u00edn\" \/>\n<meta property=\"og:description\" content=\"El III Torneo de Futbol\u00edn de la PB Tortosa, dentro de la fiesta de la Associaci\u00f3 Va per tu Vidal, fue todo un \u00e9xito con un 40 participantes.\" \/>\n<meta property=\"og:url\" content=\"https:\/\/confederaciopenyes.cat\/es\/la-pb-tortosa-consolida-el-exito-de-su-torneo-de-futbolin\/\" \/>\n<meta property=\"og:site_name\" content=\"Confederaci\u00f3 Mundial de Penyes del FC Barcelona\" \/>\n<meta property=\"article:publisher\" content=\"https:\/\/www.facebook.com\/ConfederacioMundialPenyesFCB\" \/>\n<meta property=\"article:published_time\" content=\"2026-09-02T11:44:49+00:00\" \/>\n<meta property=\"article:modified_time\" content=\"2026-09-02T11:55:37+00:00\" \/>\n<meta property=\"og:image\" content=\"https:\/\/confederaciopenyes.cat\/wp-content\/uploads\/2026\/09\/790968631_1266223978926093_3919099571630470420_n2.jpg\" \/>\n\t<meta property=\"og:image:width\" content=\"1080\" \/>\n\t<meta property=\"og:image:height\" content=\"540\" \/>\n\t<meta property=\"og:image:type\" content=\"image\/jpeg\" \/>\n<meta name=\"author\" content=\"Confederaci\u00f3 Mundial de Penyes del FC Barcelona\" \/>\n<meta name=\"twitter:card\" content=\"summary_large_image\" \/>\n<meta name=\"twitter:creator\" content=\"@ConfePenyesFCB\" \/>\n<meta name=\"twitter:site\" content=\"@ConfePenyesFCB\" \/>\n<meta name=\"twitter:label1\" content=\"Escrito por\" \/>\n\t<meta name=\"twitter:data1\" content=\"Confederaci\u00f3 Mundial de Penyes del FC Barcelona\" \/>\n\t<meta name=\"twitter:label2\" content=\"Tiempo de lectura\" \/>\n\t<meta name=\"twitter:data2\" content=\"4 minutos\" \/>\n<script type=\"application\/ld+json\" class=\"yoast-schema-graph\">{\"@context\":\"https:\\\/\\\/schema.org\",\"@graph\":[{\"@type\":\"Article\",\"@id\":\"https:\\\/\\\/confederaciopenyes.cat\\\/es\\\/la-pb-tortosa-consolida-el-exito-de-su-torneo-de-futbolin\\\/#article\",\"isPartOf\":{\"@id\":\"https:\\\/\\\/confederaciopenyes.cat\\\/es\\\/la-pb-tortosa-consolida-el-exito-de-su-torneo-de-futbolin\\\/\"},\"author\":{\"name\":\"Confederaci\u00f3 Mundial de Penyes del FC Barcelona\",\"@id\":\"https:\\\/\\\/confederaciopenyes.cat\\\/es\\\/#\\\/schema\\\/person\\\/337072f6daef87a85aa59aa1f134387c\"},\"headline\":\"La PB Tortosa consolida el \u00e9xito de su Torneo de Futbol\u00edn\",\"datePublished\":\"2026-09-02T11:44:49+00:00\",\"dateModified\":\"2026-09-02T11:55:37+00:00\",\"mainEntityOfPage\":{\"@id\":\"https:\\\/\\\/confederaciopenyes.cat\\\/es\\\/la-pb-tortosa-consolida-el-exito-de-su-torneo-de-futbolin\\\/\"},\"wordCount\":327,\"publisher\":{\"@id\":\"https:\\\/\\\/confederaciopenyes.cat\\\/es\\\/#organization\"},\"image\":{\"@id\":\"https:\\\/\\\/confederaciopenyes.cat\\\/es\\\/la-pb-tortosa-consolida-el-exito-de-su-torneo-de-futbolin\\\/#primaryimage\"},\"thumbnailUrl\":\"https:\\\/\\\/confederaciopenyes.cat\\\/wp-content\\\/uploads\\\/2026\\\/09\\\/790968631_1266223978926093_3919099571630470420_n2.jpg\",\"keywords\":[\"Associaci\u00f3 Va per tu Vidal\",\"confederaci\u00f3 mundial de penyes\",\"futbol\u00ed\",\"noticias\",\"PB Tortosa\",\"pe\u00f1as\"],\"articleSection\":[\"Noticias\"],\"inLanguage\":\"es\"},{\"@type\":\"WebPage\",\"@id\":\"https:\\\/\\\/confederaciopenyes.cat\\\/es\\\/la-pb-tortosa-consolida-el-exito-de-su-torneo-de-futbolin\\\/\",\"url\":\"https:\\\/\\\/confederaciopenyes.cat\\\/es\\\/la-pb-tortosa-consolida-el-exito-de-su-torneo-de-futbolin\\\/\",\"name\":\"La PB Tortosa consolida el \u00e9xito de su Torneo de Futbol\u00edn - Confederaci\u00f3 Mundial de Penyes del FC Barcelona\",\"isPartOf\":{\"@id\":\"https:\\\/\\\/confederaciopenyes.cat\\\/es\\\/#website\"},\"primaryImageOfPage\":{\"@id\":\"https:\\\/\\\/confederaciopenyes.cat\\\/es\\\/la-pb-tortosa-consolida-el-exito-de-su-torneo-de-futbolin\\\/#primaryimage\"},\"image\":{\"@id\":\"https:\\\/\\\/confederaciopenyes.cat\\\/es\\\/la-pb-tortosa-consolida-el-exito-de-su-torneo-de-futbolin\\\/#primaryimage\"},\"thumbnailUrl\":\"https:\\\/\\\/confederaciopenyes.cat\\\/wp-content\\\/uploads\\\/2026\\\/09\\\/790968631_1266223978926093_3919099571630470420_n2.jpg\",\"datePublished\":\"2026-09-02T11:44:49+00:00\",\"dateModified\":\"2026-09-02T11:55:37+00:00\",\"description\":\"El III Torneo de Futbol\u00edn de la PB Tortosa, dentro de la fiesta de la Associaci\u00f3 Va per tu Vidal, fue todo un \u00e9xito con un 40 participantes.\",\"breadcrumb\":{\"@id\":\"https:\\\/\\\/confederaciopenyes.cat\\\/es\\\/la-pb-tortosa-consolida-el-exito-de-su-torneo-de-futbolin\\\/#breadcrumb\"},\"inLanguage\":\"es\",\"potentialAction\":[{\"@type\":\"ReadAction\",\"target\":[\"https:\\\/\\\/confederaciopenyes.cat\\\/es\\\/la-pb-tortosa-consolida-el-exito-de-su-torneo-de-futbolin\\\/\"]}]},{\"@type\":\"ImageObject\",\"inLanguage\":\"es\",\"@id\":\"https:\\\/\\\/confederaciopenyes.cat\\\/es\\\/la-pb-tortosa-consolida-el-exito-de-su-torneo-de-futbolin\\\/#primaryimage\",\"url\":\"https:\\\/\\\/confederaciopenyes.cat\\\/wp-content\\\/uploads\\\/2026\\\/09\\\/790968631_1266223978926093_3919099571630470420_n2.jpg\",\"contentUrl\":\"https:\\\/\\\/confederaciopenyes.cat\\\/wp-content\\\/uploads\\\/2026\\\/09\\\/790968631_1266223978926093_3919099571630470420_n2.jpg\",\"width\":1080,\"height\":540},{\"@type\":\"BreadcrumbList\",\"@id\":\"https:\\\/\\\/confederaciopenyes.cat\\\/es\\\/la-pb-tortosa-consolida-el-exito-de-su-torneo-de-futbolin\\\/#breadcrumb\",\"itemListElement\":[{\"@type\":\"ListItem\",\"position\":1,\"name\":\"Inici\",\"item\":\"https:\\\/\\\/confederaciopenyes.cat\\\/es\\\/\"},{\"@type\":\"ListItem\",\"position\":2,\"name\":\"La PB Tortosa consolida el \u00e9xito de su Torneo de Futbol\u00edn\"}]},{\"@type\":\"WebSite\",\"@id\":\"https:\\\/\\\/confederaciopenyes.cat\\\/es\\\/#website\",\"url\":\"https:\\\/\\\/confederaciopenyes.cat\\\/es\\\/\",\"name\":\"Confederaci\u00f3 Mundial de Penyes del FC Barcelona\",\"description\":\"C.M. Penyes FC Barcelona\",\"publisher\":{\"@id\":\"https:\\\/\\\/confederaciopenyes.cat\\\/es\\\/#organization\"},\"potentialAction\":[{\"@type\":\"SearchAction\",\"target\":{\"@type\":\"EntryPoint\",\"urlTemplate\":\"https:\\\/\\\/confederaciopenyes.cat\\\/es\\\/?s={search_term_string}\"},\"query-input\":{\"@type\":\"PropertyValueSpecification\",\"valueRequired\":true,\"valueName\":\"search_term_string\"}}],\"inLanguage\":\"es\"},{\"@type\":\"Organization\",\"@id\":\"https:\\\/\\\/confederaciopenyes.cat\\\/es\\\/#organization\",\"name\":\"Confederaci\u00f3 Mundial de Penyes del FC Barcelona\",\"url\":\"https:\\\/\\\/confederaciopenyes.cat\\\/es\\\/\",\"logo\":{\"@type\":\"ImageObject\",\"inLanguage\":\"es\",\"@id\":\"https:\\\/\\\/confederaciopenyes.cat\\\/es\\\/#\\\/schema\\\/logo\\\/image\\\/\",\"url\":\"https:\\\/\\\/confederaciopenyes.cat\\\/wp-content\\\/uploads\\\/2022\\\/07\\\/cropped-logo_horizontal-1.png\",\"contentUrl\":\"https:\\\/\\\/confederaciopenyes.cat\\\/wp-content\\\/uploads\\\/2022\\\/07\\\/cropped-logo_horizontal-1.png\",\"width\":512,\"height\":512,\"caption\":\"Confederaci\u00f3 Mundial de Penyes del FC Barcelona\"},\"image\":{\"@id\":\"https:\\\/\\\/confederaciopenyes.cat\\\/es\\\/#\\\/schema\\\/logo\\\/image\\\/\"},\"sameAs\":[\"https:\\\/\\\/www.facebook.com\\\/ConfederacioMundialPenyesFCB\",\"https:\\\/\\\/x.com\\\/ConfePenyesFCB\",\"https:\\\/\\\/www.instagram.com\\\/confepenyesfcb\\\/\"]},{\"@type\":\"Person\",\"@id\":\"https:\\\/\\\/confederaciopenyes.cat\\\/es\\\/#\\\/schema\\\/person\\\/337072f6daef87a85aa59aa1f134387c\",\"name\":\"Confederaci\u00f3 Mundial de Penyes del FC Barcelona\",\"image\":{\"@type\":\"ImageObject\",\"inLanguage\":\"es\",\"@id\":\"https:\\\/\\\/secure.gravatar.com\\\/avatar\\\/98c60c7405ff843b10aec55db652bd3f5cb4320ef331ae76c156819a62194328?s=96&d=mm&r=g\",\"url\":\"https:\\\/\\\/secure.gravatar.com\\\/avatar\\\/98c60c7405ff843b10aec55db652bd3f5cb4320ef331ae76c156819a62194328?s=96&d=mm&r=g\",\"contentUrl\":\"https:\\\/\\\/secure.gravatar.com\\\/avatar\\\/98c60c7405ff843b10aec55db652bd3f5cb4320ef331ae76c156819a62194328?s=96&d=mm&r=g\",\"caption\":\"Confederaci\u00f3 Mundial de Penyes del FC Barcelona\"},\"url\":\"https:\\\/\\\/confederaciopenyes.cat\\\/es\\\/author\\\/comunicacioconfederaciopenyes-cat\\\/\"}]}<\/script>\n<!-- \/ Yoast SEO Premium plugin. -->","yoast_head_json":{"title":"La PB Tortosa consolida el \u00e9xito de su Torneo de Futbol\u00edn - Confederaci\u00f3 Mundial de Penyes del FC Barcelona","description":"El III Torneo de Futbol\u00edn de la PB Tortosa, dentro de la fiesta de la Associaci\u00f3 Va per tu Vidal, fue todo un \u00e9xito con un 40 participantes.","robots":{"index":"index","follow":"follow","max-snippet":"max-snippet:-1","max-image-preview":"max-image-preview:large","max-video-preview":"max-video-preview:-1"},"canonical":"https:\/\/confederaciopenyes.cat\/es\/la-pb-tortosa-consolida-el-exito-de-su-torneo-de-futbolin\/","og_locale":"es_ES","og_type":"article","og_title":"La PB Tortosa consolida el \u00e9xito de su Torneo de Futbol\u00edn","og_description":"El III Torneo de Futbol\u00edn de la PB Tortosa, dentro de la fiesta de la Associaci\u00f3 Va per tu Vidal, fue todo un \u00e9xito con un 40 participantes.","og_url":"https:\/\/confederaciopenyes.cat\/es\/la-pb-tortosa-consolida-el-exito-de-su-torneo-de-futbolin\/","og_site_name":"Confederaci\u00f3 Mundial de Penyes del FC Barcelona","article_publisher":"https:\/\/www.facebook.com\/ConfederacioMundialPenyesFCB","article_published_time":"2026-09-02T11:44:49+00:00","article_modified_time":"2026-09-02T11:55:37+00:00","og_image":[{"width":1080,"height":540,"url":"https:\/\/confederaciopenyes.cat\/wp-content\/uploads\/2026\/09\/790968631_1266223978926093_3919099571630470420_n2.jpg","type":"image\/jpeg"}],"author":"Confederaci\u00f3 Mundial de Penyes del FC Barcelona","twitter_card":"summary_large_image","twitter_creator":"@ConfePenyesFCB","twitter_site":"@ConfePenyesFCB","twitter_misc":{"Escrito por":"Confederaci\u00f3 Mundial de Penyes del FC Barcelona","Tiempo de lectura":"4 minutos"},"schema":{"@context":"https:\/\/schema.org","@graph":[{"@type":"Article","@id":"https:\/\/confederaciopenyes.cat\/es\/la-pb-tortosa-consolida-el-exito-de-su-torneo-de-futbolin\/#article","isPartOf":{"@id":"https:\/\/confederaciopenyes.cat\/es\/la-pb-tortosa-consolida-el-exito-de-su-torneo-de-futbolin\/"},"author":{"name":"Confederaci\u00f3 Mundial de Penyes del FC Barcelona","@id":"https:\/\/confederaciopenyes.cat\/es\/#\/schema\/person\/337072f6daef87a85aa59aa1f134387c"},"headline":"La PB Tortosa consolida el \u00e9xito de su Torneo de Futbol\u00edn","datePublished":"2026-09-02T11:44:49+00:00","dateModified":"2026-09-02T11:55:37+00:00","mainEntityOfPage":{"@id":"https:\/\/confederaciopenyes.cat\/es\/la-pb-tortosa-consolida-el-exito-de-su-torneo-de-futbolin\/"},"wordCount":327,"publisher":{"@id":"https:\/\/confederaciopenyes.cat\/es\/#organization"},"image":{"@id":"https:\/\/confederaciopenyes.cat\/es\/la-pb-tortosa-consolida-el-exito-de-su-torneo-de-futbolin\/#primaryimage"},"thumbnailUrl":"https:\/\/confederaciopenyes.cat\/wp-content\/uploads\/2026\/09\/790968631_1266223978926093_3919099571630470420_n2.jpg","keywords":["Associaci\u00f3 Va per tu Vidal","confederaci\u00f3 mundial de penyes","futbol\u00ed","noticias","PB Tortosa","pe\u00f1as"],"articleSection":["Noticias"],"inLanguage":"es"},{"@type":"WebPage","@id":"https:\/\/confederaciopenyes.cat\/es\/la-pb-tortosa-consolida-el-exito-de-su-torneo-de-futbolin\/","url":"https:\/\/confederaciopenyes.cat\/es\/la-pb-tortosa-consolida-el-exito-de-su-torneo-de-futbolin\/","name":"La PB Tortosa consolida el \u00e9xito de su Torneo de Futbol\u00edn - Confederaci\u00f3 Mundial de Penyes del FC Barcelona","isPartOf":{"@id":"https:\/\/confederaciopenyes.cat\/es\/#website"},"primaryImageOfPage":{"@id":"https:\/\/confederaciopenyes.cat\/es\/la-pb-tortosa-consolida-el-exito-de-su-torneo-de-futbolin\/#primaryimage"},"image":{"@id":"https:\/\/confederaciopenyes.cat\/es\/la-pb-tortosa-consolida-el-exito-de-su-torneo-de-futbolin\/#primaryimage"},"thumbnailUrl":"https:\/\/confederaciopenyes.cat\/wp-content\/uploads\/2026\/09\/790968631_1266223978926093_3919099571630470420_n2.jpg","datePublished":"2026-09-02T11:44:49+00:00","dateModified":"2026-09-02T11:55:37+00:00","description":"El III Torneo de Futbol\u00edn de la PB Tortosa, dentro de la fiesta de la Associaci\u00f3 Va per tu Vidal, fue todo un \u00e9xito con un 40 participantes.","breadcrumb":{"@id":"https:\/\/confederaciopenyes.cat\/es\/la-pb-tortosa-consolida-el-exito-de-su-torneo-de-futbolin\/#breadcrumb"},"inLanguage":"es","potentialAction":[{"@type":"ReadAction","target":["https:\/\/confederaciopenyes.cat\/es\/la-pb-tortosa-consolida-el-exito-de-su-torneo-de-futbolin\/"]}]},{"@type":"ImageObject","inLanguage":"es","@id":"https:\/\/confederaciopenyes.cat\/es\/la-pb-tortosa-consolida-el-exito-de-su-torneo-de-futbolin\/#primaryimage","url":"https:\/\/confederaciopenyes.cat\/wp-content\/uploads\/2026\/09\/790968631_1266223978926093_3919099571630470420_n2.jpg","contentUrl":"https:\/\/confederaciopenyes.cat\/wp-content\/uploads\/2026\/09\/790968631_1266223978926093_3919099571630470420_n2.jpg","width":1080,"height":540},{"@type":"BreadcrumbList","@id":"https:\/\/confederaciopenyes.cat\/es\/la-pb-tortosa-consolida-el-exito-de-su-torneo-de-futbolin\/#breadcrumb","itemListElement":[{"@type":"ListItem","position":1,"name":"Inici","item":"https:\/\/confederaciopenyes.cat\/es\/"},{"@type":"ListItem","position":2,"name":"La PB Tortosa consolida el \u00e9xito de su Torneo de Futbol\u00edn"}]},{"@type":"WebSite","@id":"https:\/\/confederaciopenyes.cat\/es\/#website","url":"https:\/\/confederaciopenyes.cat\/es\/","name":"Confederaci\u00f3 Mundial de Penyes del FC Barcelona","description":"C.M. Penyes FC Barcelona","publisher":{"@id":"https:\/\/confederaciopenyes.cat\/es\/#organization"},"potentialAction":[{"@type":"SearchAction","target":{"@type":"EntryPoint","urlTemplate":"https:\/\/confederaciopenyes.cat\/es\/?s={search_term_string}"},"query-input":{"@type":"PropertyValueSpecification","valueRequired":true,"valueName":"search_term_string"}}],"inLanguage":"es"},{"@type":"Organization","@id":"https:\/\/confederaciopenyes.cat\/es\/#organization","name":"Confederaci\u00f3 Mundial de Penyes del FC Barcelona","url":"https:\/\/confederaciopenyes.cat\/es\/","logo":{"@type":"ImageObject","inLanguage":"es","@id":"https:\/\/confederaciopenyes.cat\/es\/#\/schema\/logo\/image\/","url":"https:\/\/confederaciopenyes.cat\/wp-content\/uploads\/2022\/07\/cropped-logo_horizontal-1.png","contentUrl":"https:\/\/confederaciopenyes.cat\/wp-content\/uploads\/2022\/07\/cropped-logo_horizontal-1.png","width":512,"height":512,"caption":"Confederaci\u00f3 Mundial de Penyes del FC Barcelona"},"image":{"@id":"https:\/\/confederaciopenyes.cat\/es\/#\/schema\/logo\/image\/"},"sameAs":["https:\/\/www.facebook.com\/ConfederacioMundialPenyesFCB","https:\/\/x.com\/ConfePenyesFCB","https:\/\/www.instagram.com\/confepenyesfcb\/"]},{"@type":"Person","@id":"https:\/\/confederaciopenyes.cat\/es\/#\/schema\/person\/337072f6daef87a85aa59aa1f134387c","name":"Confederaci\u00f3 Mundial de Penyes del FC Barcelona","image":{"@type":"ImageObject","inLanguage":"es","@id":"https:\/\/secure.gravatar.com\/avatar\/98c60c7405ff843b10aec55db652bd3f5cb4320ef331ae76c156819a62194328?s=96&d=mm&r=g","url":"https:\/\/secure.gravatar.com\/avatar\/98c60c7405ff843b10aec55db652bd3f5cb4320ef331ae76c156819a62194328?s=96&d=mm&r=g","contentUrl":"https:\/\/secure.gravatar.com\/avatar\/98c60c7405ff843b10aec55db652bd3f5cb4320ef331ae76c156819a62194328?s=96&d=mm&r=g","caption":"Confederaci\u00f3 Mundial de Penyes del FC Barcelona"},"url":"https:\/\/confederaciopenyes.cat\/es\/author\/comunicacioconfederaciopenyes-cat\/"}]}},"_links":{"self":[{"href":"https:\/\/confederaciopenyes.cat\/es\/wp-json\/wp\/v2\/posts\/47998","targetHints":{"allow":["GET"]}}],"collection":[{"href":"https:\/\/confederaciopenyes.cat\/es\/wp-json\/wp\/v2\/posts"}],"about":[{"href":"https:\/\/confederaciopenyes.cat\/es\/wp-json\/wp\/v2\/types\/post"}],"author":[{"embeddable":true,"href":"https:\/\/confederaciopenyes.cat\/es\/wp-json\/wp\/v2\/users\/4"}],"replies":[{"embeddable":true,"href":"https:\/\/confederaciopenyes.cat\/es\/wp-json\/wp\/v2\/comments?post=47998"}],"version-history":[{"count":2,"href":"https:\/\/confederaciopenyes.cat\/es\/wp-json\/wp\/v2\/posts\/47998\/revisions"}],"predecessor-version":[{"id":48002,"href":"https:\/\/confederaciopenyes.cat\/es\/wp-json\/wp\/v2\/posts\/47998\/revisions\/48002"}],"wp:featuredmedia":[{"embeddable":true,"href":"https:\/\/confederaciopenyes.cat\/es\/wp-json\/wp\/v2\/media\/47961"}],"wp:attachment":[{"href":"https:\/\/confederaciopenyes.cat\/es\/wp-json\/wp\/v2\/media?parent=47998"}],"wp:term":[{"taxonomy":"category","embeddable":true,"href":"https:\/\/confederaciopenyes.cat\/es\/wp-json\/wp\/v2\/categories?post=47998"},{"taxonomy":"post_tag","embeddable":true,"href":"https:\/\/confederaciopenyes.cat\/es\/wp-json\/wp\/v2\/tags?post=47998"}],"curies":[{"name":"wp","href":"https:\/\/api.w.org\/{rel}","templated":true}]}}