{"id":5483,"date":"2023-03-02T11:03:44","date_gmt":"2023-03-02T10:03:44","guid":{"rendered":"https:\/\/confederaciopenyes.cat\/?p=5483"},"modified":"2023-03-02T12:05:30","modified_gmt":"2023-03-02T11:05:30","slug":"25o-aniversario-pb-meritxell-baloncesto","status":"publish","type":"post","link":"https:\/\/confederaciopenyes.cat\/es\/25o-aniversario-pb-meritxell-baloncesto\/","title":{"rendered":"El equipo de baloncesto, presente en el 25\u00ba aniversario de la PB Meritxell"},"content":{"rendered":"\n<p><strong><a href=\"https:\/\/twitter.com\/PBBMeritxell\" target=\"_blank\" rel=\"noreferrer noopener\">La Penya Blaugrana de B\u00e0squet Meritxell<\/a> (Fed. Barcelon\u00e8s Oest)<\/strong> celebr\u00f3 su <strong>25\u00ba aniversario<\/strong> en un c\u00e9ntrico hotel de Barcelona con una cena de gala a la que asistieron <strong>m\u00e1s de 100 personas<\/strong>. La pe\u00f1a destaca por su enorme apoyo a todas las secciones del club, en especial al equipo baloncesto, y este se lo reconoci\u00f3 con la <strong>presencia en la cena de los jugadores<\/strong> de la primera plantilla <strong>\u00c1lex Abrines, Sergi Mart\u00ednez, Oriol Paul\u00ed, Serta\u00e7 Sanli, Mike Tobey, Rokas Jokubaitis, James N\u2019naji y Oscar da Silva.<\/strong><\/p>\n\n\n\n<h6 class=\"wp-block-heading\"><strong>Reconocimiento a la fidelidad de la pe\u00f1a<\/strong><\/h6>\n\n\n\n<p>Exjugadores de la secci\u00f3n como <strong>Audie Norris, Roger Grimau, V\u00edctor Sada, Alfonso Alzamora y Andr\u00e9s Jim\u00e9nez<\/strong> tambi\u00e9n estuvieron presentes, as\u00ed como <strong>miembros actuales del staff<\/strong>. Adem\u00e1s, la pe\u00f1a recibi\u00f3 <strong>una camiseta firmada por todo el equipo y un trofeo dedicado<\/strong>, que vivi\u00f3 una de sus noches m\u00e1s memorables. <strong>El capit\u00e1n \u00c1lex Abrines<\/strong>, en declaraciones a Bar\u00e7a TV, afirm\u00f3 que no pod\u00edan faltar a la cita por todo lo que les aporta la PBB Meritxell: \u201c<strong>Por su entrega y animaci\u00f3n tanto en el Palau Blaugrana como fuera de casa<\/strong>, sent\u00edamos que hoy ten\u00edamos que estar con ellos en este d\u00eda tan especial\u201d.<\/p>\n\n\n<div class=\"wp-block-image\">\n<figure class=\"aligncenter size-large is-resized\"><a href=\"https:\/\/confederaciopenyes.cat\/wp-content\/uploads\/2023\/03\/5XZenjky-1.jpg\"><img decoding=\"async\" data-src=\"http:\/\/confederaciopenyes.cat\/wp-content\/uploads\/2023\/03\/5XZenjky-1-1024x525.jpg\" alt=\"\" class=\"wp-image-5484 lazyload\" width=\"768\" height=\"394\" data-srcset=\"https:\/\/confederaciopenyes.cat\/wp-content\/uploads\/2023\/03\/5XZenjky-1-1024x525.jpg 1024w, https:\/\/confederaciopenyes.cat\/wp-content\/uploads\/2023\/03\/5XZenjky-1-300x154.jpg 300w, https:\/\/confederaciopenyes.cat\/wp-content\/uploads\/2023\/03\/5XZenjky-1-768x393.jpg 768w, https:\/\/confederaciopenyes.cat\/wp-content\/uploads\/2023\/03\/5XZenjky-1-1536x787.jpg 1536w, https:\/\/confederaciopenyes.cat\/wp-content\/uploads\/2023\/03\/5XZenjky-1.jpg 2048w\" data-sizes=\"(max-width: 768px) 100vw, 768px\" src=\"data:image\/svg+xml;base64,PHN2ZyB3aWR0aD0iMSIgaGVpZ2h0PSIxIiB4bWxucz0iaHR0cDovL3d3dy53My5vcmcvMjAwMC9zdmciPjwvc3ZnPg==\" style=\"--smush-placeholder-width: 768px; --smush-placeholder-aspect-ratio: 768\/394;\" \/><\/a><\/figure>\n<\/div>","protected":false},"excerpt":{"rendered":"<p>La Penya Blaugrana de B\u00e0squet Meritxell (Fed. Barcelon\u00e8s Oest) celebr\u00f3 su 25\u00ba aniversario en un c\u00e9ntrico hotel de Barcelona con una cena de gala a la que asistieron m\u00e1s de 100 personas. La pe\u00f1a destaca por su enorme apoyo a todas las secciones del club, en especial al equipo baloncesto, y este se lo reconoci\u00f3 &#8230; <a title=\"El equipo de baloncesto, presente en el 25\u00ba aniversario de la PB Meritxell\" class=\"read-more\" href=\"https:\/\/confederaciopenyes.cat\/es\/25o-aniversario-pb-meritxell-baloncesto\/\" aria-label=\"Leer m\u00e1s sobre El equipo de baloncesto, presente en el 25\u00ba aniversario de la PB Meritxell\">Leer m\u00e1s<\/a><\/p>\n","protected":false},"author":4,"featured_media":5477,"comment_status":"closed","ping_status":"open","sticky":false,"template":"","format":"standard","meta":{"_acf_changed":false,"footnotes":""},"categories":[1],"tags":[845,843,840,858,114,842,116],"class_list":["post-5483","post","type-post","status-publish","format-standard","has-post-thumbnail","hentry","category-noticias-es","tag-25o-aniversario","tag-baloncesto","tag-confederacion-mundial-de-penyes","tag-fcb-basket-es","tag-noticias","tag-pb-meritxell","tag-penas"],"acf":[],"yoast_head":"<!-- This site is optimized with the Yoast SEO Premium plugin v27.5 (Yoast SEO v27.5) - https:\/\/yoast.com\/product\/yoast-seo-premium-wordpress\/ -->\n<title>25\u00ba aniversario de la PB Meritxell, con el equipo de basket - C.M.P.<\/title>\n<meta name=\"description\" content=\"La PB Meritxell celebr\u00f3 su 25.\u00ba cumplea\u00f1os con la presencia de jugadores, exjugadores y staff de la secci\u00f3n de baloncesto del FC Barcelona.\" \/>\n<meta name=\"robots\" content=\"index, follow, max-snippet:-1, max-image-preview:large, max-video-preview:-1\" \/>\n<link rel=\"canonical\" href=\"https:\/\/confederaciopenyes.cat\/es\/25o-aniversario-pb-meritxell-baloncesto\/\" \/>\n<meta property=\"og:locale\" content=\"es_ES\" \/>\n<meta property=\"og:type\" content=\"article\" \/>\n<meta property=\"og:title\" content=\"El equipo de baloncesto, presente en el 25\u00ba aniversario de la PB Meritxell\" \/>\n<meta property=\"og:description\" content=\"La PB Meritxell celebr\u00f3 su 25.\u00ba cumplea\u00f1os con la presencia de jugadores, exjugadores y staff de la secci\u00f3n de baloncesto del FC Barcelona.\" \/>\n<meta property=\"og:url\" content=\"https:\/\/confederaciopenyes.cat\/es\/25o-aniversario-pb-meritxell-baloncesto\/\" \/>\n<meta property=\"og:site_name\" content=\"Confederaci\u00f3 Mundial de Penyes del FC Barcelona\" \/>\n<meta property=\"article:publisher\" content=\"https:\/\/www.facebook.com\/ConfederacioMundialPenyesFCB\" \/>\n<meta property=\"article:published_time\" content=\"2023-03-02T10:03:44+00:00\" \/>\n<meta property=\"article:modified_time\" content=\"2023-03-02T11:05:30+00:00\" \/>\n<meta property=\"og:image\" content=\"https:\/\/confederaciopenyes.cat\/wp-content\/uploads\/2023\/03\/r5k9e4MH.jpg\" \/>\n\t<meta property=\"og:image:width\" content=\"2048\" \/>\n\t<meta property=\"og:image:height\" content=\"1125\" \/>\n\t<meta property=\"og:image:type\" content=\"image\/jpeg\" \/>\n<meta name=\"author\" content=\"Confederaci\u00f3 Mundial de Penyes del FC Barcelona\" \/>\n<meta name=\"twitter:card\" content=\"summary_large_image\" \/>\n<meta name=\"twitter:creator\" content=\"@ConfePenyesFCB\" \/>\n<meta name=\"twitter:site\" content=\"@ConfePenyesFCB\" \/>\n<meta name=\"twitter:label1\" content=\"Escrito por\" \/>\n\t<meta name=\"twitter:data1\" content=\"Confederaci\u00f3 Mundial de Penyes del FC Barcelona\" \/>\n\t<meta name=\"twitter:label2\" content=\"Tiempo de lectura\" \/>\n\t<meta name=\"twitter:data2\" content=\"2 minutos\" \/>\n<script type=\"application\/ld+json\" class=\"yoast-schema-graph\">{\"@context\":\"https:\\\/\\\/schema.org\",\"@graph\":[{\"@type\":\"Article\",\"@id\":\"https:\\\/\\\/confederaciopenyes.cat\\\/es\\\/25o-aniversario-pb-meritxell-baloncesto\\\/#article\",\"isPartOf\":{\"@id\":\"https:\\\/\\\/confederaciopenyes.cat\\\/es\\\/25o-aniversario-pb-meritxell-baloncesto\\\/\"},\"author\":{\"name\":\"Confederaci\u00f3 Mundial de Penyes del FC Barcelona\",\"@id\":\"https:\\\/\\\/confederaciopenyes.cat\\\/es\\\/#\\\/schema\\\/person\\\/337072f6daef87a85aa59aa1f134387c\"},\"headline\":\"El equipo de baloncesto, presente en el 25\u00ba aniversario de la PB Meritxell\",\"datePublished\":\"2023-03-02T10:03:44+00:00\",\"dateModified\":\"2023-03-02T11:05:30+00:00\",\"mainEntityOfPage\":{\"@id\":\"https:\\\/\\\/confederaciopenyes.cat\\\/es\\\/25o-aniversario-pb-meritxell-baloncesto\\\/\"},\"wordCount\":227,\"publisher\":{\"@id\":\"https:\\\/\\\/confederaciopenyes.cat\\\/es\\\/#organization\"},\"image\":{\"@id\":\"https:\\\/\\\/confederaciopenyes.cat\\\/es\\\/25o-aniversario-pb-meritxell-baloncesto\\\/#primaryimage\"},\"thumbnailUrl\":\"https:\\\/\\\/confederaciopenyes.cat\\\/wp-content\\\/uploads\\\/2023\\\/03\\\/r5k9e4MH.jpg\",\"keywords\":[\"25\u00ba aniversario\",\"baloncesto\",\"confederaci\u00f3n mundial de penyes\",\"FCB Basket\",\"noticias\",\"PB Meritxell\",\"pe\u00f1as\"],\"articleSection\":[\"Noticias\"],\"inLanguage\":\"es\"},{\"@type\":\"WebPage\",\"@id\":\"https:\\\/\\\/confederaciopenyes.cat\\\/es\\\/25o-aniversario-pb-meritxell-baloncesto\\\/\",\"url\":\"https:\\\/\\\/confederaciopenyes.cat\\\/es\\\/25o-aniversario-pb-meritxell-baloncesto\\\/\",\"name\":\"25\u00ba aniversario de la PB Meritxell, con el equipo de basket - C.M.P.\",\"isPartOf\":{\"@id\":\"https:\\\/\\\/confederaciopenyes.cat\\\/es\\\/#website\"},\"primaryImageOfPage\":{\"@id\":\"https:\\\/\\\/confederaciopenyes.cat\\\/es\\\/25o-aniversario-pb-meritxell-baloncesto\\\/#primaryimage\"},\"image\":{\"@id\":\"https:\\\/\\\/confederaciopenyes.cat\\\/es\\\/25o-aniversario-pb-meritxell-baloncesto\\\/#primaryimage\"},\"thumbnailUrl\":\"https:\\\/\\\/confederaciopenyes.cat\\\/wp-content\\\/uploads\\\/2023\\\/03\\\/r5k9e4MH.jpg\",\"datePublished\":\"2023-03-02T10:03:44+00:00\",\"dateModified\":\"2023-03-02T11:05:30+00:00\",\"description\":\"La PB Meritxell celebr\u00f3 su 25.\u00ba cumplea\u00f1os con la presencia de jugadores, exjugadores y staff de la secci\u00f3n de baloncesto del FC Barcelona.\",\"breadcrumb\":{\"@id\":\"https:\\\/\\\/confederaciopenyes.cat\\\/es\\\/25o-aniversario-pb-meritxell-baloncesto\\\/#breadcrumb\"},\"inLanguage\":\"es\",\"potentialAction\":[{\"@type\":\"ReadAction\",\"target\":[\"https:\\\/\\\/confederaciopenyes.cat\\\/es\\\/25o-aniversario-pb-meritxell-baloncesto\\\/\"]}]},{\"@type\":\"ImageObject\",\"inLanguage\":\"es\",\"@id\":\"https:\\\/\\\/confederaciopenyes.cat\\\/es\\\/25o-aniversario-pb-meritxell-baloncesto\\\/#primaryimage\",\"url\":\"https:\\\/\\\/confederaciopenyes.cat\\\/wp-content\\\/uploads\\\/2023\\\/03\\\/r5k9e4MH.jpg\",\"contentUrl\":\"https:\\\/\\\/confederaciopenyes.cat\\\/wp-content\\\/uploads\\\/2023\\\/03\\\/r5k9e4MH.jpg\",\"width\":2048,\"height\":1125},{\"@type\":\"BreadcrumbList\",\"@id\":\"https:\\\/\\\/confederaciopenyes.cat\\\/es\\\/25o-aniversario-pb-meritxell-baloncesto\\\/#breadcrumb\",\"itemListElement\":[{\"@type\":\"ListItem\",\"position\":1,\"name\":\"Inici\",\"item\":\"https:\\\/\\\/confederaciopenyes.cat\\\/es\\\/\"},{\"@type\":\"ListItem\",\"position\":2,\"name\":\"El equipo de baloncesto, presente en el 25\u00ba aniversario de la PB Meritxell\"}]},{\"@type\":\"WebSite\",\"@id\":\"https:\\\/\\\/confederaciopenyes.cat\\\/es\\\/#website\",\"url\":\"https:\\\/\\\/confederaciopenyes.cat\\\/es\\\/\",\"name\":\"Confederaci\u00f3 Mundial de Penyes del FC Barcelona\",\"description\":\"C.M. Penyes FC Barcelona\",\"publisher\":{\"@id\":\"https:\\\/\\\/confederaciopenyes.cat\\\/es\\\/#organization\"},\"potentialAction\":[{\"@type\":\"SearchAction\",\"target\":{\"@type\":\"EntryPoint\",\"urlTemplate\":\"https:\\\/\\\/confederaciopenyes.cat\\\/es\\\/?s={search_term_string}\"},\"query-input\":{\"@type\":\"PropertyValueSpecification\",\"valueRequired\":true,\"valueName\":\"search_term_string\"}}],\"inLanguage\":\"es\"},{\"@type\":\"Organization\",\"@id\":\"https:\\\/\\\/confederaciopenyes.cat\\\/es\\\/#organization\",\"name\":\"Confederaci\u00f3 Mundial de Penyes del FC Barcelona\",\"url\":\"https:\\\/\\\/confederaciopenyes.cat\\\/es\\\/\",\"logo\":{\"@type\":\"ImageObject\",\"inLanguage\":\"es\",\"@id\":\"https:\\\/\\\/confederaciopenyes.cat\\\/es\\\/#\\\/schema\\\/logo\\\/image\\\/\",\"url\":\"https:\\\/\\\/confederaciopenyes.cat\\\/wp-content\\\/uploads\\\/2022\\\/07\\\/cropped-logo_horizontal.png\",\"contentUrl\":\"https:\\\/\\\/confederaciopenyes.cat\\\/wp-content\\\/uploads\\\/2022\\\/07\\\/cropped-logo_horizontal.png\",\"width\":1320,\"height\":309,\"caption\":\"Confederaci\u00f3 Mundial de Penyes del FC Barcelona\"},\"image\":{\"@id\":\"https:\\\/\\\/confederaciopenyes.cat\\\/es\\\/#\\\/schema\\\/logo\\\/image\\\/\"},\"sameAs\":[\"https:\\\/\\\/www.facebook.com\\\/ConfederacioMundialPenyesFCB\",\"https:\\\/\\\/x.com\\\/ConfePenyesFCB\",\"https:\\\/\\\/www.instagram.com\\\/confepenyesfcb\\\/\"]},{\"@type\":\"Person\",\"@id\":\"https:\\\/\\\/confederaciopenyes.cat\\\/es\\\/#\\\/schema\\\/person\\\/337072f6daef87a85aa59aa1f134387c\",\"name\":\"Confederaci\u00f3 Mundial de Penyes del FC Barcelona\",\"image\":{\"@type\":\"ImageObject\",\"inLanguage\":\"es\",\"@id\":\"https:\\\/\\\/secure.gravatar.com\\\/avatar\\\/98c60c7405ff843b10aec55db652bd3f5cb4320ef331ae76c156819a62194328?s=96&d=mm&r=g\",\"url\":\"https:\\\/\\\/secure.gravatar.com\\\/avatar\\\/98c60c7405ff843b10aec55db652bd3f5cb4320ef331ae76c156819a62194328?s=96&d=mm&r=g\",\"contentUrl\":\"https:\\\/\\\/secure.gravatar.com\\\/avatar\\\/98c60c7405ff843b10aec55db652bd3f5cb4320ef331ae76c156819a62194328?s=96&d=mm&r=g\",\"caption\":\"Confederaci\u00f3 Mundial de Penyes del FC Barcelona\"},\"url\":\"https:\\\/\\\/confederaciopenyes.cat\\\/es\\\/author\\\/comunicacioconfederaciopenyes-cat\\\/\"}]}<\/script>\n<!-- \/ Yoast SEO Premium plugin. -->","yoast_head_json":{"title":"25\u00ba aniversario de la PB Meritxell, con el equipo de basket - C.M.P.","description":"La PB Meritxell celebr\u00f3 su 25.\u00ba cumplea\u00f1os con la presencia de jugadores, exjugadores y staff de la secci\u00f3n de baloncesto del FC Barcelona.","robots":{"index":"index","follow":"follow","max-snippet":"max-snippet:-1","max-image-preview":"max-image-preview:large","max-video-preview":"max-video-preview:-1"},"canonical":"https:\/\/confederaciopenyes.cat\/es\/25o-aniversario-pb-meritxell-baloncesto\/","og_locale":"es_ES","og_type":"article","og_title":"El equipo de baloncesto, presente en el 25\u00ba aniversario de la PB Meritxell","og_description":"La PB Meritxell celebr\u00f3 su 25.\u00ba cumplea\u00f1os con la presencia de jugadores, exjugadores y staff de la secci\u00f3n de baloncesto del FC Barcelona.","og_url":"https:\/\/confederaciopenyes.cat\/es\/25o-aniversario-pb-meritxell-baloncesto\/","og_site_name":"Confederaci\u00f3 Mundial de Penyes del FC Barcelona","article_publisher":"https:\/\/www.facebook.com\/ConfederacioMundialPenyesFCB","article_published_time":"2023-03-02T10:03:44+00:00","article_modified_time":"2023-03-02T11:05:30+00:00","og_image":[{"width":2048,"height":1125,"url":"https:\/\/confederaciopenyes.cat\/wp-content\/uploads\/2023\/03\/r5k9e4MH.jpg","type":"image\/jpeg"}],"author":"Confederaci\u00f3 Mundial de Penyes del FC Barcelona","twitter_card":"summary_large_image","twitter_creator":"@ConfePenyesFCB","twitter_site":"@ConfePenyesFCB","twitter_misc":{"Escrito por":"Confederaci\u00f3 Mundial de Penyes del FC Barcelona","Tiempo de lectura":"2 minutos"},"schema":{"@context":"https:\/\/schema.org","@graph":[{"@type":"Article","@id":"https:\/\/confederaciopenyes.cat\/es\/25o-aniversario-pb-meritxell-baloncesto\/#article","isPartOf":{"@id":"https:\/\/confederaciopenyes.cat\/es\/25o-aniversario-pb-meritxell-baloncesto\/"},"author":{"name":"Confederaci\u00f3 Mundial de Penyes del FC Barcelona","@id":"https:\/\/confederaciopenyes.cat\/es\/#\/schema\/person\/337072f6daef87a85aa59aa1f134387c"},"headline":"El equipo de baloncesto, presente en el 25\u00ba aniversario de la PB Meritxell","datePublished":"2023-03-02T10:03:44+00:00","dateModified":"2023-03-02T11:05:30+00:00","mainEntityOfPage":{"@id":"https:\/\/confederaciopenyes.cat\/es\/25o-aniversario-pb-meritxell-baloncesto\/"},"wordCount":227,"publisher":{"@id":"https:\/\/confederaciopenyes.cat\/es\/#organization"},"image":{"@id":"https:\/\/confederaciopenyes.cat\/es\/25o-aniversario-pb-meritxell-baloncesto\/#primaryimage"},"thumbnailUrl":"https:\/\/confederaciopenyes.cat\/wp-content\/uploads\/2023\/03\/r5k9e4MH.jpg","keywords":["25\u00ba aniversario","baloncesto","confederaci\u00f3n mundial de penyes","FCB Basket","noticias","PB Meritxell","pe\u00f1as"],"articleSection":["Noticias"],"inLanguage":"es"},{"@type":"WebPage","@id":"https:\/\/confederaciopenyes.cat\/es\/25o-aniversario-pb-meritxell-baloncesto\/","url":"https:\/\/confederaciopenyes.cat\/es\/25o-aniversario-pb-meritxell-baloncesto\/","name":"25\u00ba aniversario de la PB Meritxell, con el equipo de basket - C.M.P.","isPartOf":{"@id":"https:\/\/confederaciopenyes.cat\/es\/#website"},"primaryImageOfPage":{"@id":"https:\/\/confederaciopenyes.cat\/es\/25o-aniversario-pb-meritxell-baloncesto\/#primaryimage"},"image":{"@id":"https:\/\/confederaciopenyes.cat\/es\/25o-aniversario-pb-meritxell-baloncesto\/#primaryimage"},"thumbnailUrl":"https:\/\/confederaciopenyes.cat\/wp-content\/uploads\/2023\/03\/r5k9e4MH.jpg","datePublished":"2023-03-02T10:03:44+00:00","dateModified":"2023-03-02T11:05:30+00:00","description":"La PB Meritxell celebr\u00f3 su 25.\u00ba cumplea\u00f1os con la presencia de jugadores, exjugadores y staff de la secci\u00f3n de baloncesto del FC Barcelona.","breadcrumb":{"@id":"https:\/\/confederaciopenyes.cat\/es\/25o-aniversario-pb-meritxell-baloncesto\/#breadcrumb"},"inLanguage":"es","potentialAction":[{"@type":"ReadAction","target":["https:\/\/confederaciopenyes.cat\/es\/25o-aniversario-pb-meritxell-baloncesto\/"]}]},{"@type":"ImageObject","inLanguage":"es","@id":"https:\/\/confederaciopenyes.cat\/es\/25o-aniversario-pb-meritxell-baloncesto\/#primaryimage","url":"https:\/\/confederaciopenyes.cat\/wp-content\/uploads\/2023\/03\/r5k9e4MH.jpg","contentUrl":"https:\/\/confederaciopenyes.cat\/wp-content\/uploads\/2023\/03\/r5k9e4MH.jpg","width":2048,"height":1125},{"@type":"BreadcrumbList","@id":"https:\/\/confederaciopenyes.cat\/es\/25o-aniversario-pb-meritxell-baloncesto\/#breadcrumb","itemListElement":[{"@type":"ListItem","position":1,"name":"Inici","item":"https:\/\/confederaciopenyes.cat\/es\/"},{"@type":"ListItem","position":2,"name":"El equipo de baloncesto, presente en el 25\u00ba aniversario de la PB Meritxell"}]},{"@type":"WebSite","@id":"https:\/\/confederaciopenyes.cat\/es\/#website","url":"https:\/\/confederaciopenyes.cat\/es\/","name":"Confederaci\u00f3 Mundial de Penyes del FC Barcelona","description":"C.M. Penyes FC Barcelona","publisher":{"@id":"https:\/\/confederaciopenyes.cat\/es\/#organization"},"potentialAction":[{"@type":"SearchAction","target":{"@type":"EntryPoint","urlTemplate":"https:\/\/confederaciopenyes.cat\/es\/?s={search_term_string}"},"query-input":{"@type":"PropertyValueSpecification","valueRequired":true,"valueName":"search_term_string"}}],"inLanguage":"es"},{"@type":"Organization","@id":"https:\/\/confederaciopenyes.cat\/es\/#organization","name":"Confederaci\u00f3 Mundial de Penyes del FC Barcelona","url":"https:\/\/confederaciopenyes.cat\/es\/","logo":{"@type":"ImageObject","inLanguage":"es","@id":"https:\/\/confederaciopenyes.cat\/es\/#\/schema\/logo\/image\/","url":"https:\/\/confederaciopenyes.cat\/wp-content\/uploads\/2022\/07\/cropped-logo_horizontal.png","contentUrl":"https:\/\/confederaciopenyes.cat\/wp-content\/uploads\/2022\/07\/cropped-logo_horizontal.png","width":1320,"height":309,"caption":"Confederaci\u00f3 Mundial de Penyes del FC Barcelona"},"image":{"@id":"https:\/\/confederaciopenyes.cat\/es\/#\/schema\/logo\/image\/"},"sameAs":["https:\/\/www.facebook.com\/ConfederacioMundialPenyesFCB","https:\/\/x.com\/ConfePenyesFCB","https:\/\/www.instagram.com\/confepenyesfcb\/"]},{"@type":"Person","@id":"https:\/\/confederaciopenyes.cat\/es\/#\/schema\/person\/337072f6daef87a85aa59aa1f134387c","name":"Confederaci\u00f3 Mundial de Penyes del FC Barcelona","image":{"@type":"ImageObject","inLanguage":"es","@id":"https:\/\/secure.gravatar.com\/avatar\/98c60c7405ff843b10aec55db652bd3f5cb4320ef331ae76c156819a62194328?s=96&d=mm&r=g","url":"https:\/\/secure.gravatar.com\/avatar\/98c60c7405ff843b10aec55db652bd3f5cb4320ef331ae76c156819a62194328?s=96&d=mm&r=g","contentUrl":"https:\/\/secure.gravatar.com\/avatar\/98c60c7405ff843b10aec55db652bd3f5cb4320ef331ae76c156819a62194328?s=96&d=mm&r=g","caption":"Confederaci\u00f3 Mundial de Penyes del FC Barcelona"},"url":"https:\/\/confederaciopenyes.cat\/es\/author\/comunicacioconfederaciopenyes-cat\/"}]}},"_links":{"self":[{"href":"https:\/\/confederaciopenyes.cat\/es\/wp-json\/wp\/v2\/posts\/5483","targetHints":{"allow":["GET"]}}],"collection":[{"href":"https:\/\/confederaciopenyes.cat\/es\/wp-json\/wp\/v2\/posts"}],"about":[{"href":"https:\/\/confederaciopenyes.cat\/es\/wp-json\/wp\/v2\/types\/post"}],"author":[{"embeddable":true,"href":"https:\/\/confederaciopenyes.cat\/es\/wp-json\/wp\/v2\/users\/4"}],"replies":[{"embeddable":true,"href":"https:\/\/confederaciopenyes.cat\/es\/wp-json\/wp\/v2\/comments?post=5483"}],"version-history":[{"count":3,"href":"https:\/\/confederaciopenyes.cat\/es\/wp-json\/wp\/v2\/posts\/5483\/revisions"}],"predecessor-version":[{"id":5487,"href":"https:\/\/confederaciopenyes.cat\/es\/wp-json\/wp\/v2\/posts\/5483\/revisions\/5487"}],"wp:featuredmedia":[{"embeddable":true,"href":"https:\/\/confederaciopenyes.cat\/es\/wp-json\/wp\/v2\/media\/5477"}],"wp:attachment":[{"href":"https:\/\/confederaciopenyes.cat\/es\/wp-json\/wp\/v2\/media?parent=5483"}],"wp:term":[{"taxonomy":"category","embeddable":true,"href":"https:\/\/confederaciopenyes.cat\/es\/wp-json\/wp\/v2\/categories?post=5483"},{"taxonomy":"post_tag","embeddable":true,"href":"https:\/\/confederaciopenyes.cat\/es\/wp-json\/wp\/v2\/tags?post=5483"}],"curies":[{"name":"wp","href":"https:\/\/api.w.org\/{rel}","templated":true}]}}