{"id":6793,"date":"2023-05-30T12:16:09","date_gmt":"2023-05-30T10:16:09","guid":{"rendered":"https:\/\/confederaciopenyes.cat\/?p=6793"},"modified":"2023-05-30T13:11:07","modified_gmt":"2023-05-30T11:11:07","slug":"penas-despidieron-camp-nou","status":"publish","type":"post","link":"https:\/\/confederaciopenyes.cat\/es\/penas-despidieron-camp-nou\/","title":{"rendered":"Las pe\u00f1as se despidieron del Spotify Camp Nou"},"content":{"rendered":"\n<p>No fue un partido cualquiera en el Camp Nou, sino una ocasi\u00f3n muy especial y con una carga emotiva muy grande. <strong>El \u00faltimo partido en el Camp Nou tal y como lo conocemos<\/strong>, y adem\u00e1s la despedida de dos jugadores ya hist\u00f3ricos como <strong>Sergio Busquets y Jordi Alba<\/strong>. Todos estos ingredientes hicieron que <strong>el movimiento de pe\u00f1as se desplazara en masa al estadio<\/strong> para decirle un \u201chasta luego\u201d antes del traslado provisional a Montjuic.<\/p>\n\n\n\n<p>Una vez m\u00e1s, acudieron miembros de pe\u00f1as de llegados de todo el mundo: <strong>PB Kerala, PB Roma <\/strong>y <strong>PB Lombarda<\/strong> (Fed. Mundo)<strong>; PB Tenerife-Tegueste<\/strong> (Fed. Canarias); <strong>PB Soses <\/strong>y <strong>PB Puigverd de Lleida<\/strong> (Fed. Lleida Sud); <strong>PB Almog\u00e0vers<\/strong> y <strong>PB Nostra Ensenya <\/strong>(Fed. Barcelon\u00e8s Oest); <strong>PB Front 532 <\/strong>y <strong>PB Foment Martinenc<\/strong> (Fed. Barcelon\u00e8s Est); y<strong> PB Vicen\u00e7 Piera<\/strong>, <strong>PB Vinar\u00f2s<\/strong>,<strong> PB Tivenys<\/strong>, <strong>PB Amposta<\/strong> y <strong>PB Ulldecona<\/strong> (Fed. Terres de l\u2019Ebre), entre muchas otras. <\/p>\n\n\n\n<p>Las pe\u00f1as tambi\u00e9n fueron <strong>protagonistas en los actos de homenaje al final del partido<\/strong>. Miembros de entidades hist\u00f3ricas como la<strong> PB Matar\u00f3<\/strong> (Fed. Maresme) y la <strong>PB Foment Martinenc <\/strong>(Fed. Barcelon\u00e8s Est) participaron en ellos sobre el c\u00e9sped del Camp Nou.<\/p>\n\n\n\n<h6 class=\"wp-block-heading\"><strong>La previa, en la sede<\/strong><\/h6>\n\n\n\n<p>Como ya es habitual, en los instantes previos al partido se vivi\u00f3 un <strong>ambiente festivo y familiar en la sede de la Confederaci\u00f3 Mundial de Penyes<\/strong>. Adem\u00e1s de algunas de las pe\u00f1as mencionadas anteriormente, estuvieron presentes socios de la <strong>PB Coraz\u00f3n Blaugrana Bogot\u00e1, PB Fresno, PB Vandoevre-Lorraine, PB El Salvador<\/strong> y <strong>PB Virtual Blaugrana<\/strong> (Federaci\u00f3n Mundo), y tampoco faltaron las federaciones de Terres de l\u2019Ebre, Lleida Sud y Giron\u00e8s, Selva, Garrotxa i Pla de l\u2019Estany.<\/p>\n\n\n\n<figure class=\"wp-block-gallery has-nested-images columns-default is-cropped wp-block-gallery-1 is-layout-flex wp-block-gallery-is-layout-flex\">\n<figure class=\"wp-block-image size-large\"><a href=\"https:\/\/confederaciopenyes.cat\/wp-content\/uploads\/2023\/05\/kerala-comiat-camp-nou-1-edited.jpg\"><img decoding=\"async\" width=\"480\" height=\"270\" data-id=\"6808\" data-src=\"https:\/\/confederaciopenyes.cat\/wp-content\/uploads\/2023\/05\/kerala-comiat-camp-nou-1-edited.jpg\" alt=\"\" class=\"wp-image-6808 lazyload\" data-srcset=\"https:\/\/confederaciopenyes.cat\/wp-content\/uploads\/2023\/05\/kerala-comiat-camp-nou-1-edited.jpg 480w, https:\/\/confederaciopenyes.cat\/wp-content\/uploads\/2023\/05\/kerala-comiat-camp-nou-1-edited-300x169.jpg 300w\" data-sizes=\"(max-width: 480px) 100vw, 480px\" src=\"data:image\/svg+xml;base64,PHN2ZyB3aWR0aD0iMSIgaGVpZ2h0PSIxIiB4bWxucz0iaHR0cDovL3d3dy53My5vcmcvMjAwMC9zdmciPjwvc3ZnPg==\" style=\"--smush-placeholder-width: 480px; --smush-placeholder-aspect-ratio: 480\/270;\" \/><\/a><\/figure>\n\n\n\n<figure class=\"wp-block-image size-large\"><a href=\"https:\/\/confederaciopenyes.cat\/wp-content\/uploads\/2023\/05\/IMG_20230529_130643_618-1.jpg\"><img decoding=\"async\" width=\"1024\" height=\"767\" data-id=\"6802\" data-src=\"https:\/\/confederaciopenyes.cat\/wp-content\/uploads\/2023\/05\/IMG_20230529_130643_618-1-1024x767.jpg\" alt=\"\" class=\"wp-image-6802 lazyload\" data-srcset=\"https:\/\/confederaciopenyes.cat\/wp-content\/uploads\/2023\/05\/IMG_20230529_130643_618-1-1024x767.jpg 1024w, https:\/\/confederaciopenyes.cat\/wp-content\/uploads\/2023\/05\/IMG_20230529_130643_618-1-300x225.jpg 300w, https:\/\/confederaciopenyes.cat\/wp-content\/uploads\/2023\/05\/IMG_20230529_130643_618-1-768x575.jpg 768w, https:\/\/confederaciopenyes.cat\/wp-content\/uploads\/2023\/05\/IMG_20230529_130643_618-1.jpg 1080w\" data-sizes=\"(max-width: 1024px) 100vw, 1024px\" src=\"data:image\/svg+xml;base64,PHN2ZyB3aWR0aD0iMSIgaGVpZ2h0PSIxIiB4bWxucz0iaHR0cDovL3d3dy53My5vcmcvMjAwMC9zdmciPjwvc3ZnPg==\" style=\"--smush-placeholder-width: 1024px; --smush-placeholder-aspect-ratio: 1024\/767;\" \/><\/a><\/figure>\n\n\n\n<figure class=\"wp-block-image size-large\"><a href=\"https:\/\/confederaciopenyes.cat\/wp-content\/uploads\/2023\/05\/IMG_20230529_130638_681-1.jpg\"><img decoding=\"async\" width=\"1024\" height=\"767\" data-id=\"6797\" data-src=\"https:\/\/confederaciopenyes.cat\/wp-content\/uploads\/2023\/05\/IMG_20230529_130638_681-1-1024x767.jpg\" alt=\"\" class=\"wp-image-6797 lazyload\" data-srcset=\"https:\/\/confederaciopenyes.cat\/wp-content\/uploads\/2023\/05\/IMG_20230529_130638_681-1-1024x767.jpg 1024w, https:\/\/confederaciopenyes.cat\/wp-content\/uploads\/2023\/05\/IMG_20230529_130638_681-1-300x225.jpg 300w, https:\/\/confederaciopenyes.cat\/wp-content\/uploads\/2023\/05\/IMG_20230529_130638_681-1-768x575.jpg 768w, https:\/\/confederaciopenyes.cat\/wp-content\/uploads\/2023\/05\/IMG_20230529_130638_681-1.jpg 1080w\" data-sizes=\"(max-width: 1024px) 100vw, 1024px\" src=\"data:image\/svg+xml;base64,PHN2ZyB3aWR0aD0iMSIgaGVpZ2h0PSIxIiB4bWxucz0iaHR0cDovL3d3dy53My5vcmcvMjAwMC9zdmciPjwvc3ZnPg==\" style=\"--smush-placeholder-width: 1024px; --smush-placeholder-aspect-ratio: 1024\/767;\" \/><\/a><\/figure>\n\n\n\n<figure class=\"wp-block-image size-large\"><a href=\"https:\/\/confederaciopenyes.cat\/wp-content\/uploads\/2023\/05\/Roma-Almogavers-1.jpg\"><img decoding=\"async\" width=\"750\" height=\"562\" data-id=\"6794\" data-src=\"https:\/\/confederaciopenyes.cat\/wp-content\/uploads\/2023\/05\/Roma-Almogavers-1.jpg\" alt=\"\" class=\"wp-image-6794 lazyload\" data-srcset=\"https:\/\/confederaciopenyes.cat\/wp-content\/uploads\/2023\/05\/Roma-Almogavers-1.jpg 750w, https:\/\/confederaciopenyes.cat\/wp-content\/uploads\/2023\/05\/Roma-Almogavers-1-300x225.jpg 300w\" data-sizes=\"(max-width: 750px) 100vw, 750px\" src=\"data:image\/svg+xml;base64,PHN2ZyB3aWR0aD0iMSIgaGVpZ2h0PSIxIiB4bWxucz0iaHR0cDovL3d3dy53My5vcmcvMjAwMC9zdmciPjwvc3ZnPg==\" style=\"--smush-placeholder-width: 750px; --smush-placeholder-aspect-ratio: 750\/562;\" \/><\/a><\/figure>\n\n\n\n<figure class=\"wp-block-image size-large\"><a href=\"https:\/\/confederaciopenyes.cat\/wp-content\/uploads\/2023\/05\/IMG_20230529_121737_495-1.jpg\"><img decoding=\"async\" width=\"640\" height=\"480\" data-id=\"6798\" data-src=\"https:\/\/confederaciopenyes.cat\/wp-content\/uploads\/2023\/05\/IMG_20230529_121737_495-1.jpg\" alt=\"\" class=\"wp-image-6798 lazyload\" data-srcset=\"https:\/\/confederaciopenyes.cat\/wp-content\/uploads\/2023\/05\/IMG_20230529_121737_495-1.jpg 640w, https:\/\/confederaciopenyes.cat\/wp-content\/uploads\/2023\/05\/IMG_20230529_121737_495-1-300x225.jpg 300w\" data-sizes=\"(max-width: 640px) 100vw, 640px\" src=\"data:image\/svg+xml;base64,PHN2ZyB3aWR0aD0iMSIgaGVpZ2h0PSIxIiB4bWxucz0iaHR0cDovL3d3dy53My5vcmcvMjAwMC9zdmciPjwvc3ZnPg==\" style=\"--smush-placeholder-width: 640px; --smush-placeholder-aspect-ratio: 640\/480;\" \/><\/a><\/figure>\n\n\n\n<figure class=\"wp-block-image size-large\"><a href=\"https:\/\/confederaciopenyes.cat\/wp-content\/uploads\/2023\/05\/IMG_20230529_121745_449-1.jpg\"><img decoding=\"async\" width=\"720\" height=\"540\" data-id=\"6800\" data-src=\"https:\/\/confederaciopenyes.cat\/wp-content\/uploads\/2023\/05\/IMG_20230529_121745_449-1.jpg\" alt=\"\" class=\"wp-image-6800 lazyload\" data-srcset=\"https:\/\/confederaciopenyes.cat\/wp-content\/uploads\/2023\/05\/IMG_20230529_121745_449-1.jpg 720w, https:\/\/confederaciopenyes.cat\/wp-content\/uploads\/2023\/05\/IMG_20230529_121745_449-1-300x225.jpg 300w\" data-sizes=\"(max-width: 720px) 100vw, 720px\" src=\"data:image\/svg+xml;base64,PHN2ZyB3aWR0aD0iMSIgaGVpZ2h0PSIxIiB4bWxucz0iaHR0cDovL3d3dy53My5vcmcvMjAwMC9zdmciPjwvc3ZnPg==\" style=\"--smush-placeholder-width: 720px; --smush-placeholder-aspect-ratio: 720\/540;\" \/><\/a><\/figure>\n\n\n\n<figure class=\"wp-block-image size-large\"><a href=\"https:\/\/confederaciopenyes.cat\/wp-content\/uploads\/2023\/05\/Recepcio-seu-CMP-1-scaled.jpg\"><img decoding=\"async\" width=\"1024\" height=\"577\" data-id=\"6807\" data-src=\"https:\/\/confederaciopenyes.cat\/wp-content\/uploads\/2023\/05\/Recepcio-seu-CMP-1-1024x577.jpg\" alt=\"\" class=\"wp-image-6807 lazyload\" data-srcset=\"https:\/\/confederaciopenyes.cat\/wp-content\/uploads\/2023\/05\/Recepcio-seu-CMP-1-1024x577.jpg 1024w, https:\/\/confederaciopenyes.cat\/wp-content\/uploads\/2023\/05\/Recepcio-seu-CMP-1-300x169.jpg 300w, https:\/\/confederaciopenyes.cat\/wp-content\/uploads\/2023\/05\/Recepcio-seu-CMP-1-768x432.jpg 768w, https:\/\/confederaciopenyes.cat\/wp-content\/uploads\/2023\/05\/Recepcio-seu-CMP-1-1536x865.jpg 1536w, https:\/\/confederaciopenyes.cat\/wp-content\/uploads\/2023\/05\/Recepcio-seu-CMP-1-2048x1153.jpg 2048w\" data-sizes=\"(max-width: 1024px) 100vw, 1024px\" src=\"data:image\/svg+xml;base64,PHN2ZyB3aWR0aD0iMSIgaGVpZ2h0PSIxIiB4bWxucz0iaHR0cDovL3d3dy53My5vcmcvMjAwMC9zdmciPjwvc3ZnPg==\" style=\"--smush-placeholder-width: 1024px; --smush-placeholder-aspect-ratio: 1024\/577;\" \/><\/a><\/figure>\n\n\n\n<figure class=\"wp-block-image size-large\"><a href=\"https:\/\/confederaciopenyes.cat\/wp-content\/uploads\/2023\/05\/Recepcio-seu-PB-Fresno-PB-Lorraine-1.jpg\"><img decoding=\"async\" width=\"1024\" height=\"578\" data-id=\"6805\" data-src=\"https:\/\/confederaciopenyes.cat\/wp-content\/uploads\/2023\/05\/Recepcio-seu-PB-Fresno-PB-Lorraine-1-1024x578.jpg\" alt=\"\" class=\"wp-image-6805 lazyload\" data-srcset=\"https:\/\/confederaciopenyes.cat\/wp-content\/uploads\/2023\/05\/Recepcio-seu-PB-Fresno-PB-Lorraine-1-1024x578.jpg 1024w, https:\/\/confederaciopenyes.cat\/wp-content\/uploads\/2023\/05\/Recepcio-seu-PB-Fresno-PB-Lorraine-1-300x169.jpg 300w, https:\/\/confederaciopenyes.cat\/wp-content\/uploads\/2023\/05\/Recepcio-seu-PB-Fresno-PB-Lorraine-1-768x433.jpg 768w, https:\/\/confederaciopenyes.cat\/wp-content\/uploads\/2023\/05\/Recepcio-seu-PB-Fresno-PB-Lorraine-1-1536x866.jpg 1536w, https:\/\/confederaciopenyes.cat\/wp-content\/uploads\/2023\/05\/Recepcio-seu-PB-Fresno-PB-Lorraine-1.jpg 2048w\" data-sizes=\"(max-width: 1024px) 100vw, 1024px\" src=\"data:image\/svg+xml;base64,PHN2ZyB3aWR0aD0iMSIgaGVpZ2h0PSIxIiB4bWxucz0iaHR0cDovL3d3dy53My5vcmcvMjAwMC9zdmciPjwvc3ZnPg==\" style=\"--smush-placeholder-width: 1024px; --smush-placeholder-aspect-ratio: 1024\/578;\" \/><\/a><\/figure>\n\n\n\n<figure class=\"wp-block-image size-large\"><a href=\"https:\/\/confederaciopenyes.cat\/wp-content\/uploads\/2023\/05\/IMG_20230529_101125_233-1-edited.jpg\"><img decoding=\"async\" width=\"720\" height=\"405\" data-id=\"6811\" data-src=\"https:\/\/confederaciopenyes.cat\/wp-content\/uploads\/2023\/05\/IMG_20230529_101125_233-1-edited.jpg\" alt=\"\" class=\"wp-image-6811 lazyload\" data-srcset=\"https:\/\/confederaciopenyes.cat\/wp-content\/uploads\/2023\/05\/IMG_20230529_101125_233-1-edited.jpg 720w, https:\/\/confederaciopenyes.cat\/wp-content\/uploads\/2023\/05\/IMG_20230529_101125_233-1-edited-300x169.jpg 300w\" data-sizes=\"(max-width: 720px) 100vw, 720px\" src=\"data:image\/svg+xml;base64,PHN2ZyB3aWR0aD0iMSIgaGVpZ2h0PSIxIiB4bWxucz0iaHR0cDovL3d3dy53My5vcmcvMjAwMC9zdmciPjwvc3ZnPg==\" style=\"--smush-placeholder-width: 720px; --smush-placeholder-aspect-ratio: 720\/405;\" \/><\/a><\/figure>\n\n\n\n<figure class=\"wp-block-image size-large\"><a href=\"https:\/\/confederaciopenyes.cat\/wp-content\/uploads\/2023\/05\/Tenerife-Tegueste-1.jpg\"><img decoding=\"async\" width=\"1000\" height=\"450\" data-id=\"6801\" data-src=\"https:\/\/confederaciopenyes.cat\/wp-content\/uploads\/2023\/05\/Tenerife-Tegueste-1.jpg\" alt=\"\" class=\"wp-image-6801 lazyload\" data-srcset=\"https:\/\/confederaciopenyes.cat\/wp-content\/uploads\/2023\/05\/Tenerife-Tegueste-1.jpg 1000w, https:\/\/confederaciopenyes.cat\/wp-content\/uploads\/2023\/05\/Tenerife-Tegueste-1-300x135.jpg 300w, https:\/\/confederaciopenyes.cat\/wp-content\/uploads\/2023\/05\/Tenerife-Tegueste-1-768x346.jpg 768w\" data-sizes=\"(max-width: 1000px) 100vw, 1000px\" src=\"data:image\/svg+xml;base64,PHN2ZyB3aWR0aD0iMSIgaGVpZ2h0PSIxIiB4bWxucz0iaHR0cDovL3d3dy53My5vcmcvMjAwMC9zdmciPjwvc3ZnPg==\" style=\"--smush-placeholder-width: 1000px; --smush-placeholder-aspect-ratio: 1000\/450;\" \/><\/a><\/figure>\n\n\n\n<figure class=\"wp-block-image size-large\"><a href=\"https:\/\/confederaciopenyes.cat\/wp-content\/uploads\/2023\/05\/IMG-20230529-WA0001-1-edited.jpg\"><img decoding=\"async\" width=\"768\" height=\"432\" data-id=\"6812\" data-src=\"https:\/\/confederaciopenyes.cat\/wp-content\/uploads\/2023\/05\/IMG-20230529-WA0001-1-edited.jpg\" alt=\"\" class=\"wp-image-6812 lazyload\" data-srcset=\"https:\/\/confederaciopenyes.cat\/wp-content\/uploads\/2023\/05\/IMG-20230529-WA0001-1-edited.jpg 768w, https:\/\/confederaciopenyes.cat\/wp-content\/uploads\/2023\/05\/IMG-20230529-WA0001-1-edited-300x169.jpg 300w\" data-sizes=\"(max-width: 768px) 100vw, 768px\" src=\"data:image\/svg+xml;base64,PHN2ZyB3aWR0aD0iMSIgaGVpZ2h0PSIxIiB4bWxucz0iaHR0cDovL3d3dy53My5vcmcvMjAwMC9zdmciPjwvc3ZnPg==\" style=\"--smush-placeholder-width: 768px; --smush-placeholder-aspect-ratio: 768\/432;\" \/><\/a><\/figure>\n\n\n\n<figure class=\"wp-block-image size-large\"><a href=\"https:\/\/confederaciopenyes.cat\/wp-content\/uploads\/2023\/05\/IMG_20230529_121329_542-1.jpg\"><img decoding=\"async\" width=\"1024\" height=\"770\" data-id=\"6810\" data-src=\"https:\/\/confederaciopenyes.cat\/wp-content\/uploads\/2023\/05\/IMG_20230529_121329_542-1-1024x770.jpg\" alt=\"\" class=\"wp-image-6810 lazyload\" data-srcset=\"https:\/\/confederaciopenyes.cat\/wp-content\/uploads\/2023\/05\/IMG_20230529_121329_542-1-1024x770.jpg 1024w, https:\/\/confederaciopenyes.cat\/wp-content\/uploads\/2023\/05\/IMG_20230529_121329_542-1-300x226.jpg 300w, https:\/\/confederaciopenyes.cat\/wp-content\/uploads\/2023\/05\/IMG_20230529_121329_542-1-768x577.jpg 768w, https:\/\/confederaciopenyes.cat\/wp-content\/uploads\/2023\/05\/IMG_20230529_121329_542-1.jpg 1080w\" data-sizes=\"(max-width: 1024px) 100vw, 1024px\" src=\"data:image\/svg+xml;base64,PHN2ZyB3aWR0aD0iMSIgaGVpZ2h0PSIxIiB4bWxucz0iaHR0cDovL3d3dy53My5vcmcvMjAwMC9zdmciPjwvc3ZnPg==\" style=\"--smush-placeholder-width: 1024px; --smush-placeholder-aspect-ratio: 1024\/770;\" \/><\/a><\/figure>\n\n\n\n<figure class=\"wp-block-image size-large\"><a href=\"https:\/\/confederaciopenyes.cat\/wp-content\/uploads\/2023\/05\/IMG-20230529-WA0000-1.jpg\"><img decoding=\"async\" width=\"1024\" height=\"473\" data-id=\"6806\" data-src=\"https:\/\/confederaciopenyes.cat\/wp-content\/uploads\/2023\/05\/IMG-20230529-WA0000-1-1024x473.jpg\" alt=\"\" class=\"wp-image-6806 lazyload\" data-srcset=\"https:\/\/confederaciopenyes.cat\/wp-content\/uploads\/2023\/05\/IMG-20230529-WA0000-1-1024x473.jpg 1024w, https:\/\/confederaciopenyes.cat\/wp-content\/uploads\/2023\/05\/IMG-20230529-WA0000-1-300x139.jpg 300w, https:\/\/confederaciopenyes.cat\/wp-content\/uploads\/2023\/05\/IMG-20230529-WA0000-1-768x355.jpg 768w, https:\/\/confederaciopenyes.cat\/wp-content\/uploads\/2023\/05\/IMG-20230529-WA0000-1-1536x710.jpg 1536w, https:\/\/confederaciopenyes.cat\/wp-content\/uploads\/2023\/05\/IMG-20230529-WA0000-1.jpg 1714w\" data-sizes=\"(max-width: 1024px) 100vw, 1024px\" src=\"data:image\/svg+xml;base64,PHN2ZyB3aWR0aD0iMSIgaGVpZ2h0PSIxIiB4bWxucz0iaHR0cDovL3d3dy53My5vcmcvMjAwMC9zdmciPjwvc3ZnPg==\" style=\"--smush-placeholder-width: 1024px; --smush-placeholder-aspect-ratio: 1024\/473;\" \/><\/a><\/figure>\n\n\n\n<figure class=\"wp-block-image size-large\"><a href=\"https:\/\/confederaciopenyes.cat\/wp-content\/uploads\/2023\/05\/tamarells-1-edited.jpg\"><img decoding=\"async\" width=\"1024\" height=\"576\" data-id=\"6813\" data-src=\"https:\/\/confederaciopenyes.cat\/wp-content\/uploads\/2023\/05\/tamarells-1-edited.jpg\" alt=\"\" class=\"wp-image-6813 lazyload\" data-srcset=\"https:\/\/confederaciopenyes.cat\/wp-content\/uploads\/2023\/05\/tamarells-1-edited.jpg 1024w, https:\/\/confederaciopenyes.cat\/wp-content\/uploads\/2023\/05\/tamarells-1-edited-300x169.jpg 300w, https:\/\/confederaciopenyes.cat\/wp-content\/uploads\/2023\/05\/tamarells-1-edited-768x432.jpg 768w\" data-sizes=\"(max-width: 1024px) 100vw, 1024px\" src=\"data:image\/svg+xml;base64,PHN2ZyB3aWR0aD0iMSIgaGVpZ2h0PSIxIiB4bWxucz0iaHR0cDovL3d3dy53My5vcmcvMjAwMC9zdmciPjwvc3ZnPg==\" style=\"--smush-placeholder-width: 1024px; --smush-placeholder-aspect-ratio: 1024\/576;\" \/><\/a><\/figure>\n<\/figure>\n","protected":false},"excerpt":{"rendered":"<p>No fue un partido cualquiera en el Camp Nou, sino una ocasi\u00f3n muy especial y con una carga emotiva muy grande. El \u00faltimo partido en el Camp Nou tal y como lo conocemos, y adem\u00e1s la despedida de dos jugadores ya hist\u00f3ricos como Sergio Busquets y Jordi Alba. Todos estos ingredientes hicieron que el movimiento &#8230; <a title=\"Las pe\u00f1as se despidieron del Spotify Camp Nou\" class=\"read-more\" href=\"https:\/\/confederaciopenyes.cat\/es\/penas-despidieron-camp-nou\/\" aria-label=\"Leer m\u00e1s sobre Las pe\u00f1as se despidieron del Spotify Camp Nou\">Leer m\u00e1s<\/a><\/p>\n","protected":false},"author":4,"featured_media":6777,"comment_status":"closed","ping_status":"open","sticky":false,"template":"","format":"standard","meta":{"_acf_changed":false,"footnotes":""},"categories":[1],"tags":[1485,140,1483,114,116],"class_list":["post-6793","post","type-post","status-publish","format-standard","has-post-thumbnail","hentry","category-noticias-es","tag-camp-nou-es","tag-confederacion-mundial-de-penas","tag-despedida","tag-noticias","tag-penas"],"acf":[],"yoast_head":"<!-- This site is optimized with the Yoast SEO Premium plugin v27.5 (Yoast SEO v27.5) - https:\/\/yoast.com\/product\/yoast-seo-premium-wordpress\/ -->\n<title>Las pe\u00f1as se despidieron del Camp Nou - Conf. M. Penyes<\/title>\n<meta name=\"description\" content=\"El movimiento de pe\u00f1as se despidi\u00f3 del Camp Nou en una noche emotiva. La previa tuvo lugar en la sede de la Confederaci\u00f3 Mundial de Penyes.\" \/>\n<meta name=\"robots\" content=\"index, follow, max-snippet:-1, max-image-preview:large, max-video-preview:-1\" \/>\n<link rel=\"canonical\" href=\"https:\/\/confederaciopenyes.cat\/es\/penas-despidieron-camp-nou\/\" \/>\n<meta property=\"og:locale\" content=\"es_ES\" \/>\n<meta property=\"og:type\" content=\"article\" \/>\n<meta property=\"og:title\" content=\"Las pe\u00f1as se despidieron del Spotify Camp Nou\" \/>\n<meta property=\"og:description\" content=\"El movimiento de pe\u00f1as se despidi\u00f3 del Camp Nou en una noche emotiva. La previa tuvo lugar en la sede de la Confederaci\u00f3 Mundial de Penyes.\" \/>\n<meta property=\"og:url\" content=\"https:\/\/confederaciopenyes.cat\/es\/penas-despidieron-camp-nou\/\" \/>\n<meta property=\"og:site_name\" content=\"Confederaci\u00f3 Mundial de Penyes del FC Barcelona\" \/>\n<meta property=\"article:publisher\" content=\"https:\/\/www.facebook.com\/ConfederacioMundialPenyesFCB\" \/>\n<meta property=\"article:published_time\" content=\"2023-05-30T10:16:09+00:00\" \/>\n<meta property=\"article:modified_time\" content=\"2023-05-30T11:11:07+00:00\" \/>\n<meta property=\"og:image\" content=\"https:\/\/confederaciopenyes.cat\/wp-content\/uploads\/2023\/05\/Almogavers.jpg\" \/>\n\t<meta property=\"og:image:width\" content=\"1080\" \/>\n\t<meta property=\"og:image:height\" content=\"810\" \/>\n\t<meta property=\"og:image:type\" content=\"image\/jpeg\" \/>\n<meta name=\"author\" content=\"Confederaci\u00f3 Mundial de Penyes del FC Barcelona\" \/>\n<meta name=\"twitter:card\" content=\"summary_large_image\" \/>\n<meta name=\"twitter:creator\" content=\"@ConfePenyesFCB\" \/>\n<meta name=\"twitter:site\" content=\"@ConfePenyesFCB\" \/>\n<meta name=\"twitter:label1\" content=\"Escrito por\" \/>\n\t<meta name=\"twitter:data1\" content=\"Confederaci\u00f3 Mundial de Penyes del FC Barcelona\" \/>\n\t<meta name=\"twitter:label2\" content=\"Tiempo de lectura\" \/>\n\t<meta name=\"twitter:data2\" content=\"5 minutos\" \/>\n<script type=\"application\/ld+json\" class=\"yoast-schema-graph\">{\"@context\":\"https:\\\/\\\/schema.org\",\"@graph\":[{\"@type\":\"Article\",\"@id\":\"https:\\\/\\\/confederaciopenyes.cat\\\/es\\\/penas-despidieron-camp-nou\\\/#article\",\"isPartOf\":{\"@id\":\"https:\\\/\\\/confederaciopenyes.cat\\\/es\\\/penas-despidieron-camp-nou\\\/\"},\"author\":{\"name\":\"Confederaci\u00f3 Mundial de Penyes del FC Barcelona\",\"@id\":\"https:\\\/\\\/confederaciopenyes.cat\\\/es\\\/#\\\/schema\\\/person\\\/337072f6daef87a85aa59aa1f134387c\"},\"headline\":\"Las pe\u00f1as se despidieron del Spotify Camp Nou\",\"datePublished\":\"2023-05-30T10:16:09+00:00\",\"dateModified\":\"2023-05-30T11:11:07+00:00\",\"mainEntityOfPage\":{\"@id\":\"https:\\\/\\\/confederaciopenyes.cat\\\/es\\\/penas-despidieron-camp-nou\\\/\"},\"wordCount\":301,\"publisher\":{\"@id\":\"https:\\\/\\\/confederaciopenyes.cat\\\/es\\\/#organization\"},\"image\":{\"@id\":\"https:\\\/\\\/confederaciopenyes.cat\\\/es\\\/penas-despidieron-camp-nou\\\/#primaryimage\"},\"thumbnailUrl\":\"https:\\\/\\\/confederaciopenyes.cat\\\/wp-content\\\/uploads\\\/2023\\\/05\\\/Almogavers.jpg\",\"keywords\":[\"Camp Nou\",\"confederaci\u00f3n mundial de pe\u00f1as\",\"despedida\",\"noticias\",\"pe\u00f1as\"],\"articleSection\":[\"Noticias\"],\"inLanguage\":\"es\"},{\"@type\":\"WebPage\",\"@id\":\"https:\\\/\\\/confederaciopenyes.cat\\\/es\\\/penas-despidieron-camp-nou\\\/\",\"url\":\"https:\\\/\\\/confederaciopenyes.cat\\\/es\\\/penas-despidieron-camp-nou\\\/\",\"name\":\"Las pe\u00f1as se despidieron del Camp Nou - Conf. M. Penyes\",\"isPartOf\":{\"@id\":\"https:\\\/\\\/confederaciopenyes.cat\\\/es\\\/#website\"},\"primaryImageOfPage\":{\"@id\":\"https:\\\/\\\/confederaciopenyes.cat\\\/es\\\/penas-despidieron-camp-nou\\\/#primaryimage\"},\"image\":{\"@id\":\"https:\\\/\\\/confederaciopenyes.cat\\\/es\\\/penas-despidieron-camp-nou\\\/#primaryimage\"},\"thumbnailUrl\":\"https:\\\/\\\/confederaciopenyes.cat\\\/wp-content\\\/uploads\\\/2023\\\/05\\\/Almogavers.jpg\",\"datePublished\":\"2023-05-30T10:16:09+00:00\",\"dateModified\":\"2023-05-30T11:11:07+00:00\",\"description\":\"El movimiento de pe\u00f1as se despidi\u00f3 del Camp Nou en una noche emotiva. La previa tuvo lugar en la sede de la Confederaci\u00f3 Mundial de Penyes.\",\"breadcrumb\":{\"@id\":\"https:\\\/\\\/confederaciopenyes.cat\\\/es\\\/penas-despidieron-camp-nou\\\/#breadcrumb\"},\"inLanguage\":\"es\",\"potentialAction\":[{\"@type\":\"ReadAction\",\"target\":[\"https:\\\/\\\/confederaciopenyes.cat\\\/es\\\/penas-despidieron-camp-nou\\\/\"]}]},{\"@type\":\"ImageObject\",\"inLanguage\":\"es\",\"@id\":\"https:\\\/\\\/confederaciopenyes.cat\\\/es\\\/penas-despidieron-camp-nou\\\/#primaryimage\",\"url\":\"https:\\\/\\\/confederaciopenyes.cat\\\/wp-content\\\/uploads\\\/2023\\\/05\\\/Almogavers.jpg\",\"contentUrl\":\"https:\\\/\\\/confederaciopenyes.cat\\\/wp-content\\\/uploads\\\/2023\\\/05\\\/Almogavers.jpg\",\"width\":1080,\"height\":810},{\"@type\":\"BreadcrumbList\",\"@id\":\"https:\\\/\\\/confederaciopenyes.cat\\\/es\\\/penas-despidieron-camp-nou\\\/#breadcrumb\",\"itemListElement\":[{\"@type\":\"ListItem\",\"position\":1,\"name\":\"Inici\",\"item\":\"https:\\\/\\\/confederaciopenyes.cat\\\/es\\\/\"},{\"@type\":\"ListItem\",\"position\":2,\"name\":\"Las pe\u00f1as se despidieron del Spotify Camp Nou\"}]},{\"@type\":\"WebSite\",\"@id\":\"https:\\\/\\\/confederaciopenyes.cat\\\/es\\\/#website\",\"url\":\"https:\\\/\\\/confederaciopenyes.cat\\\/es\\\/\",\"name\":\"Confederaci\u00f3 Mundial de Penyes del FC Barcelona\",\"description\":\"C.M. Penyes FC Barcelona\",\"publisher\":{\"@id\":\"https:\\\/\\\/confederaciopenyes.cat\\\/es\\\/#organization\"},\"potentialAction\":[{\"@type\":\"SearchAction\",\"target\":{\"@type\":\"EntryPoint\",\"urlTemplate\":\"https:\\\/\\\/confederaciopenyes.cat\\\/es\\\/?s={search_term_string}\"},\"query-input\":{\"@type\":\"PropertyValueSpecification\",\"valueRequired\":true,\"valueName\":\"search_term_string\"}}],\"inLanguage\":\"es\"},{\"@type\":\"Organization\",\"@id\":\"https:\\\/\\\/confederaciopenyes.cat\\\/es\\\/#organization\",\"name\":\"Confederaci\u00f3 Mundial de Penyes del FC Barcelona\",\"url\":\"https:\\\/\\\/confederaciopenyes.cat\\\/es\\\/\",\"logo\":{\"@type\":\"ImageObject\",\"inLanguage\":\"es\",\"@id\":\"https:\\\/\\\/confederaciopenyes.cat\\\/es\\\/#\\\/schema\\\/logo\\\/image\\\/\",\"url\":\"https:\\\/\\\/confederaciopenyes.cat\\\/wp-content\\\/uploads\\\/2022\\\/07\\\/cropped-logo_horizontal.png\",\"contentUrl\":\"https:\\\/\\\/confederaciopenyes.cat\\\/wp-content\\\/uploads\\\/2022\\\/07\\\/cropped-logo_horizontal.png\",\"width\":1320,\"height\":309,\"caption\":\"Confederaci\u00f3 Mundial de Penyes del FC Barcelona\"},\"image\":{\"@id\":\"https:\\\/\\\/confederaciopenyes.cat\\\/es\\\/#\\\/schema\\\/logo\\\/image\\\/\"},\"sameAs\":[\"https:\\\/\\\/www.facebook.com\\\/ConfederacioMundialPenyesFCB\",\"https:\\\/\\\/x.com\\\/ConfePenyesFCB\",\"https:\\\/\\\/www.instagram.com\\\/confepenyesfcb\\\/\"]},{\"@type\":\"Person\",\"@id\":\"https:\\\/\\\/confederaciopenyes.cat\\\/es\\\/#\\\/schema\\\/person\\\/337072f6daef87a85aa59aa1f134387c\",\"name\":\"Confederaci\u00f3 Mundial de Penyes del FC Barcelona\",\"image\":{\"@type\":\"ImageObject\",\"inLanguage\":\"es\",\"@id\":\"https:\\\/\\\/secure.gravatar.com\\\/avatar\\\/98c60c7405ff843b10aec55db652bd3f5cb4320ef331ae76c156819a62194328?s=96&d=mm&r=g\",\"url\":\"https:\\\/\\\/secure.gravatar.com\\\/avatar\\\/98c60c7405ff843b10aec55db652bd3f5cb4320ef331ae76c156819a62194328?s=96&d=mm&r=g\",\"contentUrl\":\"https:\\\/\\\/secure.gravatar.com\\\/avatar\\\/98c60c7405ff843b10aec55db652bd3f5cb4320ef331ae76c156819a62194328?s=96&d=mm&r=g\",\"caption\":\"Confederaci\u00f3 Mundial de Penyes del FC Barcelona\"},\"url\":\"https:\\\/\\\/confederaciopenyes.cat\\\/es\\\/author\\\/comunicacioconfederaciopenyes-cat\\\/\"}]}<\/script>\n<!-- \/ Yoast SEO Premium plugin. -->","yoast_head_json":{"title":"Las pe\u00f1as se despidieron del Camp Nou - Conf. M. Penyes","description":"El movimiento de pe\u00f1as se despidi\u00f3 del Camp Nou en una noche emotiva. La previa tuvo lugar en la sede de la Confederaci\u00f3 Mundial de Penyes.","robots":{"index":"index","follow":"follow","max-snippet":"max-snippet:-1","max-image-preview":"max-image-preview:large","max-video-preview":"max-video-preview:-1"},"canonical":"https:\/\/confederaciopenyes.cat\/es\/penas-despidieron-camp-nou\/","og_locale":"es_ES","og_type":"article","og_title":"Las pe\u00f1as se despidieron del Spotify Camp Nou","og_description":"El movimiento de pe\u00f1as se despidi\u00f3 del Camp Nou en una noche emotiva. La previa tuvo lugar en la sede de la Confederaci\u00f3 Mundial de Penyes.","og_url":"https:\/\/confederaciopenyes.cat\/es\/penas-despidieron-camp-nou\/","og_site_name":"Confederaci\u00f3 Mundial de Penyes del FC Barcelona","article_publisher":"https:\/\/www.facebook.com\/ConfederacioMundialPenyesFCB","article_published_time":"2023-05-30T10:16:09+00:00","article_modified_time":"2023-05-30T11:11:07+00:00","og_image":[{"width":1080,"height":810,"url":"https:\/\/confederaciopenyes.cat\/wp-content\/uploads\/2023\/05\/Almogavers.jpg","type":"image\/jpeg"}],"author":"Confederaci\u00f3 Mundial de Penyes del FC Barcelona","twitter_card":"summary_large_image","twitter_creator":"@ConfePenyesFCB","twitter_site":"@ConfePenyesFCB","twitter_misc":{"Escrito por":"Confederaci\u00f3 Mundial de Penyes del FC Barcelona","Tiempo de lectura":"5 minutos"},"schema":{"@context":"https:\/\/schema.org","@graph":[{"@type":"Article","@id":"https:\/\/confederaciopenyes.cat\/es\/penas-despidieron-camp-nou\/#article","isPartOf":{"@id":"https:\/\/confederaciopenyes.cat\/es\/penas-despidieron-camp-nou\/"},"author":{"name":"Confederaci\u00f3 Mundial de Penyes del FC Barcelona","@id":"https:\/\/confederaciopenyes.cat\/es\/#\/schema\/person\/337072f6daef87a85aa59aa1f134387c"},"headline":"Las pe\u00f1as se despidieron del Spotify Camp Nou","datePublished":"2023-05-30T10:16:09+00:00","dateModified":"2023-05-30T11:11:07+00:00","mainEntityOfPage":{"@id":"https:\/\/confederaciopenyes.cat\/es\/penas-despidieron-camp-nou\/"},"wordCount":301,"publisher":{"@id":"https:\/\/confederaciopenyes.cat\/es\/#organization"},"image":{"@id":"https:\/\/confederaciopenyes.cat\/es\/penas-despidieron-camp-nou\/#primaryimage"},"thumbnailUrl":"https:\/\/confederaciopenyes.cat\/wp-content\/uploads\/2023\/05\/Almogavers.jpg","keywords":["Camp Nou","confederaci\u00f3n mundial de pe\u00f1as","despedida","noticias","pe\u00f1as"],"articleSection":["Noticias"],"inLanguage":"es"},{"@type":"WebPage","@id":"https:\/\/confederaciopenyes.cat\/es\/penas-despidieron-camp-nou\/","url":"https:\/\/confederaciopenyes.cat\/es\/penas-despidieron-camp-nou\/","name":"Las pe\u00f1as se despidieron del Camp Nou - Conf. M. Penyes","isPartOf":{"@id":"https:\/\/confederaciopenyes.cat\/es\/#website"},"primaryImageOfPage":{"@id":"https:\/\/confederaciopenyes.cat\/es\/penas-despidieron-camp-nou\/#primaryimage"},"image":{"@id":"https:\/\/confederaciopenyes.cat\/es\/penas-despidieron-camp-nou\/#primaryimage"},"thumbnailUrl":"https:\/\/confederaciopenyes.cat\/wp-content\/uploads\/2023\/05\/Almogavers.jpg","datePublished":"2023-05-30T10:16:09+00:00","dateModified":"2023-05-30T11:11:07+00:00","description":"El movimiento de pe\u00f1as se despidi\u00f3 del Camp Nou en una noche emotiva. La previa tuvo lugar en la sede de la Confederaci\u00f3 Mundial de Penyes.","breadcrumb":{"@id":"https:\/\/confederaciopenyes.cat\/es\/penas-despidieron-camp-nou\/#breadcrumb"},"inLanguage":"es","potentialAction":[{"@type":"ReadAction","target":["https:\/\/confederaciopenyes.cat\/es\/penas-despidieron-camp-nou\/"]}]},{"@type":"ImageObject","inLanguage":"es","@id":"https:\/\/confederaciopenyes.cat\/es\/penas-despidieron-camp-nou\/#primaryimage","url":"https:\/\/confederaciopenyes.cat\/wp-content\/uploads\/2023\/05\/Almogavers.jpg","contentUrl":"https:\/\/confederaciopenyes.cat\/wp-content\/uploads\/2023\/05\/Almogavers.jpg","width":1080,"height":810},{"@type":"BreadcrumbList","@id":"https:\/\/confederaciopenyes.cat\/es\/penas-despidieron-camp-nou\/#breadcrumb","itemListElement":[{"@type":"ListItem","position":1,"name":"Inici","item":"https:\/\/confederaciopenyes.cat\/es\/"},{"@type":"ListItem","position":2,"name":"Las pe\u00f1as se despidieron del Spotify Camp Nou"}]},{"@type":"WebSite","@id":"https:\/\/confederaciopenyes.cat\/es\/#website","url":"https:\/\/confederaciopenyes.cat\/es\/","name":"Confederaci\u00f3 Mundial de Penyes del FC Barcelona","description":"C.M. Penyes FC Barcelona","publisher":{"@id":"https:\/\/confederaciopenyes.cat\/es\/#organization"},"potentialAction":[{"@type":"SearchAction","target":{"@type":"EntryPoint","urlTemplate":"https:\/\/confederaciopenyes.cat\/es\/?s={search_term_string}"},"query-input":{"@type":"PropertyValueSpecification","valueRequired":true,"valueName":"search_term_string"}}],"inLanguage":"es"},{"@type":"Organization","@id":"https:\/\/confederaciopenyes.cat\/es\/#organization","name":"Confederaci\u00f3 Mundial de Penyes del FC Barcelona","url":"https:\/\/confederaciopenyes.cat\/es\/","logo":{"@type":"ImageObject","inLanguage":"es","@id":"https:\/\/confederaciopenyes.cat\/es\/#\/schema\/logo\/image\/","url":"https:\/\/confederaciopenyes.cat\/wp-content\/uploads\/2022\/07\/cropped-logo_horizontal.png","contentUrl":"https:\/\/confederaciopenyes.cat\/wp-content\/uploads\/2022\/07\/cropped-logo_horizontal.png","width":1320,"height":309,"caption":"Confederaci\u00f3 Mundial de Penyes del FC Barcelona"},"image":{"@id":"https:\/\/confederaciopenyes.cat\/es\/#\/schema\/logo\/image\/"},"sameAs":["https:\/\/www.facebook.com\/ConfederacioMundialPenyesFCB","https:\/\/x.com\/ConfePenyesFCB","https:\/\/www.instagram.com\/confepenyesfcb\/"]},{"@type":"Person","@id":"https:\/\/confederaciopenyes.cat\/es\/#\/schema\/person\/337072f6daef87a85aa59aa1f134387c","name":"Confederaci\u00f3 Mundial de Penyes del FC Barcelona","image":{"@type":"ImageObject","inLanguage":"es","@id":"https:\/\/secure.gravatar.com\/avatar\/98c60c7405ff843b10aec55db652bd3f5cb4320ef331ae76c156819a62194328?s=96&d=mm&r=g","url":"https:\/\/secure.gravatar.com\/avatar\/98c60c7405ff843b10aec55db652bd3f5cb4320ef331ae76c156819a62194328?s=96&d=mm&r=g","contentUrl":"https:\/\/secure.gravatar.com\/avatar\/98c60c7405ff843b10aec55db652bd3f5cb4320ef331ae76c156819a62194328?s=96&d=mm&r=g","caption":"Confederaci\u00f3 Mundial de Penyes del FC Barcelona"},"url":"https:\/\/confederaciopenyes.cat\/es\/author\/comunicacioconfederaciopenyes-cat\/"}]}},"_links":{"self":[{"href":"https:\/\/confederaciopenyes.cat\/es\/wp-json\/wp\/v2\/posts\/6793","targetHints":{"allow":["GET"]}}],"collection":[{"href":"https:\/\/confederaciopenyes.cat\/es\/wp-json\/wp\/v2\/posts"}],"about":[{"href":"https:\/\/confederaciopenyes.cat\/es\/wp-json\/wp\/v2\/types\/post"}],"author":[{"embeddable":true,"href":"https:\/\/confederaciopenyes.cat\/es\/wp-json\/wp\/v2\/users\/4"}],"replies":[{"embeddable":true,"href":"https:\/\/confederaciopenyes.cat\/es\/wp-json\/wp\/v2\/comments?post=6793"}],"version-history":[{"count":3,"href":"https:\/\/confederaciopenyes.cat\/es\/wp-json\/wp\/v2\/posts\/6793\/revisions"}],"predecessor-version":[{"id":6816,"href":"https:\/\/confederaciopenyes.cat\/es\/wp-json\/wp\/v2\/posts\/6793\/revisions\/6816"}],"wp:featuredmedia":[{"embeddable":true,"href":"https:\/\/confederaciopenyes.cat\/es\/wp-json\/wp\/v2\/media\/6777"}],"wp:attachment":[{"href":"https:\/\/confederaciopenyes.cat\/es\/wp-json\/wp\/v2\/media?parent=6793"}],"wp:term":[{"taxonomy":"category","embeddable":true,"href":"https:\/\/confederaciopenyes.cat\/es\/wp-json\/wp\/v2\/categories?post=6793"},{"taxonomy":"post_tag","embeddable":true,"href":"https:\/\/confederaciopenyes.cat\/es\/wp-json\/wp\/v2\/tags?post=6793"}],"curies":[{"name":"wp","href":"https:\/\/api.w.org\/{rel}","templated":true}]}}