{"id":6854,"date":"2023-05-31T11:07:53","date_gmt":"2023-05-31T09:07:53","guid":{"rendered":"https:\/\/confederaciopenyes.cat\/?p=6854"},"modified":"2023-05-31T11:18:19","modified_gmt":"2023-05-31T09:18:19","slug":"jovenes-protagonistas-pb-villabalter-foment-martinenc","status":"publish","type":"post","link":"https:\/\/confederaciopenyes.cat\/es\/jovenes-protagonistas-pb-villabalter-foment-martinenc\/","title":{"rendered":"Los m\u00e1s j\u00f3venes, protagonistas en la PB Villabalter y la PB Foment Martinenc"},"content":{"rendered":"\n<p>Las actividades del movimiento de pe\u00f1as dirigidas a los m\u00e1s j\u00f3venes son habituales durante todo el a\u00f1o. Recientemente, la <strong><a href=\"https:\/\/www.instagram.com\/pbvillabalter\/\" target=\"_blank\" rel=\"noreferrer noopener\">Pe\u00f1a Barcelonista Villabalter<\/a><\/strong> (Federaci\u00f3n de Castilla y Le\u00f3n) lo ha demostrado por partida doble. En primer lugar, la pe\u00f1a entreg\u00f3 los premios de su <strong>XIX Concurso de Dibujo y Pintura<\/strong>, en el que participaron casi <strong>una treintena de ni\u00f1os y ni\u00f1as<\/strong>. Hubo dos categor\u00edas: Infantil (hasta los 9 a\u00f1os) y Junior (de 10 a 15 a\u00f1os). Todos los participantes demostraron su creatividad sobre el papel, con <strong>el Bar\u00e7a como nexo tem\u00e1tico<\/strong>, y el jurado formado por miembros de la PB Villabalter premi\u00f3 a los m\u00e1s inspirados.<\/p>\n\n\n\n<p>Al d\u00eda siguiente, la PB Villabalter se traslad\u00f3 al terreno de juego con su <strong>XII Muestra de F\u00fatbol 3 \u201cJosep Maria Profit\u00f3s\u201d<\/strong>. En este torneo, participaron un total de <strong>8 equipos repartidos en las categor\u00edas de benjamines y alevines<\/strong>, sumando un total de <strong>30 jugadores<\/strong>. Tanto en esta actividad como en el Concurso de Dibujo y Pintura, la PB Villabalter cont\u00f3 con la colaboraci\u00f3n de la <strong>Confederaci\u00f3 Mundial de Penyes<\/strong> y de la <strong>Federaci\u00f3n de Pe\u00f1as de Castilla y Le\u00f3n<\/strong>.<\/p>\n\n\n\n<figure class=\"wp-block-gallery has-nested-images columns-4 is-cropped wp-block-gallery-1 is-layout-flex wp-block-gallery-is-layout-flex\">\n<figure class=\"wp-block-image size-large is-style-default\"><a href=\"https:\/\/confederaciopenyes.cat\/wp-content\/uploads\/2023\/05\/1-1-scaled.jpg\"><img decoding=\"async\" width=\"1024\" height=\"708\" data-id=\"6857\" data-src=\"https:\/\/confederaciopenyes.cat\/wp-content\/uploads\/2023\/05\/1-1-1024x708.jpg\" alt=\"\" class=\"wp-image-6857 lazyload\" data-srcset=\"https:\/\/confederaciopenyes.cat\/wp-content\/uploads\/2023\/05\/1-1-1024x708.jpg 1024w, https:\/\/confederaciopenyes.cat\/wp-content\/uploads\/2023\/05\/1-1-300x207.jpg 300w, https:\/\/confederaciopenyes.cat\/wp-content\/uploads\/2023\/05\/1-1-768x531.jpg 768w, https:\/\/confederaciopenyes.cat\/wp-content\/uploads\/2023\/05\/1-1-1536x1061.jpg 1536w, https:\/\/confederaciopenyes.cat\/wp-content\/uploads\/2023\/05\/1-1-2048x1415.jpg 2048w\" data-sizes=\"(max-width: 1024px) 100vw, 1024px\" src=\"data:image\/svg+xml;base64,PHN2ZyB3aWR0aD0iMSIgaGVpZ2h0PSIxIiB4bWxucz0iaHR0cDovL3d3dy53My5vcmcvMjAwMC9zdmciPjwvc3ZnPg==\" style=\"--smush-placeholder-width: 1024px; --smush-placeholder-aspect-ratio: 1024\/708;\" \/><\/a><\/figure>\n\n\n\n<figure class=\"wp-block-image size-large is-style-default\"><a href=\"https:\/\/confederaciopenyes.cat\/wp-content\/uploads\/2023\/05\/2-1-scaled.jpg\"><img decoding=\"async\" width=\"1024\" height=\"714\" data-id=\"6855\" data-src=\"https:\/\/confederaciopenyes.cat\/wp-content\/uploads\/2023\/05\/2-1-1024x714.jpg\" alt=\"\" class=\"wp-image-6855 lazyload\" data-srcset=\"https:\/\/confederaciopenyes.cat\/wp-content\/uploads\/2023\/05\/2-1-1024x714.jpg 1024w, https:\/\/confederaciopenyes.cat\/wp-content\/uploads\/2023\/05\/2-1-300x209.jpg 300w, https:\/\/confederaciopenyes.cat\/wp-content\/uploads\/2023\/05\/2-1-768x535.jpg 768w, https:\/\/confederaciopenyes.cat\/wp-content\/uploads\/2023\/05\/2-1-1536x1071.jpg 1536w, https:\/\/confederaciopenyes.cat\/wp-content\/uploads\/2023\/05\/2-1-2048x1428.jpg 2048w\" data-sizes=\"(max-width: 1024px) 100vw, 1024px\" src=\"data:image\/svg+xml;base64,PHN2ZyB3aWR0aD0iMSIgaGVpZ2h0PSIxIiB4bWxucz0iaHR0cDovL3d3dy53My5vcmcvMjAwMC9zdmciPjwvc3ZnPg==\" style=\"--smush-placeholder-width: 1024px; --smush-placeholder-aspect-ratio: 1024\/714;\" \/><\/a><\/figure>\n\n\n\n<figure class=\"wp-block-image size-large is-style-default\"><a href=\"https:\/\/confederaciopenyes.cat\/wp-content\/uploads\/2023\/05\/4-1-scaled.jpg\"><img decoding=\"async\" width=\"1024\" height=\"713\" data-id=\"6856\" data-src=\"https:\/\/confederaciopenyes.cat\/wp-content\/uploads\/2023\/05\/4-1-1024x713.jpg\" alt=\"\" class=\"wp-image-6856 lazyload\" data-srcset=\"https:\/\/confederaciopenyes.cat\/wp-content\/uploads\/2023\/05\/4-1-1024x713.jpg 1024w, https:\/\/confederaciopenyes.cat\/wp-content\/uploads\/2023\/05\/4-1-300x209.jpg 300w, https:\/\/confederaciopenyes.cat\/wp-content\/uploads\/2023\/05\/4-1-768x535.jpg 768w, https:\/\/confederaciopenyes.cat\/wp-content\/uploads\/2023\/05\/4-1-1536x1069.jpg 1536w, https:\/\/confederaciopenyes.cat\/wp-content\/uploads\/2023\/05\/4-1-2048x1426.jpg 2048w\" data-sizes=\"(max-width: 1024px) 100vw, 1024px\" src=\"data:image\/svg+xml;base64,PHN2ZyB3aWR0aD0iMSIgaGVpZ2h0PSIxIiB4bWxucz0iaHR0cDovL3d3dy53My5vcmcvMjAwMC9zdmciPjwvc3ZnPg==\" style=\"--smush-placeholder-width: 1024px; --smush-placeholder-aspect-ratio: 1024\/713;\" \/><\/a><\/figure>\n\n\n\n<figure class=\"wp-block-image size-large is-style-default\"><a href=\"https:\/\/confederaciopenyes.cat\/wp-content\/uploads\/2023\/05\/5-1-scaled.jpg\"><img decoding=\"async\" width=\"1024\" height=\"808\" data-id=\"6858\" data-src=\"https:\/\/confederaciopenyes.cat\/wp-content\/uploads\/2023\/05\/5-1-1024x808.jpg\" alt=\"\" class=\"wp-image-6858 lazyload\" data-srcset=\"https:\/\/confederaciopenyes.cat\/wp-content\/uploads\/2023\/05\/5-1-1024x808.jpg 1024w, https:\/\/confederaciopenyes.cat\/wp-content\/uploads\/2023\/05\/5-1-300x237.jpg 300w, https:\/\/confederaciopenyes.cat\/wp-content\/uploads\/2023\/05\/5-1-768x606.jpg 768w, https:\/\/confederaciopenyes.cat\/wp-content\/uploads\/2023\/05\/5-1-1536x1211.jpg 1536w, https:\/\/confederaciopenyes.cat\/wp-content\/uploads\/2023\/05\/5-1-2048x1615.jpg 2048w\" data-sizes=\"(max-width: 1024px) 100vw, 1024px\" src=\"data:image\/svg+xml;base64,PHN2ZyB3aWR0aD0iMSIgaGVpZ2h0PSIxIiB4bWxucz0iaHR0cDovL3d3dy53My5vcmcvMjAwMC9zdmciPjwvc3ZnPg==\" style=\"--smush-placeholder-width: 1024px; --smush-placeholder-aspect-ratio: 1024\/808;\" \/><\/a><\/figure>\n\n\n\n<figure class=\"wp-block-image size-large is-style-default\"><a href=\"https:\/\/confederaciopenyes.cat\/wp-content\/uploads\/2023\/05\/1-2-scaled.jpg\"><img decoding=\"async\" width=\"1024\" height=\"768\" data-id=\"6865\" data-src=\"https:\/\/confederaciopenyes.cat\/wp-content\/uploads\/2023\/05\/1-2-1024x768.jpg\" alt=\"\" class=\"wp-image-6865 lazyload\" data-srcset=\"https:\/\/confederaciopenyes.cat\/wp-content\/uploads\/2023\/05\/1-2-1024x768.jpg 1024w, https:\/\/confederaciopenyes.cat\/wp-content\/uploads\/2023\/05\/1-2-300x225.jpg 300w, https:\/\/confederaciopenyes.cat\/wp-content\/uploads\/2023\/05\/1-2-768x576.jpg 768w, https:\/\/confederaciopenyes.cat\/wp-content\/uploads\/2023\/05\/1-2-1536x1152.jpg 1536w, https:\/\/confederaciopenyes.cat\/wp-content\/uploads\/2023\/05\/1-2-2048x1536.jpg 2048w\" data-sizes=\"(max-width: 1024px) 100vw, 1024px\" src=\"data:image\/svg+xml;base64,PHN2ZyB3aWR0aD0iMSIgaGVpZ2h0PSIxIiB4bWxucz0iaHR0cDovL3d3dy53My5vcmcvMjAwMC9zdmciPjwvc3ZnPg==\" style=\"--smush-placeholder-width: 1024px; --smush-placeholder-aspect-ratio: 1024\/768;\" \/><\/a><\/figure>\n\n\n\n<figure class=\"wp-block-image size-large is-style-default\"><a href=\"https:\/\/confederaciopenyes.cat\/wp-content\/uploads\/2023\/05\/6-edited-scaled.jpg\"><img decoding=\"async\" width=\"2560\" height=\"1920\" data-id=\"6866\" data-src=\"https:\/\/confederaciopenyes.cat\/wp-content\/uploads\/2023\/05\/6-edited-scaled.jpg\" alt=\"\" class=\"wp-image-6866 lazyload\" data-srcset=\"https:\/\/confederaciopenyes.cat\/wp-content\/uploads\/2023\/05\/6-edited-scaled.jpg 2560w, https:\/\/confederaciopenyes.cat\/wp-content\/uploads\/2023\/05\/6-edited-300x225.jpg 300w, https:\/\/confederaciopenyes.cat\/wp-content\/uploads\/2023\/05\/6-edited-1024x768.jpg 1024w, https:\/\/confederaciopenyes.cat\/wp-content\/uploads\/2023\/05\/6-edited-768x576.jpg 768w, https:\/\/confederaciopenyes.cat\/wp-content\/uploads\/2023\/05\/6-edited-1536x1152.jpg 1536w, https:\/\/confederaciopenyes.cat\/wp-content\/uploads\/2023\/05\/6-edited-2048x1536.jpg 2048w\" data-sizes=\"(max-width: 2560px) 100vw, 2560px\" src=\"data:image\/svg+xml;base64,PHN2ZyB3aWR0aD0iMSIgaGVpZ2h0PSIxIiB4bWxucz0iaHR0cDovL3d3dy53My5vcmcvMjAwMC9zdmciPjwvc3ZnPg==\" style=\"--smush-placeholder-width: 2560px; --smush-placeholder-aspect-ratio: 2560\/1920;\" \/><\/a><\/figure>\n\n\n\n<figure class=\"wp-block-image size-large is-style-default\"><a href=\"https:\/\/confederaciopenyes.cat\/wp-content\/uploads\/2023\/05\/7-edited.jpg\"><img decoding=\"async\" width=\"2520\" height=\"1890\" data-id=\"6867\" data-src=\"https:\/\/confederaciopenyes.cat\/wp-content\/uploads\/2023\/05\/7-edited.jpg\" alt=\"\" class=\"wp-image-6867 lazyload\" data-srcset=\"https:\/\/confederaciopenyes.cat\/wp-content\/uploads\/2023\/05\/7-edited.jpg 2520w, https:\/\/confederaciopenyes.cat\/wp-content\/uploads\/2023\/05\/7-edited-300x225.jpg 300w, https:\/\/confederaciopenyes.cat\/wp-content\/uploads\/2023\/05\/7-edited-1024x768.jpg 1024w, https:\/\/confederaciopenyes.cat\/wp-content\/uploads\/2023\/05\/7-edited-768x576.jpg 768w, https:\/\/confederaciopenyes.cat\/wp-content\/uploads\/2023\/05\/7-edited-1536x1152.jpg 1536w, https:\/\/confederaciopenyes.cat\/wp-content\/uploads\/2023\/05\/7-edited-2048x1536.jpg 2048w\" data-sizes=\"(max-width: 2520px) 100vw, 2520px\" src=\"data:image\/svg+xml;base64,PHN2ZyB3aWR0aD0iMSIgaGVpZ2h0PSIxIiB4bWxucz0iaHR0cDovL3d3dy53My5vcmcvMjAwMC9zdmciPjwvc3ZnPg==\" style=\"--smush-placeholder-width: 2520px; --smush-placeholder-aspect-ratio: 2520\/1890;\" \/><\/a><\/figure>\n<\/figure>\n\n\n\n<p><\/p>\n\n\n\n<h6 class=\"wp-block-heading\"><strong>Dibujos en la calle con la PB Foment Martinenc<\/strong><\/h6>\n\n\n\n<p>Otra pe\u00f1a que estimul\u00f3 la creatividad de los cul\u00e9s m\u00e1s j\u00f3venes fue la <strong><a href=\"https:\/\/twitter.com\/PBFoment\" target=\"_blank\" rel=\"noreferrer noopener\">Penya Blaugrana Foment Martinenc<\/a><\/strong> (Federaci\u00f3 Barcelon\u00e8s Est), que desde hace m\u00e1s de diez a\u00f1os organiza tambi\u00e9n su <strong>Concurso de Dibujo<\/strong>. En esta ocasi\u00f3n, lo hizo durante su <strong>participaci\u00f3n en una feria local<\/strong>, congregando en su stand a <strong>ni\u00f1os y ni\u00f1as de entre 4 y 15 a\u00f1os<\/strong> para que pusieran a prueba su talento sobre el papel. Una vez m\u00e1s, la pasi\u00f3n azulgrana fue la principal inspiraci\u00f3n de todos ellos y ellas a la hora de proponer sus mejores creaciones a todo color.<\/p>\n\n\n\n<figure class=\"wp-block-gallery has-nested-images columns-default is-cropped wp-block-gallery-2 is-layout-flex wp-block-gallery-is-layout-flex\">\n<figure class=\"wp-block-image size-large is-style-default\"><a href=\"https:\/\/confederaciopenyes.cat\/wp-content\/uploads\/2023\/05\/Imagen-de-WhatsApp-2023-05-22-a-las-12.01.52-1.jpg\"><img decoding=\"async\" width=\"1024\" height=\"768\" data-id=\"6860\" data-src=\"https:\/\/confederaciopenyes.cat\/wp-content\/uploads\/2023\/05\/Imagen-de-WhatsApp-2023-05-22-a-las-12.01.52-1-1024x768.jpg\" alt=\"\" class=\"wp-image-6860 lazyload\" data-srcset=\"https:\/\/confederaciopenyes.cat\/wp-content\/uploads\/2023\/05\/Imagen-de-WhatsApp-2023-05-22-a-las-12.01.52-1-1024x768.jpg 1024w, https:\/\/confederaciopenyes.cat\/wp-content\/uploads\/2023\/05\/Imagen-de-WhatsApp-2023-05-22-a-las-12.01.52-1-300x225.jpg 300w, https:\/\/confederaciopenyes.cat\/wp-content\/uploads\/2023\/05\/Imagen-de-WhatsApp-2023-05-22-a-las-12.01.52-1-768x576.jpg 768w, https:\/\/confederaciopenyes.cat\/wp-content\/uploads\/2023\/05\/Imagen-de-WhatsApp-2023-05-22-a-las-12.01.52-1-1536x1152.jpg 1536w, https:\/\/confederaciopenyes.cat\/wp-content\/uploads\/2023\/05\/Imagen-de-WhatsApp-2023-05-22-a-las-12.01.52-1.jpg 2048w\" data-sizes=\"(max-width: 1024px) 100vw, 1024px\" src=\"data:image\/svg+xml;base64,PHN2ZyB3aWR0aD0iMSIgaGVpZ2h0PSIxIiB4bWxucz0iaHR0cDovL3d3dy53My5vcmcvMjAwMC9zdmciPjwvc3ZnPg==\" style=\"--smush-placeholder-width: 1024px; --smush-placeholder-aspect-ratio: 1024\/768;\" \/><\/a><\/figure>\n\n\n\n<figure class=\"wp-block-image size-large is-style-default\"><a href=\"https:\/\/confederaciopenyes.cat\/wp-content\/uploads\/2023\/05\/Imagen-de-WhatsApp-2023-05-22-a-las-12.12.26.jpg\"><img decoding=\"async\" width=\"1024\" height=\"567\" data-id=\"6859\" data-src=\"https:\/\/confederaciopenyes.cat\/wp-content\/uploads\/2023\/05\/Imagen-de-WhatsApp-2023-05-22-a-las-12.12.26-1024x567.jpg\" alt=\"\" class=\"wp-image-6859 lazyload\" data-srcset=\"https:\/\/confederaciopenyes.cat\/wp-content\/uploads\/2023\/05\/Imagen-de-WhatsApp-2023-05-22-a-las-12.12.26-1024x567.jpg 1024w, https:\/\/confederaciopenyes.cat\/wp-content\/uploads\/2023\/05\/Imagen-de-WhatsApp-2023-05-22-a-las-12.12.26-300x166.jpg 300w, https:\/\/confederaciopenyes.cat\/wp-content\/uploads\/2023\/05\/Imagen-de-WhatsApp-2023-05-22-a-las-12.12.26-768x425.jpg 768w, https:\/\/confederaciopenyes.cat\/wp-content\/uploads\/2023\/05\/Imagen-de-WhatsApp-2023-05-22-a-las-12.12.26.jpg 1284w\" data-sizes=\"(max-width: 1024px) 100vw, 1024px\" src=\"data:image\/svg+xml;base64,PHN2ZyB3aWR0aD0iMSIgaGVpZ2h0PSIxIiB4bWxucz0iaHR0cDovL3d3dy53My5vcmcvMjAwMC9zdmciPjwvc3ZnPg==\" style=\"--smush-placeholder-width: 1024px; --smush-placeholder-aspect-ratio: 1024\/567;\" \/><\/a><\/figure>\n\n\n\n<figure class=\"wp-block-image size-large is-style-default\"><a href=\"https:\/\/confederaciopenyes.cat\/wp-content\/uploads\/2023\/05\/Imagen-de-WhatsApp-2023-05-22-a-las-12.01.51-1-edited.jpg\"><img decoding=\"async\" width=\"1536\" height=\"1152\" data-id=\"6862\" data-src=\"https:\/\/confederaciopenyes.cat\/wp-content\/uploads\/2023\/05\/Imagen-de-WhatsApp-2023-05-22-a-las-12.01.51-1-edited.jpg\" alt=\"\" class=\"wp-image-6862 lazyload\" data-srcset=\"https:\/\/confederaciopenyes.cat\/wp-content\/uploads\/2023\/05\/Imagen-de-WhatsApp-2023-05-22-a-las-12.01.51-1-edited.jpg 1536w, https:\/\/confederaciopenyes.cat\/wp-content\/uploads\/2023\/05\/Imagen-de-WhatsApp-2023-05-22-a-las-12.01.51-1-edited-300x225.jpg 300w, https:\/\/confederaciopenyes.cat\/wp-content\/uploads\/2023\/05\/Imagen-de-WhatsApp-2023-05-22-a-las-12.01.51-1-edited-1024x768.jpg 1024w, https:\/\/confederaciopenyes.cat\/wp-content\/uploads\/2023\/05\/Imagen-de-WhatsApp-2023-05-22-a-las-12.01.51-1-edited-768x576.jpg 768w\" data-sizes=\"(max-width: 1536px) 100vw, 1536px\" src=\"data:image\/svg+xml;base64,PHN2ZyB3aWR0aD0iMSIgaGVpZ2h0PSIxIiB4bWxucz0iaHR0cDovL3d3dy53My5vcmcvMjAwMC9zdmciPjwvc3ZnPg==\" style=\"--smush-placeholder-width: 1536px; --smush-placeholder-aspect-ratio: 1536\/1152;\" \/><\/a><\/figure>\n<\/figure>\n","protected":false},"excerpt":{"rendered":"<p>Las actividades del movimiento de pe\u00f1as dirigidas a los m\u00e1s j\u00f3venes son habituales durante todo el a\u00f1o. Recientemente, la Pe\u00f1a Barcelonista Villabalter (Federaci\u00f3n de Castilla y Le\u00f3n) lo ha demostrado por partida doble. En primer lugar, la pe\u00f1a entreg\u00f3 los premios de su XIX Concurso de Dibujo y Pintura, en el que participaron casi una &#8230; <a title=\"Los m\u00e1s j\u00f3venes, protagonistas en la PB Villabalter y la PB Foment Martinenc\" class=\"read-more\" href=\"https:\/\/confederaciopenyes.cat\/es\/jovenes-protagonistas-pb-villabalter-foment-martinenc\/\" aria-label=\"Leer m\u00e1s sobre Los m\u00e1s j\u00f3venes, protagonistas en la PB Villabalter y la PB Foment Martinenc\">Leer m\u00e1s<\/a><\/p>\n","protected":false},"author":4,"featured_media":6841,"comment_status":"closed","ping_status":"open","sticky":false,"template":"","format":"standard","meta":{"_acf_changed":false,"footnotes":""},"categories":[1],"tags":[140,114,118,278,116],"class_list":["post-6854","post","type-post","status-publish","format-standard","has-post-thumbnail","hentry","category-noticias-es","tag-confederacion-mundial-de-penas","tag-noticias","tag-pb-foment-martinenc-es","tag-pb-villabalter","tag-penas"],"acf":[],"yoast_head":"<!-- This site is optimized with the Yoast SEO Premium plugin v27.5 (Yoast SEO v27.5) - https:\/\/yoast.com\/product\/yoast-seo-premium-wordpress\/ -->\n<title>J\u00f3venes protagonistas en PB Villabalter y Foment Martinenc - CMP<\/title>\n<meta name=\"description\" content=\"Las pe\u00f1as Villabalter y Foment Martinenc movilizaron a los m\u00e1s j\u00f3venes en sus concursos de dibujo y Muestra de F\u00fatbol 3.\" \/>\n<meta name=\"robots\" content=\"index, follow, max-snippet:-1, max-image-preview:large, max-video-preview:-1\" \/>\n<link rel=\"canonical\" href=\"https:\/\/confederaciopenyes.cat\/es\/jovenes-protagonistas-pb-villabalter-foment-martinenc\/\" \/>\n<meta property=\"og:locale\" content=\"es_ES\" \/>\n<meta property=\"og:type\" content=\"article\" \/>\n<meta property=\"og:title\" content=\"Los m\u00e1s j\u00f3venes, protagonistas en la PB Villabalter y la PB Foment Martinenc\" \/>\n<meta property=\"og:description\" content=\"Las pe\u00f1as Villabalter y Foment Martinenc movilizaron a los m\u00e1s j\u00f3venes en sus concursos de dibujo y Muestra de F\u00fatbol 3.\" \/>\n<meta property=\"og:url\" content=\"https:\/\/confederaciopenyes.cat\/es\/jovenes-protagonistas-pb-villabalter-foment-martinenc\/\" \/>\n<meta property=\"og:site_name\" content=\"Confederaci\u00f3 Mundial de Penyes del FC Barcelona\" \/>\n<meta property=\"article:publisher\" content=\"https:\/\/www.facebook.com\/ConfederacioMundialPenyesFCB\" \/>\n<meta property=\"article:published_time\" content=\"2023-05-31T09:07:53+00:00\" \/>\n<meta property=\"article:modified_time\" content=\"2023-05-31T09:18:19+00:00\" \/>\n<meta property=\"og:image\" content=\"https:\/\/confederaciopenyes.cat\/wp-content\/uploads\/2023\/05\/8_2-scaled.jpg\" \/>\n\t<meta property=\"og:image:width\" content=\"2560\" \/>\n\t<meta property=\"og:image:height\" content=\"1324\" \/>\n\t<meta property=\"og:image:type\" content=\"image\/jpeg\" \/>\n<meta name=\"author\" content=\"Confederaci\u00f3 Mundial de Penyes del FC Barcelona\" \/>\n<meta name=\"twitter:card\" content=\"summary_large_image\" \/>\n<meta name=\"twitter:creator\" content=\"@ConfePenyesFCB\" \/>\n<meta name=\"twitter:site\" content=\"@ConfePenyesFCB\" \/>\n<meta name=\"twitter:label1\" content=\"Escrito por\" \/>\n\t<meta name=\"twitter:data1\" content=\"Confederaci\u00f3 Mundial de Penyes del FC Barcelona\" \/>\n\t<meta name=\"twitter:label2\" content=\"Tiempo de lectura\" \/>\n\t<meta name=\"twitter:data2\" content=\"4 minutos\" \/>\n<script type=\"application\/ld+json\" class=\"yoast-schema-graph\">{\"@context\":\"https:\\\/\\\/schema.org\",\"@graph\":[{\"@type\":\"Article\",\"@id\":\"https:\\\/\\\/confederaciopenyes.cat\\\/es\\\/jovenes-protagonistas-pb-villabalter-foment-martinenc\\\/#article\",\"isPartOf\":{\"@id\":\"https:\\\/\\\/confederaciopenyes.cat\\\/es\\\/jovenes-protagonistas-pb-villabalter-foment-martinenc\\\/\"},\"author\":{\"name\":\"Confederaci\u00f3 Mundial de Penyes del FC Barcelona\",\"@id\":\"https:\\\/\\\/confederaciopenyes.cat\\\/es\\\/#\\\/schema\\\/person\\\/337072f6daef87a85aa59aa1f134387c\"},\"headline\":\"Los m\u00e1s j\u00f3venes, protagonistas en la PB Villabalter y la PB Foment Martinenc\",\"datePublished\":\"2023-05-31T09:07:53+00:00\",\"dateModified\":\"2023-05-31T09:18:19+00:00\",\"mainEntityOfPage\":{\"@id\":\"https:\\\/\\\/confederaciopenyes.cat\\\/es\\\/jovenes-protagonistas-pb-villabalter-foment-martinenc\\\/\"},\"wordCount\":336,\"publisher\":{\"@id\":\"https:\\\/\\\/confederaciopenyes.cat\\\/es\\\/#organization\"},\"image\":{\"@id\":\"https:\\\/\\\/confederaciopenyes.cat\\\/es\\\/jovenes-protagonistas-pb-villabalter-foment-martinenc\\\/#primaryimage\"},\"thumbnailUrl\":\"https:\\\/\\\/confederaciopenyes.cat\\\/wp-content\\\/uploads\\\/2023\\\/05\\\/8_2-scaled.jpg\",\"keywords\":[\"confederaci\u00f3n mundial de pe\u00f1as\",\"noticias\",\"PB Foment Martinenc\",\"PB Villabalter\",\"pe\u00f1as\"],\"articleSection\":[\"Noticias\"],\"inLanguage\":\"es\"},{\"@type\":\"WebPage\",\"@id\":\"https:\\\/\\\/confederaciopenyes.cat\\\/es\\\/jovenes-protagonistas-pb-villabalter-foment-martinenc\\\/\",\"url\":\"https:\\\/\\\/confederaciopenyes.cat\\\/es\\\/jovenes-protagonistas-pb-villabalter-foment-martinenc\\\/\",\"name\":\"J\u00f3venes protagonistas en PB Villabalter y Foment Martinenc - CMP\",\"isPartOf\":{\"@id\":\"https:\\\/\\\/confederaciopenyes.cat\\\/es\\\/#website\"},\"primaryImageOfPage\":{\"@id\":\"https:\\\/\\\/confederaciopenyes.cat\\\/es\\\/jovenes-protagonistas-pb-villabalter-foment-martinenc\\\/#primaryimage\"},\"image\":{\"@id\":\"https:\\\/\\\/confederaciopenyes.cat\\\/es\\\/jovenes-protagonistas-pb-villabalter-foment-martinenc\\\/#primaryimage\"},\"thumbnailUrl\":\"https:\\\/\\\/confederaciopenyes.cat\\\/wp-content\\\/uploads\\\/2023\\\/05\\\/8_2-scaled.jpg\",\"datePublished\":\"2023-05-31T09:07:53+00:00\",\"dateModified\":\"2023-05-31T09:18:19+00:00\",\"description\":\"Las pe\u00f1as Villabalter y Foment Martinenc movilizaron a los m\u00e1s j\u00f3venes en sus concursos de dibujo y Muestra de F\u00fatbol 3.\",\"breadcrumb\":{\"@id\":\"https:\\\/\\\/confederaciopenyes.cat\\\/es\\\/jovenes-protagonistas-pb-villabalter-foment-martinenc\\\/#breadcrumb\"},\"inLanguage\":\"es\",\"potentialAction\":[{\"@type\":\"ReadAction\",\"target\":[\"https:\\\/\\\/confederaciopenyes.cat\\\/es\\\/jovenes-protagonistas-pb-villabalter-foment-martinenc\\\/\"]}]},{\"@type\":\"ImageObject\",\"inLanguage\":\"es\",\"@id\":\"https:\\\/\\\/confederaciopenyes.cat\\\/es\\\/jovenes-protagonistas-pb-villabalter-foment-martinenc\\\/#primaryimage\",\"url\":\"https:\\\/\\\/confederaciopenyes.cat\\\/wp-content\\\/uploads\\\/2023\\\/05\\\/8_2-scaled.jpg\",\"contentUrl\":\"https:\\\/\\\/confederaciopenyes.cat\\\/wp-content\\\/uploads\\\/2023\\\/05\\\/8_2-scaled.jpg\",\"width\":2560,\"height\":1324},{\"@type\":\"BreadcrumbList\",\"@id\":\"https:\\\/\\\/confederaciopenyes.cat\\\/es\\\/jovenes-protagonistas-pb-villabalter-foment-martinenc\\\/#breadcrumb\",\"itemListElement\":[{\"@type\":\"ListItem\",\"position\":1,\"name\":\"Inici\",\"item\":\"https:\\\/\\\/confederaciopenyes.cat\\\/es\\\/\"},{\"@type\":\"ListItem\",\"position\":2,\"name\":\"Los m\u00e1s j\u00f3venes, protagonistas en la PB Villabalter y la PB Foment Martinenc\"}]},{\"@type\":\"WebSite\",\"@id\":\"https:\\\/\\\/confederaciopenyes.cat\\\/es\\\/#website\",\"url\":\"https:\\\/\\\/confederaciopenyes.cat\\\/es\\\/\",\"name\":\"Confederaci\u00f3 Mundial de Penyes del FC Barcelona\",\"description\":\"C.M. Penyes FC Barcelona\",\"publisher\":{\"@id\":\"https:\\\/\\\/confederaciopenyes.cat\\\/es\\\/#organization\"},\"potentialAction\":[{\"@type\":\"SearchAction\",\"target\":{\"@type\":\"EntryPoint\",\"urlTemplate\":\"https:\\\/\\\/confederaciopenyes.cat\\\/es\\\/?s={search_term_string}\"},\"query-input\":{\"@type\":\"PropertyValueSpecification\",\"valueRequired\":true,\"valueName\":\"search_term_string\"}}],\"inLanguage\":\"es\"},{\"@type\":\"Organization\",\"@id\":\"https:\\\/\\\/confederaciopenyes.cat\\\/es\\\/#organization\",\"name\":\"Confederaci\u00f3 Mundial de Penyes del FC Barcelona\",\"url\":\"https:\\\/\\\/confederaciopenyes.cat\\\/es\\\/\",\"logo\":{\"@type\":\"ImageObject\",\"inLanguage\":\"es\",\"@id\":\"https:\\\/\\\/confederaciopenyes.cat\\\/es\\\/#\\\/schema\\\/logo\\\/image\\\/\",\"url\":\"https:\\\/\\\/confederaciopenyes.cat\\\/wp-content\\\/uploads\\\/2022\\\/07\\\/cropped-logo_horizontal.png\",\"contentUrl\":\"https:\\\/\\\/confederaciopenyes.cat\\\/wp-content\\\/uploads\\\/2022\\\/07\\\/cropped-logo_horizontal.png\",\"width\":1320,\"height\":309,\"caption\":\"Confederaci\u00f3 Mundial de Penyes del FC Barcelona\"},\"image\":{\"@id\":\"https:\\\/\\\/confederaciopenyes.cat\\\/es\\\/#\\\/schema\\\/logo\\\/image\\\/\"},\"sameAs\":[\"https:\\\/\\\/www.facebook.com\\\/ConfederacioMundialPenyesFCB\",\"https:\\\/\\\/x.com\\\/ConfePenyesFCB\",\"https:\\\/\\\/www.instagram.com\\\/confepenyesfcb\\\/\"]},{\"@type\":\"Person\",\"@id\":\"https:\\\/\\\/confederaciopenyes.cat\\\/es\\\/#\\\/schema\\\/person\\\/337072f6daef87a85aa59aa1f134387c\",\"name\":\"Confederaci\u00f3 Mundial de Penyes del FC Barcelona\",\"image\":{\"@type\":\"ImageObject\",\"inLanguage\":\"es\",\"@id\":\"https:\\\/\\\/secure.gravatar.com\\\/avatar\\\/98c60c7405ff843b10aec55db652bd3f5cb4320ef331ae76c156819a62194328?s=96&d=mm&r=g\",\"url\":\"https:\\\/\\\/secure.gravatar.com\\\/avatar\\\/98c60c7405ff843b10aec55db652bd3f5cb4320ef331ae76c156819a62194328?s=96&d=mm&r=g\",\"contentUrl\":\"https:\\\/\\\/secure.gravatar.com\\\/avatar\\\/98c60c7405ff843b10aec55db652bd3f5cb4320ef331ae76c156819a62194328?s=96&d=mm&r=g\",\"caption\":\"Confederaci\u00f3 Mundial de Penyes del FC Barcelona\"},\"url\":\"https:\\\/\\\/confederaciopenyes.cat\\\/es\\\/author\\\/comunicacioconfederaciopenyes-cat\\\/\"}]}<\/script>\n<!-- \/ Yoast SEO Premium plugin. -->","yoast_head_json":{"title":"J\u00f3venes protagonistas en PB Villabalter y Foment Martinenc - CMP","description":"Las pe\u00f1as Villabalter y Foment Martinenc movilizaron a los m\u00e1s j\u00f3venes en sus concursos de dibujo y Muestra de F\u00fatbol 3.","robots":{"index":"index","follow":"follow","max-snippet":"max-snippet:-1","max-image-preview":"max-image-preview:large","max-video-preview":"max-video-preview:-1"},"canonical":"https:\/\/confederaciopenyes.cat\/es\/jovenes-protagonistas-pb-villabalter-foment-martinenc\/","og_locale":"es_ES","og_type":"article","og_title":"Los m\u00e1s j\u00f3venes, protagonistas en la PB Villabalter y la PB Foment Martinenc","og_description":"Las pe\u00f1as Villabalter y Foment Martinenc movilizaron a los m\u00e1s j\u00f3venes en sus concursos de dibujo y Muestra de F\u00fatbol 3.","og_url":"https:\/\/confederaciopenyes.cat\/es\/jovenes-protagonistas-pb-villabalter-foment-martinenc\/","og_site_name":"Confederaci\u00f3 Mundial de Penyes del FC Barcelona","article_publisher":"https:\/\/www.facebook.com\/ConfederacioMundialPenyesFCB","article_published_time":"2023-05-31T09:07:53+00:00","article_modified_time":"2023-05-31T09:18:19+00:00","og_image":[{"width":2560,"height":1324,"url":"https:\/\/confederaciopenyes.cat\/wp-content\/uploads\/2023\/05\/8_2-scaled.jpg","type":"image\/jpeg"}],"author":"Confederaci\u00f3 Mundial de Penyes del FC Barcelona","twitter_card":"summary_large_image","twitter_creator":"@ConfePenyesFCB","twitter_site":"@ConfePenyesFCB","twitter_misc":{"Escrito por":"Confederaci\u00f3 Mundial de Penyes del FC Barcelona","Tiempo de lectura":"4 minutos"},"schema":{"@context":"https:\/\/schema.org","@graph":[{"@type":"Article","@id":"https:\/\/confederaciopenyes.cat\/es\/jovenes-protagonistas-pb-villabalter-foment-martinenc\/#article","isPartOf":{"@id":"https:\/\/confederaciopenyes.cat\/es\/jovenes-protagonistas-pb-villabalter-foment-martinenc\/"},"author":{"name":"Confederaci\u00f3 Mundial de Penyes del FC Barcelona","@id":"https:\/\/confederaciopenyes.cat\/es\/#\/schema\/person\/337072f6daef87a85aa59aa1f134387c"},"headline":"Los m\u00e1s j\u00f3venes, protagonistas en la PB Villabalter y la PB Foment Martinenc","datePublished":"2023-05-31T09:07:53+00:00","dateModified":"2023-05-31T09:18:19+00:00","mainEntityOfPage":{"@id":"https:\/\/confederaciopenyes.cat\/es\/jovenes-protagonistas-pb-villabalter-foment-martinenc\/"},"wordCount":336,"publisher":{"@id":"https:\/\/confederaciopenyes.cat\/es\/#organization"},"image":{"@id":"https:\/\/confederaciopenyes.cat\/es\/jovenes-protagonistas-pb-villabalter-foment-martinenc\/#primaryimage"},"thumbnailUrl":"https:\/\/confederaciopenyes.cat\/wp-content\/uploads\/2023\/05\/8_2-scaled.jpg","keywords":["confederaci\u00f3n mundial de pe\u00f1as","noticias","PB Foment Martinenc","PB Villabalter","pe\u00f1as"],"articleSection":["Noticias"],"inLanguage":"es"},{"@type":"WebPage","@id":"https:\/\/confederaciopenyes.cat\/es\/jovenes-protagonistas-pb-villabalter-foment-martinenc\/","url":"https:\/\/confederaciopenyes.cat\/es\/jovenes-protagonistas-pb-villabalter-foment-martinenc\/","name":"J\u00f3venes protagonistas en PB Villabalter y Foment Martinenc - CMP","isPartOf":{"@id":"https:\/\/confederaciopenyes.cat\/es\/#website"},"primaryImageOfPage":{"@id":"https:\/\/confederaciopenyes.cat\/es\/jovenes-protagonistas-pb-villabalter-foment-martinenc\/#primaryimage"},"image":{"@id":"https:\/\/confederaciopenyes.cat\/es\/jovenes-protagonistas-pb-villabalter-foment-martinenc\/#primaryimage"},"thumbnailUrl":"https:\/\/confederaciopenyes.cat\/wp-content\/uploads\/2023\/05\/8_2-scaled.jpg","datePublished":"2023-05-31T09:07:53+00:00","dateModified":"2023-05-31T09:18:19+00:00","description":"Las pe\u00f1as Villabalter y Foment Martinenc movilizaron a los m\u00e1s j\u00f3venes en sus concursos de dibujo y Muestra de F\u00fatbol 3.","breadcrumb":{"@id":"https:\/\/confederaciopenyes.cat\/es\/jovenes-protagonistas-pb-villabalter-foment-martinenc\/#breadcrumb"},"inLanguage":"es","potentialAction":[{"@type":"ReadAction","target":["https:\/\/confederaciopenyes.cat\/es\/jovenes-protagonistas-pb-villabalter-foment-martinenc\/"]}]},{"@type":"ImageObject","inLanguage":"es","@id":"https:\/\/confederaciopenyes.cat\/es\/jovenes-protagonistas-pb-villabalter-foment-martinenc\/#primaryimage","url":"https:\/\/confederaciopenyes.cat\/wp-content\/uploads\/2023\/05\/8_2-scaled.jpg","contentUrl":"https:\/\/confederaciopenyes.cat\/wp-content\/uploads\/2023\/05\/8_2-scaled.jpg","width":2560,"height":1324},{"@type":"BreadcrumbList","@id":"https:\/\/confederaciopenyes.cat\/es\/jovenes-protagonistas-pb-villabalter-foment-martinenc\/#breadcrumb","itemListElement":[{"@type":"ListItem","position":1,"name":"Inici","item":"https:\/\/confederaciopenyes.cat\/es\/"},{"@type":"ListItem","position":2,"name":"Los m\u00e1s j\u00f3venes, protagonistas en la PB Villabalter y la PB Foment Martinenc"}]},{"@type":"WebSite","@id":"https:\/\/confederaciopenyes.cat\/es\/#website","url":"https:\/\/confederaciopenyes.cat\/es\/","name":"Confederaci\u00f3 Mundial de Penyes del FC Barcelona","description":"C.M. Penyes FC Barcelona","publisher":{"@id":"https:\/\/confederaciopenyes.cat\/es\/#organization"},"potentialAction":[{"@type":"SearchAction","target":{"@type":"EntryPoint","urlTemplate":"https:\/\/confederaciopenyes.cat\/es\/?s={search_term_string}"},"query-input":{"@type":"PropertyValueSpecification","valueRequired":true,"valueName":"search_term_string"}}],"inLanguage":"es"},{"@type":"Organization","@id":"https:\/\/confederaciopenyes.cat\/es\/#organization","name":"Confederaci\u00f3 Mundial de Penyes del FC Barcelona","url":"https:\/\/confederaciopenyes.cat\/es\/","logo":{"@type":"ImageObject","inLanguage":"es","@id":"https:\/\/confederaciopenyes.cat\/es\/#\/schema\/logo\/image\/","url":"https:\/\/confederaciopenyes.cat\/wp-content\/uploads\/2022\/07\/cropped-logo_horizontal.png","contentUrl":"https:\/\/confederaciopenyes.cat\/wp-content\/uploads\/2022\/07\/cropped-logo_horizontal.png","width":1320,"height":309,"caption":"Confederaci\u00f3 Mundial de Penyes del FC Barcelona"},"image":{"@id":"https:\/\/confederaciopenyes.cat\/es\/#\/schema\/logo\/image\/"},"sameAs":["https:\/\/www.facebook.com\/ConfederacioMundialPenyesFCB","https:\/\/x.com\/ConfePenyesFCB","https:\/\/www.instagram.com\/confepenyesfcb\/"]},{"@type":"Person","@id":"https:\/\/confederaciopenyes.cat\/es\/#\/schema\/person\/337072f6daef87a85aa59aa1f134387c","name":"Confederaci\u00f3 Mundial de Penyes del FC Barcelona","image":{"@type":"ImageObject","inLanguage":"es","@id":"https:\/\/secure.gravatar.com\/avatar\/98c60c7405ff843b10aec55db652bd3f5cb4320ef331ae76c156819a62194328?s=96&d=mm&r=g","url":"https:\/\/secure.gravatar.com\/avatar\/98c60c7405ff843b10aec55db652bd3f5cb4320ef331ae76c156819a62194328?s=96&d=mm&r=g","contentUrl":"https:\/\/secure.gravatar.com\/avatar\/98c60c7405ff843b10aec55db652bd3f5cb4320ef331ae76c156819a62194328?s=96&d=mm&r=g","caption":"Confederaci\u00f3 Mundial de Penyes del FC Barcelona"},"url":"https:\/\/confederaciopenyes.cat\/es\/author\/comunicacioconfederaciopenyes-cat\/"}]}},"_links":{"self":[{"href":"https:\/\/confederaciopenyes.cat\/es\/wp-json\/wp\/v2\/posts\/6854","targetHints":{"allow":["GET"]}}],"collection":[{"href":"https:\/\/confederaciopenyes.cat\/es\/wp-json\/wp\/v2\/posts"}],"about":[{"href":"https:\/\/confederaciopenyes.cat\/es\/wp-json\/wp\/v2\/types\/post"}],"author":[{"embeddable":true,"href":"https:\/\/confederaciopenyes.cat\/es\/wp-json\/wp\/v2\/users\/4"}],"replies":[{"embeddable":true,"href":"https:\/\/confederaciopenyes.cat\/es\/wp-json\/wp\/v2\/comments?post=6854"}],"version-history":[{"count":3,"href":"https:\/\/confederaciopenyes.cat\/es\/wp-json\/wp\/v2\/posts\/6854\/revisions"}],"predecessor-version":[{"id":6878,"href":"https:\/\/confederaciopenyes.cat\/es\/wp-json\/wp\/v2\/posts\/6854\/revisions\/6878"}],"wp:featuredmedia":[{"embeddable":true,"href":"https:\/\/confederaciopenyes.cat\/es\/wp-json\/wp\/v2\/media\/6841"}],"wp:attachment":[{"href":"https:\/\/confederaciopenyes.cat\/es\/wp-json\/wp\/v2\/media?parent=6854"}],"wp:term":[{"taxonomy":"category","embeddable":true,"href":"https:\/\/confederaciopenyes.cat\/es\/wp-json\/wp\/v2\/categories?post=6854"},{"taxonomy":"post_tag","embeddable":true,"href":"https:\/\/confederaciopenyes.cat\/es\/wp-json\/wp\/v2\/tags?post=6854"}],"curies":[{"name":"wp","href":"https:\/\/api.w.org\/{rel}","templated":true}]}}