{"id":7496,"date":"2023-07-05T10:36:31","date_gmt":"2023-07-05T08:36:31","guid":{"rendered":"https:\/\/confederaciopenyes.cat\/?p=7496"},"modified":"2023-07-05T10:42:29","modified_gmt":"2023-07-05T08:42:29","slug":"celebracion-20o-aniversario-pb-torrelameu","status":"publish","type":"post","link":"https:\/\/confederaciopenyes.cat\/es\/celebracion-20o-aniversario-pb-torrelameu\/","title":{"rendered":"Celebraci\u00f3n del 20\u00ba aniversario de la PB Torrelameu"},"content":{"rendered":"\n<p>El pasado domingo, la <strong><a href=\"https:\/\/twitter.com\/PBTorrelameu\" target=\"_blank\" rel=\"noreferrer noopener\">Penya Barcelonista Torrelameu<\/a><\/strong> (<a href=\"https:\/\/twitter.com\/FedPonentNord\" target=\"_blank\" rel=\"noreferrer noopener\">Federaci\u00f3 Ponent Nord<\/a>) sopl\u00f3 las velas para conmemorar su <strong>20\u00ba aniversario<\/strong> en el mundo pe\u00f1\u00edstico. Los actos de celebraci\u00f3n contaron con la presencia del vicepresidente de la Fed. Ponent Nord, <strong>Jordi Sendarrubias<\/strong>, as\u00ed como del presidente de la Federaci\u00f3 Lleida Sud,<strong> Claudi Bosch<\/strong>, que quiso sumarse a la jornada barcelonista. El presidente de la PB Torrelameu, <strong>Carles Puig<\/strong>, ejerci\u00f3 de anfitri\u00f3n. Adem\u00e1s de la pe\u00f1a homenajeada, asistieron la <strong>PB Solsona i Comarca<\/strong>, la <strong>PB Balaguer i Comarca<\/strong>, la <strong>PB d\u2019Al\u00f2s de Balaguer<\/strong> y la <strong>PB Ponts i Comarca<\/strong>.<\/p>\n\n\n\n<h6 class=\"wp-block-heading\"><strong>Nuevo n\u00famero de la revista \u2018S\u00e0piens Bar\u00e7a\u2019<\/strong><\/h6>\n\n\n\n<p>El d\u00eda empez\u00f3 en un local de Torrelameu con la presentaci\u00f3n de un nuevo n\u00famero de la <strong>Revista \u2018S\u00e0piens Bar\u00e7a\u2019<\/strong> a cargo de <strong>Ramon Usall<\/strong>. En esta edici\u00f3n, la publicaci\u00f3n trata sobre el Bar\u00e7a en la \u00e9poca del franquismo, repasando la trayectoria desde el caso Di St\u00e9fano hasta el cierre del Camp Nou. A continuaci\u00f3n, tuvo lugar la <strong>fiesta de celebraci\u00f3n con la presencia de m\u00e1s de 50 pe\u00f1istas<\/strong>, en el transcurso de la cual se sortearon <strong>productos azulgranas<\/strong>. Fue una <strong>celebraci\u00f3n muy especial para todos los asistentes<\/strong>, que se emplazaron a disfrutar pronto de una nueva jornada barcelonista.<\/p>\n\n\n\n<figure class=\"wp-block-gallery has-nested-images columns-default is-cropped wp-block-gallery-1 is-layout-flex wp-block-gallery-is-layout-flex\">\n<figure class=\"wp-block-image size-large\"><a href=\"https:\/\/confederaciopenyes.cat\/wp-content\/uploads\/2023\/07\/IMG-20230703-WA0004-1.jpg\"><img decoding=\"async\" width=\"1024\" height=\"768\" data-id=\"7497\" data-src=\"https:\/\/confederaciopenyes.cat\/wp-content\/uploads\/2023\/07\/IMG-20230703-WA0004-1.jpg\" alt=\"\" class=\"wp-image-7497 lazyload\" data-srcset=\"https:\/\/confederaciopenyes.cat\/wp-content\/uploads\/2023\/07\/IMG-20230703-WA0004-1.jpg 1024w, https:\/\/confederaciopenyes.cat\/wp-content\/uploads\/2023\/07\/IMG-20230703-WA0004-1-300x225.jpg 300w, https:\/\/confederaciopenyes.cat\/wp-content\/uploads\/2023\/07\/IMG-20230703-WA0004-1-768x576.jpg 768w\" data-sizes=\"(max-width: 1024px) 100vw, 1024px\" src=\"data:image\/svg+xml;base64,PHN2ZyB3aWR0aD0iMSIgaGVpZ2h0PSIxIiB4bWxucz0iaHR0cDovL3d3dy53My5vcmcvMjAwMC9zdmciPjwvc3ZnPg==\" style=\"--smush-placeholder-width: 1024px; --smush-placeholder-aspect-ratio: 1024\/768;\" \/><\/a><\/figure>\n\n\n\n<figure class=\"wp-block-image size-large\"><a href=\"https:\/\/confederaciopenyes.cat\/wp-content\/uploads\/2023\/07\/IMG-20230703-WA0003-1.jpg\"><img decoding=\"async\" width=\"1024\" height=\"768\" data-id=\"7498\" data-src=\"https:\/\/confederaciopenyes.cat\/wp-content\/uploads\/2023\/07\/IMG-20230703-WA0003-1-1024x768.jpg\" alt=\"\" class=\"wp-image-7498 lazyload\" data-srcset=\"https:\/\/confederaciopenyes.cat\/wp-content\/uploads\/2023\/07\/IMG-20230703-WA0003-1-1024x768.jpg 1024w, https:\/\/confederaciopenyes.cat\/wp-content\/uploads\/2023\/07\/IMG-20230703-WA0003-1-300x225.jpg 300w, https:\/\/confederaciopenyes.cat\/wp-content\/uploads\/2023\/07\/IMG-20230703-WA0003-1-768x576.jpg 768w, https:\/\/confederaciopenyes.cat\/wp-content\/uploads\/2023\/07\/IMG-20230703-WA0003-1.jpg 1440w\" data-sizes=\"(max-width: 1024px) 100vw, 1024px\" src=\"data:image\/svg+xml;base64,PHN2ZyB3aWR0aD0iMSIgaGVpZ2h0PSIxIiB4bWxucz0iaHR0cDovL3d3dy53My5vcmcvMjAwMC9zdmciPjwvc3ZnPg==\" style=\"--smush-placeholder-width: 1024px; --smush-placeholder-aspect-ratio: 1024\/768;\" \/><\/a><\/figure>\n\n\n\n<figure class=\"wp-block-image size-large\"><a href=\"https:\/\/confederaciopenyes.cat\/wp-content\/uploads\/2023\/07\/IMG-20230703-WA0002-1.jpg\"><img decoding=\"async\" width=\"1024\" height=\"768\" data-id=\"7499\" data-src=\"https:\/\/confederaciopenyes.cat\/wp-content\/uploads\/2023\/07\/IMG-20230703-WA0002-1-1024x768.jpg\" alt=\"\" class=\"wp-image-7499 lazyload\" data-srcset=\"https:\/\/confederaciopenyes.cat\/wp-content\/uploads\/2023\/07\/IMG-20230703-WA0002-1-1024x768.jpg 1024w, https:\/\/confederaciopenyes.cat\/wp-content\/uploads\/2023\/07\/IMG-20230703-WA0002-1-300x225.jpg 300w, https:\/\/confederaciopenyes.cat\/wp-content\/uploads\/2023\/07\/IMG-20230703-WA0002-1-768x576.jpg 768w, https:\/\/confederaciopenyes.cat\/wp-content\/uploads\/2023\/07\/IMG-20230703-WA0002-1.jpg 1440w\" data-sizes=\"(max-width: 1024px) 100vw, 1024px\" src=\"data:image\/svg+xml;base64,PHN2ZyB3aWR0aD0iMSIgaGVpZ2h0PSIxIiB4bWxucz0iaHR0cDovL3d3dy53My5vcmcvMjAwMC9zdmciPjwvc3ZnPg==\" style=\"--smush-placeholder-width: 1024px; --smush-placeholder-aspect-ratio: 1024\/768;\" \/><\/a><\/figure>\n<\/figure>\n","protected":false},"excerpt":{"rendered":"<p>El pasado domingo, la Penya Barcelonista Torrelameu (Federaci\u00f3 Ponent Nord) sopl\u00f3 las velas para conmemorar su 20\u00ba aniversario en el mundo pe\u00f1\u00edstico. Los actos de celebraci\u00f3n contaron con la presencia del vicepresidente de la Fed. Ponent Nord, Jordi Sendarrubias, as\u00ed como del presidente de la Federaci\u00f3 Lleida Sud, Claudi Bosch, que quiso sumarse a la &#8230; <a title=\"Celebraci\u00f3n del 20\u00ba aniversario de la PB Torrelameu\" class=\"read-more\" href=\"https:\/\/confederaciopenyes.cat\/es\/celebracion-20o-aniversario-pb-torrelameu\/\" aria-label=\"Leer m\u00e1s sobre Celebraci\u00f3n del 20\u00ba aniversario de la PB Torrelameu\">Leer m\u00e1s<\/a><\/p>\n","protected":false},"author":4,"featured_media":7486,"comment_status":"closed","ping_status":"open","sticky":false,"template":"","format":"standard","meta":{"_acf_changed":false,"footnotes":""},"categories":[1],"tags":[140,1736,114,1728,116,1738],"class_list":["post-7496","post","type-post","status-publish","format-standard","has-post-thumbnail","hentry","category-noticias-es","tag-confederacion-mundial-de-penas","tag-federacio-ponent-nord-es","tag-noticias","tag-pb-torrelameu","tag-penas","tag-penya-barcelonista-torrelameu-es"],"acf":[],"yoast_head":"<!-- This site is optimized with the Yoast SEO Premium plugin v26.7 (Yoast SEO v27.4) - https:\/\/yoast.com\/product\/yoast-seo-premium-wordpress\/ -->\n<title>20\u00ba aniversario de la PB Torrelameu - Confederaci\u00f3 Mundial Penyes<\/title>\n<meta name=\"description\" content=\"La celebraci\u00f3n del 20\u00ba aniversario de la PB Torrelameu congreg\u00f3 a m\u00e1s de 50 pe\u00f1istas que disfrutaron de una jornada azulgrana.\" \/>\n<meta name=\"robots\" content=\"index, follow, max-snippet:-1, max-image-preview:large, max-video-preview:-1\" \/>\n<link rel=\"canonical\" href=\"https:\/\/confederaciopenyes.cat\/es\/celebracion-20o-aniversario-pb-torrelameu\/\" \/>\n<meta property=\"og:locale\" content=\"es_ES\" \/>\n<meta property=\"og:type\" content=\"article\" \/>\n<meta property=\"og:title\" content=\"Celebraci\u00f3n del 20\u00ba aniversario de la PB Torrelameu\" \/>\n<meta property=\"og:description\" content=\"La celebraci\u00f3n del 20\u00ba aniversario de la PB Torrelameu congreg\u00f3 a m\u00e1s de 50 pe\u00f1istas que disfrutaron de una jornada azulgrana.\" \/>\n<meta property=\"og:url\" content=\"https:\/\/confederaciopenyes.cat\/es\/celebracion-20o-aniversario-pb-torrelameu\/\" \/>\n<meta property=\"og:site_name\" content=\"Confederaci\u00f3 Mundial de Penyes del FC Barcelona\" \/>\n<meta property=\"article:publisher\" content=\"https:\/\/www.facebook.com\/ConfederacioMundialPenyesFCB\" \/>\n<meta property=\"article:published_time\" content=\"2023-07-05T08:36:31+00:00\" \/>\n<meta property=\"article:modified_time\" content=\"2023-07-05T08:42:29+00:00\" \/>\n<meta property=\"og:image\" content=\"https:\/\/confederaciopenyes.cat\/wp-content\/uploads\/2023\/07\/IMG-20230703-WA0000.jpg\" \/>\n\t<meta property=\"og:image:width\" content=\"1440\" \/>\n\t<meta property=\"og:image:height\" content=\"1080\" \/>\n\t<meta property=\"og:image:type\" content=\"image\/jpeg\" \/>\n<meta name=\"author\" content=\"Confederaci\u00f3 Mundial de Penyes del FC Barcelona\" \/>\n<meta name=\"twitter:card\" content=\"summary_large_image\" \/>\n<meta name=\"twitter:creator\" content=\"@ConfePenyesFCB\" \/>\n<meta name=\"twitter:site\" content=\"@ConfePenyesFCB\" \/>\n<meta name=\"twitter:label1\" content=\"Escrito por\" \/>\n\t<meta name=\"twitter:data1\" content=\"Confederaci\u00f3 Mundial de Penyes del FC Barcelona\" \/>\n\t<meta name=\"twitter:label2\" content=\"Tiempo de lectura\" \/>\n\t<meta name=\"twitter:data2\" content=\"2 minutos\" \/>\n<script type=\"application\/ld+json\" class=\"yoast-schema-graph\">{\"@context\":\"https:\\\/\\\/schema.org\",\"@graph\":[{\"@type\":\"Article\",\"@id\":\"https:\\\/\\\/confederaciopenyes.cat\\\/es\\\/celebracion-20o-aniversario-pb-torrelameu\\\/#article\",\"isPartOf\":{\"@id\":\"https:\\\/\\\/confederaciopenyes.cat\\\/es\\\/celebracion-20o-aniversario-pb-torrelameu\\\/\"},\"author\":{\"name\":\"Confederaci\u00f3 Mundial de Penyes del FC Barcelona\",\"@id\":\"https:\\\/\\\/confederaciopenyes.cat\\\/es\\\/#\\\/schema\\\/person\\\/337072f6daef87a85aa59aa1f134387c\"},\"headline\":\"Celebraci\u00f3n del 20\u00ba aniversario de la PB Torrelameu\",\"datePublished\":\"2023-07-05T08:36:31+00:00\",\"dateModified\":\"2023-07-05T08:42:29+00:00\",\"mainEntityOfPage\":{\"@id\":\"https:\\\/\\\/confederaciopenyes.cat\\\/es\\\/celebracion-20o-aniversario-pb-torrelameu\\\/\"},\"wordCount\":231,\"publisher\":{\"@id\":\"https:\\\/\\\/confederaciopenyes.cat\\\/es\\\/#organization\"},\"image\":{\"@id\":\"https:\\\/\\\/confederaciopenyes.cat\\\/es\\\/celebracion-20o-aniversario-pb-torrelameu\\\/#primaryimage\"},\"thumbnailUrl\":\"https:\\\/\\\/confederaciopenyes.cat\\\/wp-content\\\/uploads\\\/2023\\\/07\\\/IMG-20230703-WA0000.jpg\",\"keywords\":[\"confederaci\u00f3n mundial de pe\u00f1as\",\"Federaci\u00f3 Ponent Nord\",\"noticias\",\"PB Torrelameu\",\"pe\u00f1as\",\"Penya Barcelonista Torrelameu\"],\"articleSection\":[\"Noticias\"],\"inLanguage\":\"es\"},{\"@type\":\"WebPage\",\"@id\":\"https:\\\/\\\/confederaciopenyes.cat\\\/es\\\/celebracion-20o-aniversario-pb-torrelameu\\\/\",\"url\":\"https:\\\/\\\/confederaciopenyes.cat\\\/es\\\/celebracion-20o-aniversario-pb-torrelameu\\\/\",\"name\":\"20\u00ba aniversario de la PB Torrelameu - Confederaci\u00f3 Mundial Penyes\",\"isPartOf\":{\"@id\":\"https:\\\/\\\/confederaciopenyes.cat\\\/es\\\/#website\"},\"primaryImageOfPage\":{\"@id\":\"https:\\\/\\\/confederaciopenyes.cat\\\/es\\\/celebracion-20o-aniversario-pb-torrelameu\\\/#primaryimage\"},\"image\":{\"@id\":\"https:\\\/\\\/confederaciopenyes.cat\\\/es\\\/celebracion-20o-aniversario-pb-torrelameu\\\/#primaryimage\"},\"thumbnailUrl\":\"https:\\\/\\\/confederaciopenyes.cat\\\/wp-content\\\/uploads\\\/2023\\\/07\\\/IMG-20230703-WA0000.jpg\",\"datePublished\":\"2023-07-05T08:36:31+00:00\",\"dateModified\":\"2023-07-05T08:42:29+00:00\",\"description\":\"La celebraci\u00f3n del 20\u00ba aniversario de la PB Torrelameu congreg\u00f3 a m\u00e1s de 50 pe\u00f1istas que disfrutaron de una jornada azulgrana.\",\"breadcrumb\":{\"@id\":\"https:\\\/\\\/confederaciopenyes.cat\\\/es\\\/celebracion-20o-aniversario-pb-torrelameu\\\/#breadcrumb\"},\"inLanguage\":\"es\",\"potentialAction\":[{\"@type\":\"ReadAction\",\"target\":[\"https:\\\/\\\/confederaciopenyes.cat\\\/es\\\/celebracion-20o-aniversario-pb-torrelameu\\\/\"]}]},{\"@type\":\"ImageObject\",\"inLanguage\":\"es\",\"@id\":\"https:\\\/\\\/confederaciopenyes.cat\\\/es\\\/celebracion-20o-aniversario-pb-torrelameu\\\/#primaryimage\",\"url\":\"https:\\\/\\\/confederaciopenyes.cat\\\/wp-content\\\/uploads\\\/2023\\\/07\\\/IMG-20230703-WA0000.jpg\",\"contentUrl\":\"https:\\\/\\\/confederaciopenyes.cat\\\/wp-content\\\/uploads\\\/2023\\\/07\\\/IMG-20230703-WA0000.jpg\",\"width\":1440,\"height\":1080},{\"@type\":\"BreadcrumbList\",\"@id\":\"https:\\\/\\\/confederaciopenyes.cat\\\/es\\\/celebracion-20o-aniversario-pb-torrelameu\\\/#breadcrumb\",\"itemListElement\":[{\"@type\":\"ListItem\",\"position\":1,\"name\":\"Portada\",\"item\":\"https:\\\/\\\/confederaciopenyes.cat\\\/es\\\/\"},{\"@type\":\"ListItem\",\"position\":2,\"name\":\"Celebraci\u00f3n del 20\u00ba aniversario de la PB Torrelameu\"}]},{\"@type\":\"WebSite\",\"@id\":\"https:\\\/\\\/confederaciopenyes.cat\\\/es\\\/#website\",\"url\":\"https:\\\/\\\/confederaciopenyes.cat\\\/es\\\/\",\"name\":\"Confederaci\u00f3 Mundial de Penyes del FC Barcelona\",\"description\":\"C.M. Penyes FC Barcelona\",\"publisher\":{\"@id\":\"https:\\\/\\\/confederaciopenyes.cat\\\/es\\\/#organization\"},\"potentialAction\":[{\"@type\":\"SearchAction\",\"target\":{\"@type\":\"EntryPoint\",\"urlTemplate\":\"https:\\\/\\\/confederaciopenyes.cat\\\/es\\\/?s={search_term_string}\"},\"query-input\":{\"@type\":\"PropertyValueSpecification\",\"valueRequired\":true,\"valueName\":\"search_term_string\"}}],\"inLanguage\":\"es\"},{\"@type\":\"Organization\",\"@id\":\"https:\\\/\\\/confederaciopenyes.cat\\\/es\\\/#organization\",\"name\":\"Confederaci\u00f3 Mundial de Penyes del FC Barcelona\",\"url\":\"https:\\\/\\\/confederaciopenyes.cat\\\/es\\\/\",\"logo\":{\"@type\":\"ImageObject\",\"inLanguage\":\"es\",\"@id\":\"https:\\\/\\\/confederaciopenyes.cat\\\/es\\\/#\\\/schema\\\/logo\\\/image\\\/\",\"url\":\"https:\\\/\\\/confederaciopenyes.cat\\\/wp-content\\\/uploads\\\/2022\\\/07\\\/cropped-logo_horizontal.png\",\"contentUrl\":\"https:\\\/\\\/confederaciopenyes.cat\\\/wp-content\\\/uploads\\\/2022\\\/07\\\/cropped-logo_horizontal.png\",\"width\":1320,\"height\":309,\"caption\":\"Confederaci\u00f3 Mundial de Penyes del FC Barcelona\"},\"image\":{\"@id\":\"https:\\\/\\\/confederaciopenyes.cat\\\/es\\\/#\\\/schema\\\/logo\\\/image\\\/\"},\"sameAs\":[\"https:\\\/\\\/www.facebook.com\\\/ConfederacioMundialPenyesFCB\",\"https:\\\/\\\/x.com\\\/ConfePenyesFCB\",\"https:\\\/\\\/www.instagram.com\\\/confepenyesfcb\\\/\"]},{\"@type\":\"Person\",\"@id\":\"https:\\\/\\\/confederaciopenyes.cat\\\/es\\\/#\\\/schema\\\/person\\\/337072f6daef87a85aa59aa1f134387c\",\"name\":\"Confederaci\u00f3 Mundial de Penyes del FC Barcelona\",\"image\":{\"@type\":\"ImageObject\",\"inLanguage\":\"es\",\"@id\":\"https:\\\/\\\/secure.gravatar.com\\\/avatar\\\/98c60c7405ff843b10aec55db652bd3f5cb4320ef331ae76c156819a62194328?s=96&d=mm&r=g\",\"url\":\"https:\\\/\\\/secure.gravatar.com\\\/avatar\\\/98c60c7405ff843b10aec55db652bd3f5cb4320ef331ae76c156819a62194328?s=96&d=mm&r=g\",\"contentUrl\":\"https:\\\/\\\/secure.gravatar.com\\\/avatar\\\/98c60c7405ff843b10aec55db652bd3f5cb4320ef331ae76c156819a62194328?s=96&d=mm&r=g\",\"caption\":\"Confederaci\u00f3 Mundial de Penyes del FC Barcelona\"},\"url\":\"https:\\\/\\\/confederaciopenyes.cat\\\/es\\\/author\\\/comunicacioconfederaciopenyes-cat\\\/\"}]}<\/script>\n<!-- \/ Yoast SEO Premium plugin. -->","yoast_head_json":{"title":"20\u00ba aniversario de la PB Torrelameu - Confederaci\u00f3 Mundial Penyes","description":"La celebraci\u00f3n del 20\u00ba aniversario de la PB Torrelameu congreg\u00f3 a m\u00e1s de 50 pe\u00f1istas que disfrutaron de una jornada azulgrana.","robots":{"index":"index","follow":"follow","max-snippet":"max-snippet:-1","max-image-preview":"max-image-preview:large","max-video-preview":"max-video-preview:-1"},"canonical":"https:\/\/confederaciopenyes.cat\/es\/celebracion-20o-aniversario-pb-torrelameu\/","og_locale":"es_ES","og_type":"article","og_title":"Celebraci\u00f3n del 20\u00ba aniversario de la PB Torrelameu","og_description":"La celebraci\u00f3n del 20\u00ba aniversario de la PB Torrelameu congreg\u00f3 a m\u00e1s de 50 pe\u00f1istas que disfrutaron de una jornada azulgrana.","og_url":"https:\/\/confederaciopenyes.cat\/es\/celebracion-20o-aniversario-pb-torrelameu\/","og_site_name":"Confederaci\u00f3 Mundial de Penyes del FC Barcelona","article_publisher":"https:\/\/www.facebook.com\/ConfederacioMundialPenyesFCB","article_published_time":"2023-07-05T08:36:31+00:00","article_modified_time":"2023-07-05T08:42:29+00:00","og_image":[{"width":1440,"height":1080,"url":"https:\/\/confederaciopenyes.cat\/wp-content\/uploads\/2023\/07\/IMG-20230703-WA0000.jpg","type":"image\/jpeg"}],"author":"Confederaci\u00f3 Mundial de Penyes del FC Barcelona","twitter_card":"summary_large_image","twitter_creator":"@ConfePenyesFCB","twitter_site":"@ConfePenyesFCB","twitter_misc":{"Escrito por":"Confederaci\u00f3 Mundial de Penyes del FC Barcelona","Tiempo de lectura":"2 minutos"},"schema":{"@context":"https:\/\/schema.org","@graph":[{"@type":"Article","@id":"https:\/\/confederaciopenyes.cat\/es\/celebracion-20o-aniversario-pb-torrelameu\/#article","isPartOf":{"@id":"https:\/\/confederaciopenyes.cat\/es\/celebracion-20o-aniversario-pb-torrelameu\/"},"author":{"name":"Confederaci\u00f3 Mundial de Penyes del FC Barcelona","@id":"https:\/\/confederaciopenyes.cat\/es\/#\/schema\/person\/337072f6daef87a85aa59aa1f134387c"},"headline":"Celebraci\u00f3n del 20\u00ba aniversario de la PB Torrelameu","datePublished":"2023-07-05T08:36:31+00:00","dateModified":"2023-07-05T08:42:29+00:00","mainEntityOfPage":{"@id":"https:\/\/confederaciopenyes.cat\/es\/celebracion-20o-aniversario-pb-torrelameu\/"},"wordCount":231,"publisher":{"@id":"https:\/\/confederaciopenyes.cat\/es\/#organization"},"image":{"@id":"https:\/\/confederaciopenyes.cat\/es\/celebracion-20o-aniversario-pb-torrelameu\/#primaryimage"},"thumbnailUrl":"https:\/\/confederaciopenyes.cat\/wp-content\/uploads\/2023\/07\/IMG-20230703-WA0000.jpg","keywords":["confederaci\u00f3n mundial de pe\u00f1as","Federaci\u00f3 Ponent Nord","noticias","PB Torrelameu","pe\u00f1as","Penya Barcelonista Torrelameu"],"articleSection":["Noticias"],"inLanguage":"es"},{"@type":"WebPage","@id":"https:\/\/confederaciopenyes.cat\/es\/celebracion-20o-aniversario-pb-torrelameu\/","url":"https:\/\/confederaciopenyes.cat\/es\/celebracion-20o-aniversario-pb-torrelameu\/","name":"20\u00ba aniversario de la PB Torrelameu - Confederaci\u00f3 Mundial Penyes","isPartOf":{"@id":"https:\/\/confederaciopenyes.cat\/es\/#website"},"primaryImageOfPage":{"@id":"https:\/\/confederaciopenyes.cat\/es\/celebracion-20o-aniversario-pb-torrelameu\/#primaryimage"},"image":{"@id":"https:\/\/confederaciopenyes.cat\/es\/celebracion-20o-aniversario-pb-torrelameu\/#primaryimage"},"thumbnailUrl":"https:\/\/confederaciopenyes.cat\/wp-content\/uploads\/2023\/07\/IMG-20230703-WA0000.jpg","datePublished":"2023-07-05T08:36:31+00:00","dateModified":"2023-07-05T08:42:29+00:00","description":"La celebraci\u00f3n del 20\u00ba aniversario de la PB Torrelameu congreg\u00f3 a m\u00e1s de 50 pe\u00f1istas que disfrutaron de una jornada azulgrana.","breadcrumb":{"@id":"https:\/\/confederaciopenyes.cat\/es\/celebracion-20o-aniversario-pb-torrelameu\/#breadcrumb"},"inLanguage":"es","potentialAction":[{"@type":"ReadAction","target":["https:\/\/confederaciopenyes.cat\/es\/celebracion-20o-aniversario-pb-torrelameu\/"]}]},{"@type":"ImageObject","inLanguage":"es","@id":"https:\/\/confederaciopenyes.cat\/es\/celebracion-20o-aniversario-pb-torrelameu\/#primaryimage","url":"https:\/\/confederaciopenyes.cat\/wp-content\/uploads\/2023\/07\/IMG-20230703-WA0000.jpg","contentUrl":"https:\/\/confederaciopenyes.cat\/wp-content\/uploads\/2023\/07\/IMG-20230703-WA0000.jpg","width":1440,"height":1080},{"@type":"BreadcrumbList","@id":"https:\/\/confederaciopenyes.cat\/es\/celebracion-20o-aniversario-pb-torrelameu\/#breadcrumb","itemListElement":[{"@type":"ListItem","position":1,"name":"Portada","item":"https:\/\/confederaciopenyes.cat\/es\/"},{"@type":"ListItem","position":2,"name":"Celebraci\u00f3n del 20\u00ba aniversario de la PB Torrelameu"}]},{"@type":"WebSite","@id":"https:\/\/confederaciopenyes.cat\/es\/#website","url":"https:\/\/confederaciopenyes.cat\/es\/","name":"Confederaci\u00f3 Mundial de Penyes del FC Barcelona","description":"C.M. Penyes FC Barcelona","publisher":{"@id":"https:\/\/confederaciopenyes.cat\/es\/#organization"},"potentialAction":[{"@type":"SearchAction","target":{"@type":"EntryPoint","urlTemplate":"https:\/\/confederaciopenyes.cat\/es\/?s={search_term_string}"},"query-input":{"@type":"PropertyValueSpecification","valueRequired":true,"valueName":"search_term_string"}}],"inLanguage":"es"},{"@type":"Organization","@id":"https:\/\/confederaciopenyes.cat\/es\/#organization","name":"Confederaci\u00f3 Mundial de Penyes del FC Barcelona","url":"https:\/\/confederaciopenyes.cat\/es\/","logo":{"@type":"ImageObject","inLanguage":"es","@id":"https:\/\/confederaciopenyes.cat\/es\/#\/schema\/logo\/image\/","url":"https:\/\/confederaciopenyes.cat\/wp-content\/uploads\/2022\/07\/cropped-logo_horizontal.png","contentUrl":"https:\/\/confederaciopenyes.cat\/wp-content\/uploads\/2022\/07\/cropped-logo_horizontal.png","width":1320,"height":309,"caption":"Confederaci\u00f3 Mundial de Penyes del FC Barcelona"},"image":{"@id":"https:\/\/confederaciopenyes.cat\/es\/#\/schema\/logo\/image\/"},"sameAs":["https:\/\/www.facebook.com\/ConfederacioMundialPenyesFCB","https:\/\/x.com\/ConfePenyesFCB","https:\/\/www.instagram.com\/confepenyesfcb\/"]},{"@type":"Person","@id":"https:\/\/confederaciopenyes.cat\/es\/#\/schema\/person\/337072f6daef87a85aa59aa1f134387c","name":"Confederaci\u00f3 Mundial de Penyes del FC Barcelona","image":{"@type":"ImageObject","inLanguage":"es","@id":"https:\/\/secure.gravatar.com\/avatar\/98c60c7405ff843b10aec55db652bd3f5cb4320ef331ae76c156819a62194328?s=96&d=mm&r=g","url":"https:\/\/secure.gravatar.com\/avatar\/98c60c7405ff843b10aec55db652bd3f5cb4320ef331ae76c156819a62194328?s=96&d=mm&r=g","contentUrl":"https:\/\/secure.gravatar.com\/avatar\/98c60c7405ff843b10aec55db652bd3f5cb4320ef331ae76c156819a62194328?s=96&d=mm&r=g","caption":"Confederaci\u00f3 Mundial de Penyes del FC Barcelona"},"url":"https:\/\/confederaciopenyes.cat\/es\/author\/comunicacioconfederaciopenyes-cat\/"}]}},"_links":{"self":[{"href":"https:\/\/confederaciopenyes.cat\/es\/wp-json\/wp\/v2\/posts\/7496","targetHints":{"allow":["GET"]}}],"collection":[{"href":"https:\/\/confederaciopenyes.cat\/es\/wp-json\/wp\/v2\/posts"}],"about":[{"href":"https:\/\/confederaciopenyes.cat\/es\/wp-json\/wp\/v2\/types\/post"}],"author":[{"embeddable":true,"href":"https:\/\/confederaciopenyes.cat\/es\/wp-json\/wp\/v2\/users\/4"}],"replies":[{"embeddable":true,"href":"https:\/\/confederaciopenyes.cat\/es\/wp-json\/wp\/v2\/comments?post=7496"}],"version-history":[{"count":4,"href":"https:\/\/confederaciopenyes.cat\/es\/wp-json\/wp\/v2\/posts\/7496\/revisions"}],"predecessor-version":[{"id":7504,"href":"https:\/\/confederaciopenyes.cat\/es\/wp-json\/wp\/v2\/posts\/7496\/revisions\/7504"}],"wp:featuredmedia":[{"embeddable":true,"href":"https:\/\/confederaciopenyes.cat\/es\/wp-json\/wp\/v2\/media\/7486"}],"wp:attachment":[{"href":"https:\/\/confederaciopenyes.cat\/es\/wp-json\/wp\/v2\/media?parent=7496"}],"wp:term":[{"taxonomy":"category","embeddable":true,"href":"https:\/\/confederaciopenyes.cat\/es\/wp-json\/wp\/v2\/categories?post=7496"},{"taxonomy":"post_tag","embeddable":true,"href":"https:\/\/confederaciopenyes.cat\/es\/wp-json\/wp\/v2\/tags?post=7496"}],"curies":[{"name":"wp","href":"https:\/\/api.w.org\/{rel}","templated":true}]}}