{"id":7716,"date":"2023-07-20T12:15:00","date_gmt":"2023-07-20T10:15:00","guid":{"rendered":"https:\/\/confederaciopenyes.cat\/?p=7716"},"modified":"2023-07-20T12:15:02","modified_gmt":"2023-07-20T10:15:02","slug":"comision-sociocultural-organiza-futuro","status":"publish","type":"post","link":"https:\/\/confederaciopenyes.cat\/es\/comision-sociocultural-organiza-futuro\/","title":{"rendered":"La Comisi\u00f3n Sociocultural se organiza para el futuro"},"content":{"rendered":"\n<p>La <strong>Confederaci\u00f3 Mundial de Penyes<\/strong> contin\u00faa trabajando en su mejora de organizaci\u00f3n para <strong>ofrecer un mejor servicio a las federaciones y a los socios, pe\u00f1istas y aficionados barcelonistas<\/strong>. Recientemente, se reuni\u00f3 la<strong> Comisi\u00f3n Sociocultural<\/strong>, que engloba los<strong> actos<\/strong>, las <strong>actividades<\/strong> y la <strong>solidaridad<\/strong> de las federaciones y las propias pe\u00f1as. Tras haberse reunido la <strong>Comisi\u00f3n Institucional y Servicios<\/strong> y la <strong>Comisi\u00f3n Econ\u00f3mica y Marketing<\/strong>, ahora ya se ha completado el cierre de temporada por parte de todas ellas.<\/p>\n\n\n\n<h6 class=\"wp-block-heading\"><strong>Nuevas subcomisiones de trabajo<\/strong><\/h6>\n\n\n\n<p>Se aprob\u00f3 una nueva l\u00ednea de trabajo con la creaci\u00f3n de <strong>tres subcomisiones de trabajo <\/strong>m\u00e1s focalizadas en cada uno de los \u00e1mbitos que abarca esta comisi\u00f3n. <strong>La subcomisi\u00f3n de actos engloba los eventos, la cultura y la historia del movimiento pe\u00f1\u00edstico y del Club<\/strong>. Los eventos que se han hecho esta temporada <strong>han superado la cifra de 1.000<\/strong>, de los cuales la <strong>Confederaci\u00f3 ha participado en m\u00e1s de 350<\/strong>. Estas cantidades muestran que las federaciones y sus pe\u00f1as siguen organizando eventos con entusiasmo para promover el barcelonismo en sus localidades.<\/p>\n\n\n\n<p>Los eventos han sido variados y han incluido la cultura e historia a trav\u00e9s de las diferentes conferencias de<strong> \u2018Bar\u00e7a i Catalunya\u2019<\/strong>, que<strong> ya ha superado las 130 representaciones.<\/strong> <strong>Sor Luc\u00eda Caram<\/strong>, con su proyecto<strong><a href=\"https:\/\/www.fundaciosantaclara.cat\/\" target=\"_blank\" rel=\"noreferrer noopener\"> \u2018Invulnerables\u2019<\/a><\/strong>, tambi\u00e9n cuenta con la ayuda de la Confederaci\u00f3 y va a continuar con este prop\u00f3sito.<\/p>\n\n\n\n<p><strong>El apartado de actividades se distribuye en proyectos y recepciones en las previas de partido en la sede de la Confederaci\u00f3<\/strong>. En cuanto a los proyectos, entre otros, se seguir\u00e1 promoviendo la actividad f\u00edsica de los socios, especialmente los m\u00e1s j\u00f3venes, a trav\u00e9s del deporte base y de la organizaci\u00f3n de varios<strong> torneos deportivos<\/strong>. Por \u00faltimo, la<strong> solidaridad <\/strong>que han mostrado la mayor\u00eda de las federaciones, con actos de donaciones y ayudas a pa\u00edses, tendr\u00e1 continuidad y se<strong> apoyar\u00e1 a\u00fan m\u00e1s desde la Confederaci\u00f3<\/strong>.<\/p>\n\n\n\n<figure class=\"wp-block-gallery has-nested-images columns-2 is-cropped wp-block-gallery-1 is-layout-flex wp-block-gallery-is-layout-flex\">\n<figure class=\"wp-block-image size-large\"><a href=\"https:\/\/confederaciopenyes.cat\/wp-content\/uploads\/2023\/07\/Fqm6FogWIAEFRwI-1-scaled.jpg\"><img decoding=\"async\" width=\"1024\" height=\"576\" data-id=\"7720\" data-src=\"https:\/\/confederaciopenyes.cat\/wp-content\/uploads\/2023\/07\/Fqm6FogWIAEFRwI-1-1024x576.jpg\" alt=\"\" class=\"wp-image-7720 lazyload\" data-srcset=\"https:\/\/confederaciopenyes.cat\/wp-content\/uploads\/2023\/07\/Fqm6FogWIAEFRwI-1-1024x576.jpg 1024w, https:\/\/confederaciopenyes.cat\/wp-content\/uploads\/2023\/07\/Fqm6FogWIAEFRwI-1-300x169.jpg 300w, https:\/\/confederaciopenyes.cat\/wp-content\/uploads\/2023\/07\/Fqm6FogWIAEFRwI-1-768x432.jpg 768w, https:\/\/confederaciopenyes.cat\/wp-content\/uploads\/2023\/07\/Fqm6FogWIAEFRwI-1-1536x864.jpg 1536w, https:\/\/confederaciopenyes.cat\/wp-content\/uploads\/2023\/07\/Fqm6FogWIAEFRwI-1-2048x1152.jpg 2048w\" data-sizes=\"(max-width: 1024px) 100vw, 1024px\" src=\"data:image\/svg+xml;base64,PHN2ZyB3aWR0aD0iMSIgaGVpZ2h0PSIxIiB4bWxucz0iaHR0cDovL3d3dy53My5vcmcvMjAwMC9zdmciPjwvc3ZnPg==\" style=\"--smush-placeholder-width: 1024px; --smush-placeholder-aspect-ratio: 1024\/576;\" \/><\/a><\/figure>\n\n\n\n<figure class=\"wp-block-image size-large\"><a href=\"https:\/\/confederaciopenyes.cat\/wp-content\/uploads\/2023\/07\/Sociocultural-2-1.jpg\"><img decoding=\"async\" width=\"974\" height=\"604\" data-id=\"7717\" data-src=\"https:\/\/confederaciopenyes.cat\/wp-content\/uploads\/2023\/07\/Sociocultural-2-1.jpg\" alt=\"\" class=\"wp-image-7717 lazyload\" data-srcset=\"https:\/\/confederaciopenyes.cat\/wp-content\/uploads\/2023\/07\/Sociocultural-2-1.jpg 974w, https:\/\/confederaciopenyes.cat\/wp-content\/uploads\/2023\/07\/Sociocultural-2-1-300x186.jpg 300w, https:\/\/confederaciopenyes.cat\/wp-content\/uploads\/2023\/07\/Sociocultural-2-1-768x476.jpg 768w\" data-sizes=\"(max-width: 974px) 100vw, 974px\" src=\"data:image\/svg+xml;base64,PHN2ZyB3aWR0aD0iMSIgaGVpZ2h0PSIxIiB4bWxucz0iaHR0cDovL3d3dy53My5vcmcvMjAwMC9zdmciPjwvc3ZnPg==\" style=\"--smush-placeholder-width: 974px; --smush-placeholder-aspect-ratio: 974\/604;\" \/><\/a><\/figure>\n\n\n\n<figure class=\"wp-block-image size-large\"><a href=\"https:\/\/confederaciopenyes.cat\/wp-content\/uploads\/2023\/07\/Fxh0t_JWIAIaE1F-1.jpg\"><img decoding=\"async\" width=\"1024\" height=\"768\" data-id=\"7719\" data-src=\"https:\/\/confederaciopenyes.cat\/wp-content\/uploads\/2023\/07\/Fxh0t_JWIAIaE1F-1-1024x768.jpg\" alt=\"\" class=\"wp-image-7719 lazyload\" data-srcset=\"https:\/\/confederaciopenyes.cat\/wp-content\/uploads\/2023\/07\/Fxh0t_JWIAIaE1F-1-1024x768.jpg 1024w, https:\/\/confederaciopenyes.cat\/wp-content\/uploads\/2023\/07\/Fxh0t_JWIAIaE1F-1-300x225.jpg 300w, https:\/\/confederaciopenyes.cat\/wp-content\/uploads\/2023\/07\/Fxh0t_JWIAIaE1F-1-768x576.jpg 768w, https:\/\/confederaciopenyes.cat\/wp-content\/uploads\/2023\/07\/Fxh0t_JWIAIaE1F-1-1536x1152.jpg 1536w, https:\/\/confederaciopenyes.cat\/wp-content\/uploads\/2023\/07\/Fxh0t_JWIAIaE1F-1.jpg 1600w\" data-sizes=\"(max-width: 1024px) 100vw, 1024px\" src=\"data:image\/svg+xml;base64,PHN2ZyB3aWR0aD0iMSIgaGVpZ2h0PSIxIiB4bWxucz0iaHR0cDovL3d3dy53My5vcmcvMjAwMC9zdmciPjwvc3ZnPg==\" style=\"--smush-placeholder-width: 1024px; --smush-placeholder-aspect-ratio: 1024\/768;\" \/><\/a><\/figure>\n\n\n\n<figure class=\"wp-block-image size-large\"><a href=\"https:\/\/confederaciopenyes.cat\/wp-content\/uploads\/2023\/07\/MicrosoftTeams-image-54-1.jpg\"><img decoding=\"async\" width=\"1024\" height=\"637\" data-id=\"7718\" data-src=\"https:\/\/confederaciopenyes.cat\/wp-content\/uploads\/2023\/07\/MicrosoftTeams-image-54-1-1024x637.jpg\" alt=\"\" class=\"wp-image-7718 lazyload\" data-srcset=\"https:\/\/confederaciopenyes.cat\/wp-content\/uploads\/2023\/07\/MicrosoftTeams-image-54-1-1024x637.jpg 1024w, https:\/\/confederaciopenyes.cat\/wp-content\/uploads\/2023\/07\/MicrosoftTeams-image-54-1-300x187.jpg 300w, https:\/\/confederaciopenyes.cat\/wp-content\/uploads\/2023\/07\/MicrosoftTeams-image-54-1-768x478.jpg 768w, https:\/\/confederaciopenyes.cat\/wp-content\/uploads\/2023\/07\/MicrosoftTeams-image-54-1.jpg 1200w\" data-sizes=\"(max-width: 1024px) 100vw, 1024px\" src=\"data:image\/svg+xml;base64,PHN2ZyB3aWR0aD0iMSIgaGVpZ2h0PSIxIiB4bWxucz0iaHR0cDovL3d3dy53My5vcmcvMjAwMC9zdmciPjwvc3ZnPg==\" style=\"--smush-placeholder-width: 1024px; --smush-placeholder-aspect-ratio: 1024\/637;\" \/><\/a><\/figure>\n<\/figure>\n","protected":false},"excerpt":{"rendered":"<p>La Confederaci\u00f3 Mundial de Penyes contin\u00faa trabajando en su mejora de organizaci\u00f3n para ofrecer un mejor servicio a las federaciones y a los socios, pe\u00f1istas y aficionados barcelonistas. Recientemente, se reuni\u00f3 la Comisi\u00f3n Sociocultural, que engloba los actos, las actividades y la solidaridad de las federaciones y las propias pe\u00f1as. Tras haberse reunido la Comisi\u00f3n &#8230; <a title=\"La Comisi\u00f3n Sociocultural se organiza para el futuro\" class=\"read-more\" href=\"https:\/\/confederaciopenyes.cat\/es\/comision-sociocultural-organiza-futuro\/\" aria-label=\"Leer m\u00e1s sobre La Comisi\u00f3n Sociocultural se organiza para el futuro\">Leer m\u00e1s<\/a><\/p>\n","protected":false},"author":4,"featured_media":6287,"comment_status":"closed","ping_status":"open","sticky":false,"template":"","format":"standard","meta":{"_acf_changed":false,"footnotes":""},"categories":[1],"tags":[1802,140,114,116],"class_list":["post-7716","post","type-post","status-publish","format-standard","has-post-thumbnail","hentry","category-noticias-es","tag-comision-sociocultural","tag-confederacion-mundial-de-penas","tag-noticias","tag-penas"],"acf":[],"yoast_head":"<!-- This site is optimized with the Yoast SEO Premium plugin v27.5 (Yoast SEO v27.5) - https:\/\/yoast.com\/product\/yoast-seo-premium-wordpress\/ -->\n<title>La Comisi\u00f3n Sociocultural se organiza para el futuro - C. M. Penyes<\/title>\n<meta name=\"description\" content=\"La Comisi\u00f3n Sociocultural se reuni\u00f3 para encarar el futuro m\u00e1s pr\u00f3ximo y organizar sus tres subcomisiones de trabajo\" \/>\n<meta name=\"robots\" content=\"index, follow, max-snippet:-1, max-image-preview:large, max-video-preview:-1\" \/>\n<link rel=\"canonical\" href=\"https:\/\/confederaciopenyes.cat\/es\/comision-sociocultural-organiza-futuro\/\" \/>\n<meta property=\"og:locale\" content=\"es_ES\" \/>\n<meta property=\"og:type\" content=\"article\" \/>\n<meta property=\"og:title\" content=\"La Comisi\u00f3n Sociocultural se organiza para el futuro\" \/>\n<meta property=\"og:description\" content=\"La Comisi\u00f3n Sociocultural se reuni\u00f3 para encarar el futuro m\u00e1s pr\u00f3ximo y organizar sus tres subcomisiones de trabajo\" \/>\n<meta property=\"og:url\" content=\"https:\/\/confederaciopenyes.cat\/es\/comision-sociocultural-organiza-futuro\/\" \/>\n<meta property=\"og:site_name\" content=\"Confederaci\u00f3 Mundial de Penyes del FC Barcelona\" \/>\n<meta property=\"article:publisher\" content=\"https:\/\/www.facebook.com\/ConfederacioMundialPenyesFCB\" \/>\n<meta property=\"article:published_time\" content=\"2023-07-20T10:15:00+00:00\" \/>\n<meta property=\"article:modified_time\" content=\"2023-07-20T10:15:02+00:00\" \/>\n<meta property=\"og:image\" content=\"https:\/\/confederaciopenyes.cat\/wp-content\/uploads\/2023\/04\/KryEtOZQ8yXujRxFtternijeGhCDFFGkBCvE6QzsQ-Y_plaintext_638175747697323520.jpg\" \/>\n\t<meta property=\"og:image:width\" content=\"1024\" \/>\n\t<meta property=\"og:image:height\" content=\"768\" \/>\n\t<meta property=\"og:image:type\" content=\"image\/jpeg\" \/>\n<meta name=\"author\" content=\"Confederaci\u00f3 Mundial de Penyes del FC Barcelona\" \/>\n<meta name=\"twitter:card\" content=\"summary_large_image\" \/>\n<meta name=\"twitter:creator\" content=\"@ConfePenyesFCB\" \/>\n<meta name=\"twitter:site\" content=\"@ConfePenyesFCB\" \/>\n<meta name=\"twitter:label1\" content=\"Escrito por\" \/>\n\t<meta name=\"twitter:data1\" content=\"Confederaci\u00f3 Mundial de Penyes del FC Barcelona\" \/>\n\t<meta name=\"twitter:label2\" content=\"Tiempo de lectura\" \/>\n\t<meta name=\"twitter:data2\" content=\"3 minutos\" \/>\n<script type=\"application\/ld+json\" class=\"yoast-schema-graph\">{\"@context\":\"https:\\\/\\\/schema.org\",\"@graph\":[{\"@type\":\"Article\",\"@id\":\"https:\\\/\\\/confederaciopenyes.cat\\\/es\\\/comision-sociocultural-organiza-futuro\\\/#article\",\"isPartOf\":{\"@id\":\"https:\\\/\\\/confederaciopenyes.cat\\\/es\\\/comision-sociocultural-organiza-futuro\\\/\"},\"author\":{\"name\":\"Confederaci\u00f3 Mundial de Penyes del FC Barcelona\",\"@id\":\"https:\\\/\\\/confederaciopenyes.cat\\\/es\\\/#\\\/schema\\\/person\\\/337072f6daef87a85aa59aa1f134387c\"},\"headline\":\"La Comisi\u00f3n Sociocultural se organiza para el futuro\",\"datePublished\":\"2023-07-20T10:15:00+00:00\",\"dateModified\":\"2023-07-20T10:15:02+00:00\",\"mainEntityOfPage\":{\"@id\":\"https:\\\/\\\/confederaciopenyes.cat\\\/es\\\/comision-sociocultural-organiza-futuro\\\/\"},\"wordCount\":344,\"publisher\":{\"@id\":\"https:\\\/\\\/confederaciopenyes.cat\\\/es\\\/#organization\"},\"image\":{\"@id\":\"https:\\\/\\\/confederaciopenyes.cat\\\/es\\\/comision-sociocultural-organiza-futuro\\\/#primaryimage\"},\"thumbnailUrl\":\"https:\\\/\\\/confederaciopenyes.cat\\\/wp-content\\\/uploads\\\/2023\\\/04\\\/KryEtOZQ8yXujRxFtternijeGhCDFFGkBCvE6QzsQ-Y_plaintext_638175747697323520.jpg\",\"keywords\":[\"Comisi\u00f3n Sociocultural\",\"confederaci\u00f3n mundial de pe\u00f1as\",\"noticias\",\"pe\u00f1as\"],\"articleSection\":[\"Noticias\"],\"inLanguage\":\"es\"},{\"@type\":\"WebPage\",\"@id\":\"https:\\\/\\\/confederaciopenyes.cat\\\/es\\\/comision-sociocultural-organiza-futuro\\\/\",\"url\":\"https:\\\/\\\/confederaciopenyes.cat\\\/es\\\/comision-sociocultural-organiza-futuro\\\/\",\"name\":\"La Comisi\u00f3n Sociocultural se organiza para el futuro - C. M. Penyes\",\"isPartOf\":{\"@id\":\"https:\\\/\\\/confederaciopenyes.cat\\\/es\\\/#website\"},\"primaryImageOfPage\":{\"@id\":\"https:\\\/\\\/confederaciopenyes.cat\\\/es\\\/comision-sociocultural-organiza-futuro\\\/#primaryimage\"},\"image\":{\"@id\":\"https:\\\/\\\/confederaciopenyes.cat\\\/es\\\/comision-sociocultural-organiza-futuro\\\/#primaryimage\"},\"thumbnailUrl\":\"https:\\\/\\\/confederaciopenyes.cat\\\/wp-content\\\/uploads\\\/2023\\\/04\\\/KryEtOZQ8yXujRxFtternijeGhCDFFGkBCvE6QzsQ-Y_plaintext_638175747697323520.jpg\",\"datePublished\":\"2023-07-20T10:15:00+00:00\",\"dateModified\":\"2023-07-20T10:15:02+00:00\",\"description\":\"La Comisi\u00f3n Sociocultural se reuni\u00f3 para encarar el futuro m\u00e1s pr\u00f3ximo y organizar sus tres subcomisiones de trabajo\",\"breadcrumb\":{\"@id\":\"https:\\\/\\\/confederaciopenyes.cat\\\/es\\\/comision-sociocultural-organiza-futuro\\\/#breadcrumb\"},\"inLanguage\":\"es\",\"potentialAction\":[{\"@type\":\"ReadAction\",\"target\":[\"https:\\\/\\\/confederaciopenyes.cat\\\/es\\\/comision-sociocultural-organiza-futuro\\\/\"]}]},{\"@type\":\"ImageObject\",\"inLanguage\":\"es\",\"@id\":\"https:\\\/\\\/confederaciopenyes.cat\\\/es\\\/comision-sociocultural-organiza-futuro\\\/#primaryimage\",\"url\":\"https:\\\/\\\/confederaciopenyes.cat\\\/wp-content\\\/uploads\\\/2023\\\/04\\\/KryEtOZQ8yXujRxFtternijeGhCDFFGkBCvE6QzsQ-Y_plaintext_638175747697323520.jpg\",\"contentUrl\":\"https:\\\/\\\/confederaciopenyes.cat\\\/wp-content\\\/uploads\\\/2023\\\/04\\\/KryEtOZQ8yXujRxFtternijeGhCDFFGkBCvE6QzsQ-Y_plaintext_638175747697323520.jpg\",\"width\":1024,\"height\":768},{\"@type\":\"BreadcrumbList\",\"@id\":\"https:\\\/\\\/confederaciopenyes.cat\\\/es\\\/comision-sociocultural-organiza-futuro\\\/#breadcrumb\",\"itemListElement\":[{\"@type\":\"ListItem\",\"position\":1,\"name\":\"Inici\",\"item\":\"https:\\\/\\\/confederaciopenyes.cat\\\/es\\\/\"},{\"@type\":\"ListItem\",\"position\":2,\"name\":\"La Comisi\u00f3n Sociocultural se organiza para el futuro\"}]},{\"@type\":\"WebSite\",\"@id\":\"https:\\\/\\\/confederaciopenyes.cat\\\/es\\\/#website\",\"url\":\"https:\\\/\\\/confederaciopenyes.cat\\\/es\\\/\",\"name\":\"Confederaci\u00f3 Mundial de Penyes del FC Barcelona\",\"description\":\"C.M. Penyes FC Barcelona\",\"publisher\":{\"@id\":\"https:\\\/\\\/confederaciopenyes.cat\\\/es\\\/#organization\"},\"potentialAction\":[{\"@type\":\"SearchAction\",\"target\":{\"@type\":\"EntryPoint\",\"urlTemplate\":\"https:\\\/\\\/confederaciopenyes.cat\\\/es\\\/?s={search_term_string}\"},\"query-input\":{\"@type\":\"PropertyValueSpecification\",\"valueRequired\":true,\"valueName\":\"search_term_string\"}}],\"inLanguage\":\"es\"},{\"@type\":\"Organization\",\"@id\":\"https:\\\/\\\/confederaciopenyes.cat\\\/es\\\/#organization\",\"name\":\"Confederaci\u00f3 Mundial de Penyes del FC Barcelona\",\"url\":\"https:\\\/\\\/confederaciopenyes.cat\\\/es\\\/\",\"logo\":{\"@type\":\"ImageObject\",\"inLanguage\":\"es\",\"@id\":\"https:\\\/\\\/confederaciopenyes.cat\\\/es\\\/#\\\/schema\\\/logo\\\/image\\\/\",\"url\":\"https:\\\/\\\/confederaciopenyes.cat\\\/wp-content\\\/uploads\\\/2022\\\/07\\\/cropped-logo_horizontal.png\",\"contentUrl\":\"https:\\\/\\\/confederaciopenyes.cat\\\/wp-content\\\/uploads\\\/2022\\\/07\\\/cropped-logo_horizontal.png\",\"width\":1320,\"height\":309,\"caption\":\"Confederaci\u00f3 Mundial de Penyes del FC Barcelona\"},\"image\":{\"@id\":\"https:\\\/\\\/confederaciopenyes.cat\\\/es\\\/#\\\/schema\\\/logo\\\/image\\\/\"},\"sameAs\":[\"https:\\\/\\\/www.facebook.com\\\/ConfederacioMundialPenyesFCB\",\"https:\\\/\\\/x.com\\\/ConfePenyesFCB\",\"https:\\\/\\\/www.instagram.com\\\/confepenyesfcb\\\/\"]},{\"@type\":\"Person\",\"@id\":\"https:\\\/\\\/confederaciopenyes.cat\\\/es\\\/#\\\/schema\\\/person\\\/337072f6daef87a85aa59aa1f134387c\",\"name\":\"Confederaci\u00f3 Mundial de Penyes del FC Barcelona\",\"image\":{\"@type\":\"ImageObject\",\"inLanguage\":\"es\",\"@id\":\"https:\\\/\\\/secure.gravatar.com\\\/avatar\\\/98c60c7405ff843b10aec55db652bd3f5cb4320ef331ae76c156819a62194328?s=96&d=mm&r=g\",\"url\":\"https:\\\/\\\/secure.gravatar.com\\\/avatar\\\/98c60c7405ff843b10aec55db652bd3f5cb4320ef331ae76c156819a62194328?s=96&d=mm&r=g\",\"contentUrl\":\"https:\\\/\\\/secure.gravatar.com\\\/avatar\\\/98c60c7405ff843b10aec55db652bd3f5cb4320ef331ae76c156819a62194328?s=96&d=mm&r=g\",\"caption\":\"Confederaci\u00f3 Mundial de Penyes del FC Barcelona\"},\"url\":\"https:\\\/\\\/confederaciopenyes.cat\\\/es\\\/author\\\/comunicacioconfederaciopenyes-cat\\\/\"}]}<\/script>\n<!-- \/ Yoast SEO Premium plugin. -->","yoast_head_json":{"title":"La Comisi\u00f3n Sociocultural se organiza para el futuro - C. M. Penyes","description":"La Comisi\u00f3n Sociocultural se reuni\u00f3 para encarar el futuro m\u00e1s pr\u00f3ximo y organizar sus tres subcomisiones de trabajo","robots":{"index":"index","follow":"follow","max-snippet":"max-snippet:-1","max-image-preview":"max-image-preview:large","max-video-preview":"max-video-preview:-1"},"canonical":"https:\/\/confederaciopenyes.cat\/es\/comision-sociocultural-organiza-futuro\/","og_locale":"es_ES","og_type":"article","og_title":"La Comisi\u00f3n Sociocultural se organiza para el futuro","og_description":"La Comisi\u00f3n Sociocultural se reuni\u00f3 para encarar el futuro m\u00e1s pr\u00f3ximo y organizar sus tres subcomisiones de trabajo","og_url":"https:\/\/confederaciopenyes.cat\/es\/comision-sociocultural-organiza-futuro\/","og_site_name":"Confederaci\u00f3 Mundial de Penyes del FC Barcelona","article_publisher":"https:\/\/www.facebook.com\/ConfederacioMundialPenyesFCB","article_published_time":"2023-07-20T10:15:00+00:00","article_modified_time":"2023-07-20T10:15:02+00:00","og_image":[{"width":1024,"height":768,"url":"https:\/\/confederaciopenyes.cat\/wp-content\/uploads\/2023\/04\/KryEtOZQ8yXujRxFtternijeGhCDFFGkBCvE6QzsQ-Y_plaintext_638175747697323520.jpg","type":"image\/jpeg"}],"author":"Confederaci\u00f3 Mundial de Penyes del FC Barcelona","twitter_card":"summary_large_image","twitter_creator":"@ConfePenyesFCB","twitter_site":"@ConfePenyesFCB","twitter_misc":{"Escrito por":"Confederaci\u00f3 Mundial de Penyes del FC Barcelona","Tiempo de lectura":"3 minutos"},"schema":{"@context":"https:\/\/schema.org","@graph":[{"@type":"Article","@id":"https:\/\/confederaciopenyes.cat\/es\/comision-sociocultural-organiza-futuro\/#article","isPartOf":{"@id":"https:\/\/confederaciopenyes.cat\/es\/comision-sociocultural-organiza-futuro\/"},"author":{"name":"Confederaci\u00f3 Mundial de Penyes del FC Barcelona","@id":"https:\/\/confederaciopenyes.cat\/es\/#\/schema\/person\/337072f6daef87a85aa59aa1f134387c"},"headline":"La Comisi\u00f3n Sociocultural se organiza para el futuro","datePublished":"2023-07-20T10:15:00+00:00","dateModified":"2023-07-20T10:15:02+00:00","mainEntityOfPage":{"@id":"https:\/\/confederaciopenyes.cat\/es\/comision-sociocultural-organiza-futuro\/"},"wordCount":344,"publisher":{"@id":"https:\/\/confederaciopenyes.cat\/es\/#organization"},"image":{"@id":"https:\/\/confederaciopenyes.cat\/es\/comision-sociocultural-organiza-futuro\/#primaryimage"},"thumbnailUrl":"https:\/\/confederaciopenyes.cat\/wp-content\/uploads\/2023\/04\/KryEtOZQ8yXujRxFtternijeGhCDFFGkBCvE6QzsQ-Y_plaintext_638175747697323520.jpg","keywords":["Comisi\u00f3n Sociocultural","confederaci\u00f3n mundial de pe\u00f1as","noticias","pe\u00f1as"],"articleSection":["Noticias"],"inLanguage":"es"},{"@type":"WebPage","@id":"https:\/\/confederaciopenyes.cat\/es\/comision-sociocultural-organiza-futuro\/","url":"https:\/\/confederaciopenyes.cat\/es\/comision-sociocultural-organiza-futuro\/","name":"La Comisi\u00f3n Sociocultural se organiza para el futuro - C. M. Penyes","isPartOf":{"@id":"https:\/\/confederaciopenyes.cat\/es\/#website"},"primaryImageOfPage":{"@id":"https:\/\/confederaciopenyes.cat\/es\/comision-sociocultural-organiza-futuro\/#primaryimage"},"image":{"@id":"https:\/\/confederaciopenyes.cat\/es\/comision-sociocultural-organiza-futuro\/#primaryimage"},"thumbnailUrl":"https:\/\/confederaciopenyes.cat\/wp-content\/uploads\/2023\/04\/KryEtOZQ8yXujRxFtternijeGhCDFFGkBCvE6QzsQ-Y_plaintext_638175747697323520.jpg","datePublished":"2023-07-20T10:15:00+00:00","dateModified":"2023-07-20T10:15:02+00:00","description":"La Comisi\u00f3n Sociocultural se reuni\u00f3 para encarar el futuro m\u00e1s pr\u00f3ximo y organizar sus tres subcomisiones de trabajo","breadcrumb":{"@id":"https:\/\/confederaciopenyes.cat\/es\/comision-sociocultural-organiza-futuro\/#breadcrumb"},"inLanguage":"es","potentialAction":[{"@type":"ReadAction","target":["https:\/\/confederaciopenyes.cat\/es\/comision-sociocultural-organiza-futuro\/"]}]},{"@type":"ImageObject","inLanguage":"es","@id":"https:\/\/confederaciopenyes.cat\/es\/comision-sociocultural-organiza-futuro\/#primaryimage","url":"https:\/\/confederaciopenyes.cat\/wp-content\/uploads\/2023\/04\/KryEtOZQ8yXujRxFtternijeGhCDFFGkBCvE6QzsQ-Y_plaintext_638175747697323520.jpg","contentUrl":"https:\/\/confederaciopenyes.cat\/wp-content\/uploads\/2023\/04\/KryEtOZQ8yXujRxFtternijeGhCDFFGkBCvE6QzsQ-Y_plaintext_638175747697323520.jpg","width":1024,"height":768},{"@type":"BreadcrumbList","@id":"https:\/\/confederaciopenyes.cat\/es\/comision-sociocultural-organiza-futuro\/#breadcrumb","itemListElement":[{"@type":"ListItem","position":1,"name":"Inici","item":"https:\/\/confederaciopenyes.cat\/es\/"},{"@type":"ListItem","position":2,"name":"La Comisi\u00f3n Sociocultural se organiza para el futuro"}]},{"@type":"WebSite","@id":"https:\/\/confederaciopenyes.cat\/es\/#website","url":"https:\/\/confederaciopenyes.cat\/es\/","name":"Confederaci\u00f3 Mundial de Penyes del FC Barcelona","description":"C.M. Penyes FC Barcelona","publisher":{"@id":"https:\/\/confederaciopenyes.cat\/es\/#organization"},"potentialAction":[{"@type":"SearchAction","target":{"@type":"EntryPoint","urlTemplate":"https:\/\/confederaciopenyes.cat\/es\/?s={search_term_string}"},"query-input":{"@type":"PropertyValueSpecification","valueRequired":true,"valueName":"search_term_string"}}],"inLanguage":"es"},{"@type":"Organization","@id":"https:\/\/confederaciopenyes.cat\/es\/#organization","name":"Confederaci\u00f3 Mundial de Penyes del FC Barcelona","url":"https:\/\/confederaciopenyes.cat\/es\/","logo":{"@type":"ImageObject","inLanguage":"es","@id":"https:\/\/confederaciopenyes.cat\/es\/#\/schema\/logo\/image\/","url":"https:\/\/confederaciopenyes.cat\/wp-content\/uploads\/2022\/07\/cropped-logo_horizontal.png","contentUrl":"https:\/\/confederaciopenyes.cat\/wp-content\/uploads\/2022\/07\/cropped-logo_horizontal.png","width":1320,"height":309,"caption":"Confederaci\u00f3 Mundial de Penyes del FC Barcelona"},"image":{"@id":"https:\/\/confederaciopenyes.cat\/es\/#\/schema\/logo\/image\/"},"sameAs":["https:\/\/www.facebook.com\/ConfederacioMundialPenyesFCB","https:\/\/x.com\/ConfePenyesFCB","https:\/\/www.instagram.com\/confepenyesfcb\/"]},{"@type":"Person","@id":"https:\/\/confederaciopenyes.cat\/es\/#\/schema\/person\/337072f6daef87a85aa59aa1f134387c","name":"Confederaci\u00f3 Mundial de Penyes del FC Barcelona","image":{"@type":"ImageObject","inLanguage":"es","@id":"https:\/\/secure.gravatar.com\/avatar\/98c60c7405ff843b10aec55db652bd3f5cb4320ef331ae76c156819a62194328?s=96&d=mm&r=g","url":"https:\/\/secure.gravatar.com\/avatar\/98c60c7405ff843b10aec55db652bd3f5cb4320ef331ae76c156819a62194328?s=96&d=mm&r=g","contentUrl":"https:\/\/secure.gravatar.com\/avatar\/98c60c7405ff843b10aec55db652bd3f5cb4320ef331ae76c156819a62194328?s=96&d=mm&r=g","caption":"Confederaci\u00f3 Mundial de Penyes del FC Barcelona"},"url":"https:\/\/confederaciopenyes.cat\/es\/author\/comunicacioconfederaciopenyes-cat\/"}]}},"_links":{"self":[{"href":"https:\/\/confederaciopenyes.cat\/es\/wp-json\/wp\/v2\/posts\/7716","targetHints":{"allow":["GET"]}}],"collection":[{"href":"https:\/\/confederaciopenyes.cat\/es\/wp-json\/wp\/v2\/posts"}],"about":[{"href":"https:\/\/confederaciopenyes.cat\/es\/wp-json\/wp\/v2\/types\/post"}],"author":[{"embeddable":true,"href":"https:\/\/confederaciopenyes.cat\/es\/wp-json\/wp\/v2\/users\/4"}],"replies":[{"embeddable":true,"href":"https:\/\/confederaciopenyes.cat\/es\/wp-json\/wp\/v2\/comments?post=7716"}],"version-history":[{"count":2,"href":"https:\/\/confederaciopenyes.cat\/es\/wp-json\/wp\/v2\/posts\/7716\/revisions"}],"predecessor-version":[{"id":7722,"href":"https:\/\/confederaciopenyes.cat\/es\/wp-json\/wp\/v2\/posts\/7716\/revisions\/7722"}],"wp:featuredmedia":[{"embeddable":true,"href":"https:\/\/confederaciopenyes.cat\/es\/wp-json\/wp\/v2\/media\/6287"}],"wp:attachment":[{"href":"https:\/\/confederaciopenyes.cat\/es\/wp-json\/wp\/v2\/media?parent=7716"}],"wp:term":[{"taxonomy":"category","embeddable":true,"href":"https:\/\/confederaciopenyes.cat\/es\/wp-json\/wp\/v2\/categories?post=7716"},{"taxonomy":"post_tag","embeddable":true,"href":"https:\/\/confederaciopenyes.cat\/es\/wp-json\/wp\/v2\/tags?post=7716"}],"curies":[{"name":"wp","href":"https:\/\/api.w.org\/{rel}","templated":true}]}}