{"id":9517,"date":"2023-11-23T12:48:41","date_gmt":"2023-11-23T11:48:41","guid":{"rendered":"https:\/\/confederaciopenyes.cat\/?p=9517"},"modified":"2023-11-23T13:55:44","modified_gmt":"2023-11-23T12:55:44","slug":"aniversarios-penas-la-garriga-escala-tosiria","status":"publish","type":"post","link":"https:\/\/confederaciopenyes.cat\/es\/aniversarios-penas-la-garriga-escala-tosiria\/","title":{"rendered":"Aniversarios de pe\u00f1as en La Garriga, L&#8217;Escala y Tosiria"},"content":{"rendered":"\n<p>El \u00faltimo fin de semana ha sido marcado por la parada del primer equipo de f\u00fatbol para disputarse jornadas de selecciones, hecho que aprovecharon <strong>varias pe\u00f1as para celebrar sus respectivos aniversarios<\/strong>.<\/p>\n\n\n\n<p>Una de ellas fue la<strong> <a href=\"https:\/\/www.facebook.com\/people\/Penya-Barcelonista-la-Garriga\/100005246446967\/\">Penya Barcelonista La Garriga<\/a><\/strong> (Federaci\u00f3 Vall\u00e8s), que hizo una serie de actos durante todo el fin de semana para conmemorar su <strong>40\u00ba aniversario<\/strong>. Empez\u00f3 viernes con una actuaci\u00f3n de rock, como previa de la celebraci\u00f3n de gala que tuvo lugar s\u00e1bado. Con la presencia de sus pe\u00f1istas y encabezados por la presidenta de la PB La Garriga, <strong>Montserrat Baldich<\/strong>, adem\u00e1s de<strong> Jordi Pueyo<\/strong>, miembro de la Comisi\u00f3n Social del FC Barcelona, se hizo una comida de hermandad con el<strong> especial homenaje a la socia m\u00e1s antigua, Magdalena Bufi.<\/strong> Tambi\u00e9n asisti\u00f3 Antoni Olmo, miembro de la Agrupaci\u00f3 Bar\u00e7a Jugadors. La alcaldesa de la localidad, <strong>Meritxell Bud\u00f3<\/strong>, y el regidor de Deportes<strong> \u00c0lex Gil <\/strong>fueron los representantes del consistorio de La Garriga. Se dieron <strong>obsequios azulgranas a todos los participantes<\/strong>. El domingo, en la sede de la pe\u00f1a, hubo un <strong>visionado conjunto del Cl\u00e1sico femenino<\/strong> y se celebr\u00f3 la victoria enfrente el eterno rival.<\/p>\n\n\n\n<h6 class=\"wp-block-heading\" id=\"h-l-escala-y-tosiria-tambien-se-visten-de-gala\"><strong>L&#8217;Escala y Tosiria tambi\u00e9n se visten de gala<\/strong><\/h6>\n\n\n\n<p>Otra pe\u00f1a que vivi\u00f3 una jornada festiva fue la<strong><a href=\"https:\/\/www.instagram.com\/pb_lescala\/\"> Penya Blaugrana l&#8217;Escala<\/a><\/strong> (Federaci\u00f3 Empord\u00e0 i Catalunya Nord), que celebr\u00f3 el<strong> 44\u00ba aniversario <\/strong>con la presencia de unos<strong> 100 pe\u00f1istas<\/strong> y con<strong> miembros de otras cinco pe\u00f1as<\/strong>: <strong>PB Colliure, PB Alt Empord\u00e0, PB Blanes, PB Santpedor y PB Solera Calella.<\/strong> El acto estuvo encabezado por <strong>David Falg\u00e0s<\/strong>, presidente de la PB L&#8217;Escala y de la Federaci\u00f3 Empord\u00e0 i Catalunya Nord, y cont\u00f3 con la presencia de <strong>Toni Valverde<\/strong>, presidente de la Federaci\u00f3 de Penyes del Bages, Bergued\u00e0 i Cerdanya, y, en representaci\u00f3n del FC Barcelona, de <strong>Gabriel Cid<\/strong>, miembro de la Comisi\u00f3n Social. En representaci\u00f3n del Ayuntamiento de L&#8217;Escala, participaron el alcalde, <strong>Josep Bofill<\/strong>, y la regidora <strong>Cristina Viegas<\/strong>. Tampoco se lo perdi\u00f3 <strong>Pitu Comadevall<\/strong>, miembro de la Agrupaci\u00f3 Bar\u00e7a Jugadors. Para acabar el d\u00eda festivo y de hermandad, se hicieron <strong>sorteos de regalos aportados por establecimientos comerciales de l&#8217;Escala<\/strong> y hubo una actuaci\u00f3n musical.<\/p>\n\n\n\n<p>Tambi\u00e9n el domingo, la <strong><a href=\"https:\/\/www.fepebacm.com\/pena-barcelonista-tosiria\">Pe\u00f1a Barcelonista Tosiria<\/a><\/strong> (Federaci\u00f3n Andaluc\u00eda, Ceuta y Melilla) conmemor\u00f3 su <strong>17\u00ba aniversario <\/strong>en medio de un ambiente muy festivo con sus pe\u00f1istas y amigos. En total, participaron<strong> m\u00e1s de 150 personas<\/strong>. Al final del acto, se entreg\u00f3 unos detalles especiales a dos socios de la pe\u00f1a especialmente estimados: David Mayor y Pablo Jim\u00e9nez. Fue una<strong> jornada memorable para todos los asistentes<\/strong>.<\/p>\n\n\n\n<figure class=\"wp-block-gallery has-nested-images columns-2 wp-block-gallery-1 is-layout-flex wp-block-gallery-is-layout-flex\">\n<figure class=\"wp-block-image size-large\"><a href=\"https:\/\/confederaciopenyes.cat\/wp-content\/uploads\/2023\/11\/IMG-20231120-WA0023-1.jpg\"><img decoding=\"async\" width=\"1024\" height=\"768\" data-id=\"9525\" data-src=\"https:\/\/confederaciopenyes.cat\/wp-content\/uploads\/2023\/11\/IMG-20231120-WA0023-1-1024x768.jpg\" alt=\"\" class=\"wp-image-9525 lazyload\" data-srcset=\"https:\/\/confederaciopenyes.cat\/wp-content\/uploads\/2023\/11\/IMG-20231120-WA0023-1-1024x768.jpg 1024w, https:\/\/confederaciopenyes.cat\/wp-content\/uploads\/2023\/11\/IMG-20231120-WA0023-1-300x225.jpg 300w, https:\/\/confederaciopenyes.cat\/wp-content\/uploads\/2023\/11\/IMG-20231120-WA0023-1-768x576.jpg 768w, https:\/\/confederaciopenyes.cat\/wp-content\/uploads\/2023\/11\/IMG-20231120-WA0023-1-1536x1152.jpg 1536w, https:\/\/confederaciopenyes.cat\/wp-content\/uploads\/2023\/11\/IMG-20231120-WA0023-1.jpg 1600w\" data-sizes=\"(max-width: 1024px) 100vw, 1024px\" src=\"data:image\/svg+xml;base64,PHN2ZyB3aWR0aD0iMSIgaGVpZ2h0PSIxIiB4bWxucz0iaHR0cDovL3d3dy53My5vcmcvMjAwMC9zdmciPjwvc3ZnPg==\" style=\"--smush-placeholder-width: 1024px; --smush-placeholder-aspect-ratio: 1024\/768;\" \/><\/a><\/figure>\n\n\n\n<figure class=\"wp-block-image size-large\"><a href=\"https:\/\/confederaciopenyes.cat\/wp-content\/uploads\/2023\/11\/Imagen-de-WhatsApp-2023-11-21-a-las-13.41.52_b24dbc23-1-edited.jpg\"><img decoding=\"async\" width=\"768\" height=\"576\" data-id=\"9523\" data-src=\"https:\/\/confederaciopenyes.cat\/wp-content\/uploads\/2023\/11\/Imagen-de-WhatsApp-2023-11-21-a-las-13.41.52_b24dbc23-1-edited.jpg\" alt=\"\" class=\"wp-image-9523 lazyload\" data-srcset=\"https:\/\/confederaciopenyes.cat\/wp-content\/uploads\/2023\/11\/Imagen-de-WhatsApp-2023-11-21-a-las-13.41.52_b24dbc23-1-edited.jpg 768w, https:\/\/confederaciopenyes.cat\/wp-content\/uploads\/2023\/11\/Imagen-de-WhatsApp-2023-11-21-a-las-13.41.52_b24dbc23-1-edited-300x225.jpg 300w\" data-sizes=\"(max-width: 768px) 100vw, 768px\" src=\"data:image\/svg+xml;base64,PHN2ZyB3aWR0aD0iMSIgaGVpZ2h0PSIxIiB4bWxucz0iaHR0cDovL3d3dy53My5vcmcvMjAwMC9zdmciPjwvc3ZnPg==\" style=\"--smush-placeholder-width: 768px; --smush-placeholder-aspect-ratio: 768\/576;\" \/><\/a><\/figure>\n\n\n\n<figure class=\"wp-block-image size-large\"><a href=\"https:\/\/confederaciopenyes.cat\/wp-content\/uploads\/2023\/11\/IMG-20231120-WA0022-1-1.jpg\"><img decoding=\"async\" width=\"1024\" height=\"768\" data-id=\"9522\" data-src=\"https:\/\/confederaciopenyes.cat\/wp-content\/uploads\/2023\/11\/IMG-20231120-WA0022-1-1-1024x768.jpg\" alt=\"\" class=\"wp-image-9522 lazyload\" data-srcset=\"https:\/\/confederaciopenyes.cat\/wp-content\/uploads\/2023\/11\/IMG-20231120-WA0022-1-1-1024x768.jpg 1024w, https:\/\/confederaciopenyes.cat\/wp-content\/uploads\/2023\/11\/IMG-20231120-WA0022-1-1-300x225.jpg 300w, https:\/\/confederaciopenyes.cat\/wp-content\/uploads\/2023\/11\/IMG-20231120-WA0022-1-1-768x576.jpg 768w, https:\/\/confederaciopenyes.cat\/wp-content\/uploads\/2023\/11\/IMG-20231120-WA0022-1-1-1536x1152.jpg 1536w, https:\/\/confederaciopenyes.cat\/wp-content\/uploads\/2023\/11\/IMG-20231120-WA0022-1-1.jpg 2048w\" data-sizes=\"(max-width: 1024px) 100vw, 1024px\" src=\"data:image\/svg+xml;base64,PHN2ZyB3aWR0aD0iMSIgaGVpZ2h0PSIxIiB4bWxucz0iaHR0cDovL3d3dy53My5vcmcvMjAwMC9zdmciPjwvc3ZnPg==\" style=\"--smush-placeholder-width: 1024px; --smush-placeholder-aspect-ratio: 1024\/768;\" \/><\/a><\/figure>\n\n\n\n<figure class=\"wp-block-image size-large\"><a href=\"https:\/\/confederaciopenyes.cat\/wp-content\/uploads\/2023\/11\/IMG-20231120-WA0014-1-1.jpg\"><img decoding=\"async\" width=\"1024\" height=\"768\" data-id=\"9521\" data-src=\"https:\/\/confederaciopenyes.cat\/wp-content\/uploads\/2023\/11\/IMG-20231120-WA0014-1-1-1024x768.jpg\" alt=\"\" class=\"wp-image-9521 lazyload\" data-srcset=\"https:\/\/confederaciopenyes.cat\/wp-content\/uploads\/2023\/11\/IMG-20231120-WA0014-1-1-1024x768.jpg 1024w, https:\/\/confederaciopenyes.cat\/wp-content\/uploads\/2023\/11\/IMG-20231120-WA0014-1-1-300x225.jpg 300w, https:\/\/confederaciopenyes.cat\/wp-content\/uploads\/2023\/11\/IMG-20231120-WA0014-1-1-768x576.jpg 768w, https:\/\/confederaciopenyes.cat\/wp-content\/uploads\/2023\/11\/IMG-20231120-WA0014-1-1-1536x1152.jpg 1536w, https:\/\/confederaciopenyes.cat\/wp-content\/uploads\/2023\/11\/IMG-20231120-WA0014-1-1.jpg 2048w\" data-sizes=\"(max-width: 1024px) 100vw, 1024px\" src=\"data:image\/svg+xml;base64,PHN2ZyB3aWR0aD0iMSIgaGVpZ2h0PSIxIiB4bWxucz0iaHR0cDovL3d3dy53My5vcmcvMjAwMC9zdmciPjwvc3ZnPg==\" style=\"--smush-placeholder-width: 1024px; --smush-placeholder-aspect-ratio: 1024\/768;\" \/><\/a><\/figure>\n<\/figure>\n","protected":false},"excerpt":{"rendered":"<p>El \u00faltimo fin de semana ha sido marcado por la parada del primer equipo de f\u00fatbol para disputarse jornadas de selecciones, hecho que aprovecharon varias pe\u00f1as para celebrar sus respectivos aniversarios. Una de ellas fue la Penya Barcelonista La Garriga (Federaci\u00f3 Vall\u00e8s), que hizo una serie de actos durante todo el fin de semana para &#8230; <a title=\"Aniversarios de pe\u00f1as en La Garriga, L&#8217;Escala y Tosiria\" class=\"read-more\" href=\"https:\/\/confederaciopenyes.cat\/es\/aniversarios-penas-la-garriga-escala-tosiria\/\" aria-label=\"Leer m\u00e1s sobre Aniversarios de pe\u00f1as en La Garriga, L&#8217;Escala y Tosiria\">Leer m\u00e1s<\/a><\/p>\n","protected":false},"author":4,"featured_media":9504,"comment_status":"closed","ping_status":"open","sticky":false,"template":"","format":"standard","meta":{"_acf_changed":false,"footnotes":""},"categories":[1],"tags":[140,114,116],"class_list":["post-9517","post","type-post","status-publish","format-standard","has-post-thumbnail","hentry","category-noticias-es","tag-confederacion-mundial-de-penas","tag-noticias","tag-penas"],"acf":[],"yoast_head":"<!-- This site is optimized with the Yoast SEO Premium plugin v27.5 (Yoast SEO v27.5) - https:\/\/yoast.com\/product\/yoast-seo-premium-wordpress\/ -->\n<title>Aniversarios de pe\u00f1as en La Garriga, L&#039;Escala y Tosiria - C. M. P<\/title>\n<meta name=\"description\" content=\"El \u00faltimo fin de semana coincidieron varios aniversarios de pe\u00f1as, como la PB La Garriga, la PB L&#039;Escala y la PB Tosiria.\" \/>\n<meta name=\"robots\" content=\"index, follow, max-snippet:-1, max-image-preview:large, max-video-preview:-1\" \/>\n<link rel=\"canonical\" href=\"https:\/\/confederaciopenyes.cat\/es\/aniversarios-penas-la-garriga-escala-tosiria\/\" \/>\n<meta property=\"og:locale\" content=\"es_ES\" \/>\n<meta property=\"og:type\" content=\"article\" \/>\n<meta property=\"og:title\" content=\"Aniversarios de pe\u00f1as en La Garriga, L&#039;Escala y Tosiria\" \/>\n<meta property=\"og:description\" content=\"El \u00faltimo fin de semana coincidieron varios aniversarios de pe\u00f1as, como la PB La Garriga, la PB L&#039;Escala y la PB Tosiria.\" \/>\n<meta property=\"og:url\" content=\"https:\/\/confederaciopenyes.cat\/es\/aniversarios-penas-la-garriga-escala-tosiria\/\" \/>\n<meta property=\"og:site_name\" content=\"Confederaci\u00f3 Mundial de Penyes del FC Barcelona\" \/>\n<meta property=\"article:publisher\" content=\"https:\/\/www.facebook.com\/ConfederacioMundialPenyesFCB\" \/>\n<meta property=\"article:published_time\" content=\"2023-11-23T11:48:41+00:00\" \/>\n<meta property=\"article:modified_time\" content=\"2023-11-23T12:55:44+00:00\" \/>\n<meta property=\"og:image\" content=\"https:\/\/confederaciopenyes.cat\/wp-content\/uploads\/2023\/11\/Imagen-de-WhatsApp-2023-11-21-a-las-13.41.52_f7336990.jpg\" \/>\n\t<meta property=\"og:image:width\" content=\"1024\" \/>\n\t<meta property=\"og:image:height\" content=\"768\" \/>\n\t<meta property=\"og:image:type\" content=\"image\/jpeg\" \/>\n<meta name=\"author\" content=\"Confederaci\u00f3 Mundial de Penyes del FC Barcelona\" \/>\n<meta name=\"twitter:card\" content=\"summary_large_image\" \/>\n<meta name=\"twitter:creator\" content=\"@ConfePenyesFCB\" \/>\n<meta name=\"twitter:site\" content=\"@ConfePenyesFCB\" \/>\n<meta name=\"twitter:label1\" content=\"Escrito por\" \/>\n\t<meta name=\"twitter:data1\" content=\"Confederaci\u00f3 Mundial de Penyes del FC Barcelona\" \/>\n\t<meta name=\"twitter:label2\" content=\"Tiempo de lectura\" \/>\n\t<meta name=\"twitter:data2\" content=\"3 minutos\" \/>\n<script type=\"application\/ld+json\" class=\"yoast-schema-graph\">{\"@context\":\"https:\\\/\\\/schema.org\",\"@graph\":[{\"@type\":\"Article\",\"@id\":\"https:\\\/\\\/confederaciopenyes.cat\\\/es\\\/aniversarios-penas-la-garriga-escala-tosiria\\\/#article\",\"isPartOf\":{\"@id\":\"https:\\\/\\\/confederaciopenyes.cat\\\/es\\\/aniversarios-penas-la-garriga-escala-tosiria\\\/\"},\"author\":{\"name\":\"Confederaci\u00f3 Mundial de Penyes del FC Barcelona\",\"@id\":\"https:\\\/\\\/confederaciopenyes.cat\\\/es\\\/#\\\/schema\\\/person\\\/337072f6daef87a85aa59aa1f134387c\"},\"headline\":\"Aniversarios de pe\u00f1as en La Garriga, L&#8217;Escala y Tosiria\",\"datePublished\":\"2023-11-23T11:48:41+00:00\",\"dateModified\":\"2023-11-23T12:55:44+00:00\",\"mainEntityOfPage\":{\"@id\":\"https:\\\/\\\/confederaciopenyes.cat\\\/es\\\/aniversarios-penas-la-garriga-escala-tosiria\\\/\"},\"wordCount\":459,\"publisher\":{\"@id\":\"https:\\\/\\\/confederaciopenyes.cat\\\/es\\\/#organization\"},\"image\":{\"@id\":\"https:\\\/\\\/confederaciopenyes.cat\\\/es\\\/aniversarios-penas-la-garriga-escala-tosiria\\\/#primaryimage\"},\"thumbnailUrl\":\"https:\\\/\\\/confederaciopenyes.cat\\\/wp-content\\\/uploads\\\/2023\\\/11\\\/Imagen-de-WhatsApp-2023-11-21-a-las-13.41.52_f7336990.jpg\",\"keywords\":[\"confederaci\u00f3n mundial de pe\u00f1as\",\"noticias\",\"pe\u00f1as\"],\"articleSection\":[\"Noticias\"],\"inLanguage\":\"es\"},{\"@type\":\"WebPage\",\"@id\":\"https:\\\/\\\/confederaciopenyes.cat\\\/es\\\/aniversarios-penas-la-garriga-escala-tosiria\\\/\",\"url\":\"https:\\\/\\\/confederaciopenyes.cat\\\/es\\\/aniversarios-penas-la-garriga-escala-tosiria\\\/\",\"name\":\"Aniversarios de pe\u00f1as en La Garriga, L'Escala y Tosiria - C. M. P\",\"isPartOf\":{\"@id\":\"https:\\\/\\\/confederaciopenyes.cat\\\/es\\\/#website\"},\"primaryImageOfPage\":{\"@id\":\"https:\\\/\\\/confederaciopenyes.cat\\\/es\\\/aniversarios-penas-la-garriga-escala-tosiria\\\/#primaryimage\"},\"image\":{\"@id\":\"https:\\\/\\\/confederaciopenyes.cat\\\/es\\\/aniversarios-penas-la-garriga-escala-tosiria\\\/#primaryimage\"},\"thumbnailUrl\":\"https:\\\/\\\/confederaciopenyes.cat\\\/wp-content\\\/uploads\\\/2023\\\/11\\\/Imagen-de-WhatsApp-2023-11-21-a-las-13.41.52_f7336990.jpg\",\"datePublished\":\"2023-11-23T11:48:41+00:00\",\"dateModified\":\"2023-11-23T12:55:44+00:00\",\"description\":\"El \u00faltimo fin de semana coincidieron varios aniversarios de pe\u00f1as, como la PB La Garriga, la PB L'Escala y la PB Tosiria.\",\"breadcrumb\":{\"@id\":\"https:\\\/\\\/confederaciopenyes.cat\\\/es\\\/aniversarios-penas-la-garriga-escala-tosiria\\\/#breadcrumb\"},\"inLanguage\":\"es\",\"potentialAction\":[{\"@type\":\"ReadAction\",\"target\":[\"https:\\\/\\\/confederaciopenyes.cat\\\/es\\\/aniversarios-penas-la-garriga-escala-tosiria\\\/\"]}]},{\"@type\":\"ImageObject\",\"inLanguage\":\"es\",\"@id\":\"https:\\\/\\\/confederaciopenyes.cat\\\/es\\\/aniversarios-penas-la-garriga-escala-tosiria\\\/#primaryimage\",\"url\":\"https:\\\/\\\/confederaciopenyes.cat\\\/wp-content\\\/uploads\\\/2023\\\/11\\\/Imagen-de-WhatsApp-2023-11-21-a-las-13.41.52_f7336990.jpg\",\"contentUrl\":\"https:\\\/\\\/confederaciopenyes.cat\\\/wp-content\\\/uploads\\\/2023\\\/11\\\/Imagen-de-WhatsApp-2023-11-21-a-las-13.41.52_f7336990.jpg\",\"width\":1024,\"height\":768},{\"@type\":\"BreadcrumbList\",\"@id\":\"https:\\\/\\\/confederaciopenyes.cat\\\/es\\\/aniversarios-penas-la-garriga-escala-tosiria\\\/#breadcrumb\",\"itemListElement\":[{\"@type\":\"ListItem\",\"position\":1,\"name\":\"Inici\",\"item\":\"https:\\\/\\\/confederaciopenyes.cat\\\/es\\\/\"},{\"@type\":\"ListItem\",\"position\":2,\"name\":\"Aniversarios de pe\u00f1as en La Garriga, L&#8217;Escala y Tosiria\"}]},{\"@type\":\"WebSite\",\"@id\":\"https:\\\/\\\/confederaciopenyes.cat\\\/es\\\/#website\",\"url\":\"https:\\\/\\\/confederaciopenyes.cat\\\/es\\\/\",\"name\":\"Confederaci\u00f3 Mundial de Penyes del FC Barcelona\",\"description\":\"C.M. Penyes FC Barcelona\",\"publisher\":{\"@id\":\"https:\\\/\\\/confederaciopenyes.cat\\\/es\\\/#organization\"},\"potentialAction\":[{\"@type\":\"SearchAction\",\"target\":{\"@type\":\"EntryPoint\",\"urlTemplate\":\"https:\\\/\\\/confederaciopenyes.cat\\\/es\\\/?s={search_term_string}\"},\"query-input\":{\"@type\":\"PropertyValueSpecification\",\"valueRequired\":true,\"valueName\":\"search_term_string\"}}],\"inLanguage\":\"es\"},{\"@type\":\"Organization\",\"@id\":\"https:\\\/\\\/confederaciopenyes.cat\\\/es\\\/#organization\",\"name\":\"Confederaci\u00f3 Mundial de Penyes del FC Barcelona\",\"url\":\"https:\\\/\\\/confederaciopenyes.cat\\\/es\\\/\",\"logo\":{\"@type\":\"ImageObject\",\"inLanguage\":\"es\",\"@id\":\"https:\\\/\\\/confederaciopenyes.cat\\\/es\\\/#\\\/schema\\\/logo\\\/image\\\/\",\"url\":\"https:\\\/\\\/confederaciopenyes.cat\\\/wp-content\\\/uploads\\\/2022\\\/07\\\/cropped-logo_horizontal.png\",\"contentUrl\":\"https:\\\/\\\/confederaciopenyes.cat\\\/wp-content\\\/uploads\\\/2022\\\/07\\\/cropped-logo_horizontal.png\",\"width\":1320,\"height\":309,\"caption\":\"Confederaci\u00f3 Mundial de Penyes del FC Barcelona\"},\"image\":{\"@id\":\"https:\\\/\\\/confederaciopenyes.cat\\\/es\\\/#\\\/schema\\\/logo\\\/image\\\/\"},\"sameAs\":[\"https:\\\/\\\/www.facebook.com\\\/ConfederacioMundialPenyesFCB\",\"https:\\\/\\\/x.com\\\/ConfePenyesFCB\",\"https:\\\/\\\/www.instagram.com\\\/confepenyesfcb\\\/\"]},{\"@type\":\"Person\",\"@id\":\"https:\\\/\\\/confederaciopenyes.cat\\\/es\\\/#\\\/schema\\\/person\\\/337072f6daef87a85aa59aa1f134387c\",\"name\":\"Confederaci\u00f3 Mundial de Penyes del FC Barcelona\",\"image\":{\"@type\":\"ImageObject\",\"inLanguage\":\"es\",\"@id\":\"https:\\\/\\\/secure.gravatar.com\\\/avatar\\\/98c60c7405ff843b10aec55db652bd3f5cb4320ef331ae76c156819a62194328?s=96&d=mm&r=g\",\"url\":\"https:\\\/\\\/secure.gravatar.com\\\/avatar\\\/98c60c7405ff843b10aec55db652bd3f5cb4320ef331ae76c156819a62194328?s=96&d=mm&r=g\",\"contentUrl\":\"https:\\\/\\\/secure.gravatar.com\\\/avatar\\\/98c60c7405ff843b10aec55db652bd3f5cb4320ef331ae76c156819a62194328?s=96&d=mm&r=g\",\"caption\":\"Confederaci\u00f3 Mundial de Penyes del FC Barcelona\"},\"url\":\"https:\\\/\\\/confederaciopenyes.cat\\\/es\\\/author\\\/comunicacioconfederaciopenyes-cat\\\/\"}]}<\/script>\n<!-- \/ Yoast SEO Premium plugin. -->","yoast_head_json":{"title":"Aniversarios de pe\u00f1as en La Garriga, L'Escala y Tosiria - C. M. P","description":"El \u00faltimo fin de semana coincidieron varios aniversarios de pe\u00f1as, como la PB La Garriga, la PB L'Escala y la PB Tosiria.","robots":{"index":"index","follow":"follow","max-snippet":"max-snippet:-1","max-image-preview":"max-image-preview:large","max-video-preview":"max-video-preview:-1"},"canonical":"https:\/\/confederaciopenyes.cat\/es\/aniversarios-penas-la-garriga-escala-tosiria\/","og_locale":"es_ES","og_type":"article","og_title":"Aniversarios de pe\u00f1as en La Garriga, L'Escala y Tosiria","og_description":"El \u00faltimo fin de semana coincidieron varios aniversarios de pe\u00f1as, como la PB La Garriga, la PB L'Escala y la PB Tosiria.","og_url":"https:\/\/confederaciopenyes.cat\/es\/aniversarios-penas-la-garriga-escala-tosiria\/","og_site_name":"Confederaci\u00f3 Mundial de Penyes del FC Barcelona","article_publisher":"https:\/\/www.facebook.com\/ConfederacioMundialPenyesFCB","article_published_time":"2023-11-23T11:48:41+00:00","article_modified_time":"2023-11-23T12:55:44+00:00","og_image":[{"width":1024,"height":768,"url":"https:\/\/confederaciopenyes.cat\/wp-content\/uploads\/2023\/11\/Imagen-de-WhatsApp-2023-11-21-a-las-13.41.52_f7336990.jpg","type":"image\/jpeg"}],"author":"Confederaci\u00f3 Mundial de Penyes del FC Barcelona","twitter_card":"summary_large_image","twitter_creator":"@ConfePenyesFCB","twitter_site":"@ConfePenyesFCB","twitter_misc":{"Escrito por":"Confederaci\u00f3 Mundial de Penyes del FC Barcelona","Tiempo de lectura":"3 minutos"},"schema":{"@context":"https:\/\/schema.org","@graph":[{"@type":"Article","@id":"https:\/\/confederaciopenyes.cat\/es\/aniversarios-penas-la-garriga-escala-tosiria\/#article","isPartOf":{"@id":"https:\/\/confederaciopenyes.cat\/es\/aniversarios-penas-la-garriga-escala-tosiria\/"},"author":{"name":"Confederaci\u00f3 Mundial de Penyes del FC Barcelona","@id":"https:\/\/confederaciopenyes.cat\/es\/#\/schema\/person\/337072f6daef87a85aa59aa1f134387c"},"headline":"Aniversarios de pe\u00f1as en La Garriga, L&#8217;Escala y Tosiria","datePublished":"2023-11-23T11:48:41+00:00","dateModified":"2023-11-23T12:55:44+00:00","mainEntityOfPage":{"@id":"https:\/\/confederaciopenyes.cat\/es\/aniversarios-penas-la-garriga-escala-tosiria\/"},"wordCount":459,"publisher":{"@id":"https:\/\/confederaciopenyes.cat\/es\/#organization"},"image":{"@id":"https:\/\/confederaciopenyes.cat\/es\/aniversarios-penas-la-garriga-escala-tosiria\/#primaryimage"},"thumbnailUrl":"https:\/\/confederaciopenyes.cat\/wp-content\/uploads\/2023\/11\/Imagen-de-WhatsApp-2023-11-21-a-las-13.41.52_f7336990.jpg","keywords":["confederaci\u00f3n mundial de pe\u00f1as","noticias","pe\u00f1as"],"articleSection":["Noticias"],"inLanguage":"es"},{"@type":"WebPage","@id":"https:\/\/confederaciopenyes.cat\/es\/aniversarios-penas-la-garriga-escala-tosiria\/","url":"https:\/\/confederaciopenyes.cat\/es\/aniversarios-penas-la-garriga-escala-tosiria\/","name":"Aniversarios de pe\u00f1as en La Garriga, L'Escala y Tosiria - C. M. P","isPartOf":{"@id":"https:\/\/confederaciopenyes.cat\/es\/#website"},"primaryImageOfPage":{"@id":"https:\/\/confederaciopenyes.cat\/es\/aniversarios-penas-la-garriga-escala-tosiria\/#primaryimage"},"image":{"@id":"https:\/\/confederaciopenyes.cat\/es\/aniversarios-penas-la-garriga-escala-tosiria\/#primaryimage"},"thumbnailUrl":"https:\/\/confederaciopenyes.cat\/wp-content\/uploads\/2023\/11\/Imagen-de-WhatsApp-2023-11-21-a-las-13.41.52_f7336990.jpg","datePublished":"2023-11-23T11:48:41+00:00","dateModified":"2023-11-23T12:55:44+00:00","description":"El \u00faltimo fin de semana coincidieron varios aniversarios de pe\u00f1as, como la PB La Garriga, la PB L'Escala y la PB Tosiria.","breadcrumb":{"@id":"https:\/\/confederaciopenyes.cat\/es\/aniversarios-penas-la-garriga-escala-tosiria\/#breadcrumb"},"inLanguage":"es","potentialAction":[{"@type":"ReadAction","target":["https:\/\/confederaciopenyes.cat\/es\/aniversarios-penas-la-garriga-escala-tosiria\/"]}]},{"@type":"ImageObject","inLanguage":"es","@id":"https:\/\/confederaciopenyes.cat\/es\/aniversarios-penas-la-garriga-escala-tosiria\/#primaryimage","url":"https:\/\/confederaciopenyes.cat\/wp-content\/uploads\/2023\/11\/Imagen-de-WhatsApp-2023-11-21-a-las-13.41.52_f7336990.jpg","contentUrl":"https:\/\/confederaciopenyes.cat\/wp-content\/uploads\/2023\/11\/Imagen-de-WhatsApp-2023-11-21-a-las-13.41.52_f7336990.jpg","width":1024,"height":768},{"@type":"BreadcrumbList","@id":"https:\/\/confederaciopenyes.cat\/es\/aniversarios-penas-la-garriga-escala-tosiria\/#breadcrumb","itemListElement":[{"@type":"ListItem","position":1,"name":"Inici","item":"https:\/\/confederaciopenyes.cat\/es\/"},{"@type":"ListItem","position":2,"name":"Aniversarios de pe\u00f1as en La Garriga, L&#8217;Escala y Tosiria"}]},{"@type":"WebSite","@id":"https:\/\/confederaciopenyes.cat\/es\/#website","url":"https:\/\/confederaciopenyes.cat\/es\/","name":"Confederaci\u00f3 Mundial de Penyes del FC Barcelona","description":"C.M. Penyes FC Barcelona","publisher":{"@id":"https:\/\/confederaciopenyes.cat\/es\/#organization"},"potentialAction":[{"@type":"SearchAction","target":{"@type":"EntryPoint","urlTemplate":"https:\/\/confederaciopenyes.cat\/es\/?s={search_term_string}"},"query-input":{"@type":"PropertyValueSpecification","valueRequired":true,"valueName":"search_term_string"}}],"inLanguage":"es"},{"@type":"Organization","@id":"https:\/\/confederaciopenyes.cat\/es\/#organization","name":"Confederaci\u00f3 Mundial de Penyes del FC Barcelona","url":"https:\/\/confederaciopenyes.cat\/es\/","logo":{"@type":"ImageObject","inLanguage":"es","@id":"https:\/\/confederaciopenyes.cat\/es\/#\/schema\/logo\/image\/","url":"https:\/\/confederaciopenyes.cat\/wp-content\/uploads\/2022\/07\/cropped-logo_horizontal.png","contentUrl":"https:\/\/confederaciopenyes.cat\/wp-content\/uploads\/2022\/07\/cropped-logo_horizontal.png","width":1320,"height":309,"caption":"Confederaci\u00f3 Mundial de Penyes del FC Barcelona"},"image":{"@id":"https:\/\/confederaciopenyes.cat\/es\/#\/schema\/logo\/image\/"},"sameAs":["https:\/\/www.facebook.com\/ConfederacioMundialPenyesFCB","https:\/\/x.com\/ConfePenyesFCB","https:\/\/www.instagram.com\/confepenyesfcb\/"]},{"@type":"Person","@id":"https:\/\/confederaciopenyes.cat\/es\/#\/schema\/person\/337072f6daef87a85aa59aa1f134387c","name":"Confederaci\u00f3 Mundial de Penyes del FC Barcelona","image":{"@type":"ImageObject","inLanguage":"es","@id":"https:\/\/secure.gravatar.com\/avatar\/98c60c7405ff843b10aec55db652bd3f5cb4320ef331ae76c156819a62194328?s=96&d=mm&r=g","url":"https:\/\/secure.gravatar.com\/avatar\/98c60c7405ff843b10aec55db652bd3f5cb4320ef331ae76c156819a62194328?s=96&d=mm&r=g","contentUrl":"https:\/\/secure.gravatar.com\/avatar\/98c60c7405ff843b10aec55db652bd3f5cb4320ef331ae76c156819a62194328?s=96&d=mm&r=g","caption":"Confederaci\u00f3 Mundial de Penyes del FC Barcelona"},"url":"https:\/\/confederaciopenyes.cat\/es\/author\/comunicacioconfederaciopenyes-cat\/"}]}},"_links":{"self":[{"href":"https:\/\/confederaciopenyes.cat\/es\/wp-json\/wp\/v2\/posts\/9517","targetHints":{"allow":["GET"]}}],"collection":[{"href":"https:\/\/confederaciopenyes.cat\/es\/wp-json\/wp\/v2\/posts"}],"about":[{"href":"https:\/\/confederaciopenyes.cat\/es\/wp-json\/wp\/v2\/types\/post"}],"author":[{"embeddable":true,"href":"https:\/\/confederaciopenyes.cat\/es\/wp-json\/wp\/v2\/users\/4"}],"replies":[{"embeddable":true,"href":"https:\/\/confederaciopenyes.cat\/es\/wp-json\/wp\/v2\/comments?post=9517"}],"version-history":[{"count":3,"href":"https:\/\/confederaciopenyes.cat\/es\/wp-json\/wp\/v2\/posts\/9517\/revisions"}],"predecessor-version":[{"id":9528,"href":"https:\/\/confederaciopenyes.cat\/es\/wp-json\/wp\/v2\/posts\/9517\/revisions\/9528"}],"wp:featuredmedia":[{"embeddable":true,"href":"https:\/\/confederaciopenyes.cat\/es\/wp-json\/wp\/v2\/media\/9504"}],"wp:attachment":[{"href":"https:\/\/confederaciopenyes.cat\/es\/wp-json\/wp\/v2\/media?parent=9517"}],"wp:term":[{"taxonomy":"category","embeddable":true,"href":"https:\/\/confederaciopenyes.cat\/es\/wp-json\/wp\/v2\/categories?post=9517"},{"taxonomy":"post_tag","embeddable":true,"href":"https:\/\/confederaciopenyes.cat\/es\/wp-json\/wp\/v2\/tags?post=9517"}],"curies":[{"name":"wp","href":"https:\/\/api.w.org\/{rel}","templated":true}]}}